{"id":34761,"date":"2022-02-11T06:53:40","date_gmt":"2022-02-11T06:53:40","guid":{"rendered":"http:\/\/elterritorialweb.com.ar\/web\/?p=34761"},"modified":"2022-02-11T06:53:41","modified_gmt":"2022-02-11T06:53:41","slug":"las-ministras-de-educacion-y-salud-destacaron-la-importancia-de-la-vacunacion-para-la-vuelta-a-clases","status":"publish","type":"post","link":"https:\/\/elterritorialweb.com.ar\/web\/las-ministras-de-educacion-y-salud-destacaron-la-importancia-de-la-vacunacion-para-la-vuelta-a-clases\/","title":{"rendered":"LAS MINISTRAS DE EDUCACI\u00d3N Y SALUD DESTACARON LA IMPORTANCIA DE LA VACUNACI\u00d3N PARA LA VUELTA A CLASES"},"content":{"rendered":"\n<p>El presidente Alberto Fern\u00e1ndez estuvo en el cierre de la reuni\u00f3n que se desarroll\u00f3 en el Museo del Bicentenario de la Casa Rosada y fue encabezada por los ministros de Salud, Carla Vizzotti, y de Educaci\u00f3n, Jaime Perczyk.<br>Las ministras de Salud, Natividad Nassif y de Educaci\u00f3n, Mariela Nassif, de nuestra provincia, participaron del encuentro junto a sus pares de las 24 jurisdicciones nacionales y referentes gremiales docentes.<br>En el acto, se present\u00f3 el protocolo de seis ejes para el inicio de clases en el contexto de la pandemia de Covid-19 que incluye asistencia cuidada, vacunaci\u00f3n, uso apropiado del barbijo, ventilaci\u00f3n, higiene y distanciamiento social. El objetivo es garantizar 190 d\u00edas de clase con presencialidad plena y continua.<br>Luego de la reuni\u00f3n, las ministras de Educaci\u00f3n y de Salud de la provincia manifestaron la adhesi\u00f3n de la provincia de Santiago del Estero al protocolo y coincidieron en destacar el trabajo conjunto que se realiz\u00f3 entre ambas carteras para definir un protocolo de car\u00e1cter general. No obstante, se\u00f1alaron que \u201ccomo jurisdicci\u00f3n, conforme a la vigilancia que se ir\u00e1 realizando de la situaci\u00f3n epidemiol\u00f3gica, podremos generar recomendaciones para garantizar condiciones seguras para la salud de los ni\u00f1os, ni\u00f1as y adolescentes en las aulas\u201d.<br>Por otro lado, destacaron que la implementaci\u00f3n de este protocolo es posible gracias al impacto de la hist\u00f3rica campa\u00f1a de vacunaci\u00f3n que desarroll\u00f3 la provincia y el pa\u00eds, tanto en docentes como en ni\u00f1os, ni\u00f1as y adolescentes. En este sentido, instaron a completar los esquemas de vacunaci\u00f3n, tomando conciencia que es una herramienta indispensable para cuidar la propia vida y la de los dem\u00e1s.<br>Hasta el 3 de febrero en Santiago del Estero, la cobertura de vacunaci\u00f3n en ni\u00f1os y ni\u00f1as es del 95% con primera dosis y 77% con segunda dosis. En tanto en adolescentes de 12 a 17 a\u00f1os, el 98% cuenta con primera dosis y el 81% con segunda dosis. \u201cNuestro gran desaf\u00edo es completar la vacunaci\u00f3n de ambas poblaciones antes del inicio del ciclo lectivo\u00bb, indicaron.<br>Para ello, recordaron que todos los vacunatorios permanentes est\u00e1n abiertos y cuentan con todas las vacunas disponibles, tanto los de Capital y La Banda como los hospitales del interior de la provincia. Los ni\u00f1os y ni\u00f1as de 3 a 11 a\u00f1os tambi\u00e9n pueden vacunarse en las UPAs y CAPs de Capital y La Banda.<br>Los puntos clave del protocolo Aula Segura<br>Las pautas buscan ser sencillas, posibles y tendientes a garantizar la presencialidad plena en condiciones de pandemia.<\/p>\n\n\n\n<figure class=\"wp-block-image size-full\"><a href=\"https:\/\/i0.wp.com\/elterritorialweb.com.ar\/web\/wp-content\/uploads\/2022\/02\/1644562393952_aula-segura1.jpeg\"><img data-recalc-dims=\"1\" decoding=\"async\" width=\"640\" height=\"402\" data-src=\"https:\/\/i0.wp.com\/elterritorialweb.com.ar\/web\/wp-content\/uploads\/2022\/02\/1644562393952_aula-segura1.jpeg?resize=640%2C402\" alt=\"\" class=\"wp-image-34763 lazyload\" data-srcset=\"https:\/\/i0.wp.com\/elterritorialweb.com.ar\/web\/wp-content\/uploads\/2022\/02\/1644562393952_aula-segura1.jpeg?w=775&amp;ssl=1 775w, https:\/\/i0.wp.com\/elterritorialweb.com.ar\/web\/wp-content\/uploads\/2022\/02\/1644562393952_aula-segura1.jpeg?resize=300%2C189&amp;ssl=1 300w, https:\/\/i0.wp.com\/elterritorialweb.com.ar\/web\/wp-content\/uploads\/2022\/02\/1644562393952_aula-segura1.jpeg?resize=768%2C483&amp;ssl=1 768w, https:\/\/i0.wp.com\/elterritorialweb.com.ar\/web\/wp-content\/uploads\/2022\/02\/1644562393952_aula-segura1.jpeg?resize=540%2C340&amp;ssl=1 540w, https:\/\/i0.wp.com\/elterritorialweb.com.ar\/web\/wp-content\/uploads\/2022\/02\/1644562393952_aula-segura1.jpeg?resize=400%2C250&amp;ssl=1 400w\" data-sizes=\"(max-width: 640px) 100vw, 640px\" src=\"data:image\/svg+xml;base64,PHN2ZyB3aWR0aD0iMSIgaGVpZ2h0PSIxIiB4bWxucz0iaHR0cDovL3d3dy53My5vcmcvMjAwMC9zdmciPjwvc3ZnPg==\" style=\"--smush-placeholder-width: 640px; --smush-placeholder-aspect-ratio: 640\/402;\" \/><\/a><\/figure>\n\n\n\n<p>Entre otras medidas, el documento establece que la escuela deber\u00e1 recabar la informaci\u00f3n sobre la inmunizaci\u00f3n contra COVID-19 de toda la comunidad educativa, as\u00ed como la del calendario nacional de vacunaci\u00f3n.<br>Si bien se eliminan las burbujas, ante la presencia de s\u00edntomas o malestar general -asociado o no al COVID-19-, el personal y los alumnos no deben acudir a clases y deben permanecer en aislamiento siguiendo los criterios vigentes. Al mismo tiempo se recomienda que realicen la consulta m\u00e9dica correspondiente.<br>En caso de que no sean compatibles con COVID-19, luego de 24 horas sin s\u00edntomas podr\u00e1n volver a la escuela, pero ante la presencia de casos confirmados se debe cumplir el aislamiento previsto, as\u00ed como las medidas dispuestas ante contactos estrechos seg\u00fan la condici\u00f3n de vacunaci\u00f3n.<br>La sospecha y confirmaci\u00f3n de casos no implicar\u00e1 necesariamente el cierre del aula ni la interrupci\u00f3n de la presencialidad. Frente a sospechas de brotes (al menos tres casos confirmados en el aula asociados epidemiol\u00f3gicamente en un periodo igual o inferior a 7 d\u00edas), la autoridad sanitaria realizar\u00e1 la evaluaci\u00f3n de riesgo pertinente y se encargar\u00e1 de definir en conjunto con las de educaci\u00f3n las medidas a adoptar.<br>A partir de primaria, el uso de barbijo es obligatorio y debe estar bien ajustado a la cara durante toda la jornada educativa en espacios cerrados. La ventilaci\u00f3n deber\u00e1 ser cruzada y constante, se deben higienizar regularmente los ambientes y mantener una adecuada limpieza de manos, y se priorizar\u00e1 la distancia en los momentos en que no se utilice barbijo.<\/p>\n","protected":false},"excerpt":{"rendered":"<p>En una reuni\u00f3n conjunta de los Consejos Federales de Salud y de Educaci\u00f3n se aprob\u00f3 el protocolo denominado \u00abAula Segura\u00bb para la prevenci\u00f3n y control de la Covid-19 en los establecimientos educativos de los niveles inicial, primario y secundario de todo el pa\u00eds, de cara al inicio del pr\u00f3ximo ciclo lectivo.<\/p>\n","protected":false},"author":2,"featured_media":34762,"comment_status":"open","ping_status":"open","sticky":false,"template":"","format":"standard","meta":{"om_disable_all_campaigns":false,"_monsterinsights_skip_tracking":false,"_monsterinsights_sitenote_active":false,"_monsterinsights_sitenote_note":"","_monsterinsights_sitenote_category":0,"_uf_show_specific_survey":0,"_uf_disable_surveys":false,"jetpack_post_was_ever_published":false,"_jetpack_newsletter_access":"","_jetpack_dont_email_post_to_subs":false,"_jetpack_newsletter_tier_id":0,"_jetpack_memberships_contains_paywalled_content":false,"_jetpack_memberships_contains_paid_content":false,"footnotes":"","jetpack_publicize_message":"","jetpack_publicize_feature_enabled":true,"jetpack_social_post_already_shared":false,"jetpack_social_options":{"image_generator_settings":{"template":"highway","default_image_id":0,"font":"","enabled":false},"version":2}},"categories":[21],"tags":[],"class_list":["post-34761","post","type-post","status-publish","format-standard","has-post-thumbnail","hentry","category-locales"],"aioseo_notices":[],"views":5,"jetpack_publicize_connections":[],"jetpack_featured_media_url":"https:\/\/i0.wp.com\/elterritorialweb.com.ar\/web\/wp-content\/uploads\/2022\/02\/aula-segura-.jpeg?fit=1276%2C823&ssl=1","jetpack_sharing_enabled":true,"_links":{"self":[{"href":"https:\/\/elterritorialweb.com.ar\/web\/wp-json\/wp\/v2\/posts\/34761","targetHints":{"allow":["GET"]}}],"collection":[{"href":"https:\/\/elterritorialweb.com.ar\/web\/wp-json\/wp\/v2\/posts"}],"about":[{"href":"https:\/\/elterritorialweb.com.ar\/web\/wp-json\/wp\/v2\/types\/post"}],"author":[{"embeddable":true,"href":"https:\/\/elterritorialweb.com.ar\/web\/wp-json\/wp\/v2\/users\/2"}],"replies":[{"embeddable":true,"href":"https:\/\/elterritorialweb.com.ar\/web\/wp-json\/wp\/v2\/comments?post=34761"}],"version-history":[{"count":1,"href":"https:\/\/elterritorialweb.com.ar\/web\/wp-json\/wp\/v2\/posts\/34761\/revisions"}],"predecessor-version":[{"id":34764,"href":"https:\/\/elterritorialweb.com.ar\/web\/wp-json\/wp\/v2\/posts\/34761\/revisions\/34764"}],"wp:featuredmedia":[{"embeddable":true,"href":"https:\/\/elterritorialweb.com.ar\/web\/wp-json\/wp\/v2\/media\/34762"}],"wp:attachment":[{"href":"https:\/\/elterritorialweb.com.ar\/web\/wp-json\/wp\/v2\/media?parent=34761"}],"wp:term":[{"taxonomy":"category","embeddable":true,"href":"https:\/\/elterritorialweb.com.ar\/web\/wp-json\/wp\/v2\/categories?post=34761"},{"taxonomy":"post_tag","embeddable":true,"href":"https:\/\/elterritorialweb.com.ar\/web\/wp-json\/wp\/v2\/tags?post=34761"}],"curies":[{"name":"wp","href":"https:\/\/api.w.org\/{rel}","templated":true}]}}