{"id":34765,"date":"2022-02-11T16:33:40","date_gmt":"2022-02-11T16:33:40","guid":{"rendered":"http:\/\/elterritorialweb.com.ar\/web\/?p=34765"},"modified":"2022-02-11T16:33:40","modified_gmt":"2022-02-11T16:33:40","slug":"la-vuelta-a-clases-en-la-banda-sera-bajo-el-protocolo-de-aulas-cuidadas","status":"publish","type":"post","link":"https:\/\/elterritorialweb.com.ar\/web\/la-vuelta-a-clases-en-la-banda-sera-bajo-el-protocolo-de-aulas-cuidadas\/","title":{"rendered":"LA VUELTA A CLASES EN LA BANDA SER\u00c1 BAJO EL PROTOCOLO DE \u00abAULAS CUIDADAS\u00bb"},"content":{"rendered":"\n<p>En este sentido, la subsecretaria del \u00e1rea, Stella Maris Mirolo explic\u00f3 que el comienzo de clases respetar\u00e1 lo diagramado a trav\u00e9s del protocolo denominado \u2018Aulas Cuidadas\u2019, establecido a nivel nacional para las instituciones educativas, el cual tiene que ver con la prevenci\u00f3n del Covid-19 debido a la presencialidad plena en las aulas.<br>Asimismo, la subsecretaria resalt\u00f3 la importancia de esto, y que los protocolos ser\u00e1n los mismos y m\u00e1s estrictos. Adem\u00e1s, dijo que el personal docente de todas las instituciones educativas municipales, recibir\u00e1n una capacitaci\u00f3n brindada por un cuerpo m\u00e9dico a modo de prevenci\u00f3n.<br>Por otra parte, la funcionaria hizo referencia \u201cEsta vuelta es un gran compromiso, porque sabemos que nuestros alumnos vienen de dos a\u00f1os que pasaron por diferentes estados educativos, por lo que tanto ellos y los docentes deben tener la contenci\u00f3n pedag\u00f3gica y emocional correspondiente\u201d.<br>En cuanto al contenido de aprendizaje, Stella dijo: \u201cDadas las circunstancias pasadas, los contenidos y las propuestas pedag\u00f3gicas deber\u00e1n ser flexibles para acompa\u00f1ar a los alumnos en las realidades diferentes que sabemos que existen\u00bb.<br>Cabe destacar, que el protocolo para la vuelta a las clases presenciales en los niveles inicial, primario y secundario consta de seis pilares: vacunaci\u00f3n, uso de barbijo, asistencia cuidada, ventilaci\u00f3n, higiene y limpieza, y distancia.<br><\/p>\n\n\n\n<p><em>A continuaci\u00f3n se detallan las caracter\u00edsticas del Protocolo de \u201cAulas Cuidadas\u201d:<\/em><\/p>\n\n\n\n<figure class=\"wp-block-image size-full is-resized\"><a href=\"https:\/\/i0.wp.com\/elterritorialweb.com.ar\/web\/wp-content\/uploads\/2022\/02\/IMG-20220211-WA0015.jpg\"><img data-recalc-dims=\"1\" decoding=\"async\" data-src=\"https:\/\/i0.wp.com\/elterritorialweb.com.ar\/web\/wp-content\/uploads\/2022\/02\/IMG-20220211-WA0015.jpg?resize=395%2C259\" alt=\"\" class=\"wp-image-34767 lazyload\" width=\"395\" height=\"259\" data-srcset=\"https:\/\/i0.wp.com\/elterritorialweb.com.ar\/web\/wp-content\/uploads\/2022\/02\/IMG-20220211-WA0015.jpg?w=906&amp;ssl=1 906w, https:\/\/i0.wp.com\/elterritorialweb.com.ar\/web\/wp-content\/uploads\/2022\/02\/IMG-20220211-WA0015.jpg?resize=300%2C197&amp;ssl=1 300w, https:\/\/i0.wp.com\/elterritorialweb.com.ar\/web\/wp-content\/uploads\/2022\/02\/IMG-20220211-WA0015.jpg?resize=768%2C504&amp;ssl=1 768w\" data-sizes=\"(max-width: 395px) 100vw, 395px\" src=\"data:image\/svg+xml;base64,PHN2ZyB3aWR0aD0iMSIgaGVpZ2h0PSIxIiB4bWxucz0iaHR0cDovL3d3dy53My5vcmcvMjAwMC9zdmciPjwvc3ZnPg==\" style=\"--smush-placeholder-width: 395px; --smush-placeholder-aspect-ratio: 395\/259;\" \/><\/a><\/figure>\n\n\n\n<h3 class=\"wp-block-heading\" id=\"vacunacion\">Vacunaci\u00f3n<\/h3>\n\n\n\n<p>Se fortalecer\u00e1 la aplicaci\u00f3n de vacunas contra el COVID-19 as\u00ed como la cobertura completa de las vacunas del Calendario Nacional, tanto en alumnos y alumnas como en docentes, no docentes y resto de comunidad educativa. Es importante la vacunaci\u00f3n en toda la poblaci\u00f3n y se enfatiza que la vacuna propia y del grupo es un pilar fundamental para proteger a las personas con factores de riesgo.<\/p>\n\n\n\n<h3 class=\"wp-block-heading\" id=\"uso-del-barbijo\">Uso del barbijo<\/h3>\n\n\n\n<p>El barbijo deber\u00e1 ser utilizado correctamente en las aulas, tapando nariz, boca y ment\u00f3n. Adem\u00e1s tiene que estar bien ajustado a la cara durante toda la jornada educativa en espacios cerrados, mientras que en lugares abiertos no se requiere su uso pero se aconseja mantener la distancia en ese contexto.<br>Debe ser usado por ni\u00f1as, ni\u00f1os y adolescentes a partir del nivel primario y por personas adultas de todos los niveles. Cuando no se puede usar barbijo, como en el momento de la comida o de la actividad f\u00edsica, se recomienda mantener una distancia de 1,5 metros.<\/p>\n\n\n\n<h3 class=\"wp-block-heading\" id=\"asistencia-cuidada\">Asistencia cuidada<\/h3>\n\n\n\n<p>Se elimina el sistema de burbujas. La sospecha y confirmaci\u00f3n de casos requiere que se investiguen y corrijan condiciones que puedan estar aumentando el riesgo de contagios. No implica necesariamente el cierre del aula ni la interrupci\u00f3n de las clases presenciales.<\/p>\n\n\n\n<h3 class=\"wp-block-heading\" id=\"ventilacion\">Ventilaci\u00f3n<\/h3>\n\n\n\n<p>La ventilaci\u00f3n del aula deber\u00e1 ser constante y cruzada. De no ser esto posible, se recomienda el uso de ventilador hacia la ventana para mejorar el intercambio de aire con el exterior.<\/p>\n\n\n\n<h3 class=\"wp-block-heading\" id=\"higiene-y-limpieza\">Higiene y limpieza<\/h3>\n\n\n\n<p>El aula segura implicar\u00e1 limpieza y desinfecci\u00f3n frecuente de los ambientes, as\u00ed como adecuada higiene de manos (peri\u00f3dica y de calidad) de toda la comunidad educativa.<\/p>\n\n\n\n<h3 class=\"wp-block-heading\" id=\"distancia\">Distancia<\/h3>\n\n\n\n<p>Respecto de la distancia dentro del aula, se recomienda organizar los espacios comunes y compartidos (patios para recreos, comedores, etc.) considerando la necesidad de ventilaci\u00f3n constante y el distanciamiento. Asimismo, es importante priorizar el distanciamiento en los momentos en los que no se puede utilizar el barbijo, como los destinados a la alimentaci\u00f3n, la actividad f\u00edsica y otros.<\/p>\n","protected":false},"excerpt":{"rendered":"<p>La Subsecretar\u00eda de Educaci\u00f3n y Cultura de la Municipalidad de La Banda, prepara sus instituciones educativas para recibir el ciclo lectivo 2022 con todos los protocolos de bioseguridad para el correcto cuidado de la salud.<\/p>\n","protected":false},"author":2,"featured_media":34766,"comment_status":"open","ping_status":"open","sticky":false,"template":"","format":"standard","meta":{"om_disable_all_campaigns":false,"_monsterinsights_skip_tracking":false,"_monsterinsights_sitenote_active":false,"_monsterinsights_sitenote_note":"","_monsterinsights_sitenote_category":0,"_uf_show_specific_survey":0,"_uf_disable_surveys":false,"jetpack_post_was_ever_published":false,"_jetpack_newsletter_access":"","_jetpack_dont_email_post_to_subs":false,"_jetpack_newsletter_tier_id":0,"_jetpack_memberships_contains_paywalled_content":false,"_jetpack_memberships_contains_paid_content":false,"footnotes":"","jetpack_publicize_message":"","jetpack_publicize_feature_enabled":true,"jetpack_social_post_already_shared":false,"jetpack_social_options":{"image_generator_settings":{"template":"highway","default_image_id":0,"font":"","enabled":false},"version":2}},"categories":[19],"tags":[],"class_list":["post-34765","post","type-post","status-publish","format-standard","has-post-thumbnail","hentry","category-educacion"],"aioseo_notices":[],"views":8,"jetpack_publicize_connections":[],"jetpack_featured_media_url":"https:\/\/i0.wp.com\/elterritorialweb.com.ar\/web\/wp-content\/uploads\/2022\/02\/IMG-20220211-WA0014.jpg?fit=1600%2C1197&ssl=1","jetpack_sharing_enabled":true,"_links":{"self":[{"href":"https:\/\/elterritorialweb.com.ar\/web\/wp-json\/wp\/v2\/posts\/34765","targetHints":{"allow":["GET"]}}],"collection":[{"href":"https:\/\/elterritorialweb.com.ar\/web\/wp-json\/wp\/v2\/posts"}],"about":[{"href":"https:\/\/elterritorialweb.com.ar\/web\/wp-json\/wp\/v2\/types\/post"}],"author":[{"embeddable":true,"href":"https:\/\/elterritorialweb.com.ar\/web\/wp-json\/wp\/v2\/users\/2"}],"replies":[{"embeddable":true,"href":"https:\/\/elterritorialweb.com.ar\/web\/wp-json\/wp\/v2\/comments?post=34765"}],"version-history":[{"count":1,"href":"https:\/\/elterritorialweb.com.ar\/web\/wp-json\/wp\/v2\/posts\/34765\/revisions"}],"predecessor-version":[{"id":34768,"href":"https:\/\/elterritorialweb.com.ar\/web\/wp-json\/wp\/v2\/posts\/34765\/revisions\/34768"}],"wp:featuredmedia":[{"embeddable":true,"href":"https:\/\/elterritorialweb.com.ar\/web\/wp-json\/wp\/v2\/media\/34766"}],"wp:attachment":[{"href":"https:\/\/elterritorialweb.com.ar\/web\/wp-json\/wp\/v2\/media?parent=34765"}],"wp:term":[{"taxonomy":"category","embeddable":true,"href":"https:\/\/elterritorialweb.com.ar\/web\/wp-json\/wp\/v2\/categories?post=34765"},{"taxonomy":"post_tag","embeddable":true,"href":"https:\/\/elterritorialweb.com.ar\/web\/wp-json\/wp\/v2\/tags?post=34765"}],"curies":[{"name":"wp","href":"https:\/\/api.w.org\/{rel}","templated":true}]}}