{"id":34769,"date":"2022-02-11T18:31:01","date_gmt":"2022-02-11T18:31:01","guid":{"rendered":"http:\/\/elterritorialweb.com.ar\/web\/?p=34769"},"modified":"2022-02-11T18:35:13","modified_gmt":"2022-02-11T18:35:13","slug":"la-direccion-de-deporte-suma-dos-nuevas-propuestas-al-gimnasio-municipal","status":"publish","type":"post","link":"https:\/\/elterritorialweb.com.ar\/web\/la-direccion-de-deporte-suma-dos-nuevas-propuestas-al-gimnasio-municipal\/","title":{"rendered":"LA DIRECCI\u00d3N DE DEPORTE SUMA DOS NUEVAS PROPUESTAS AL GIMNASIO MUNICIPAL"},"content":{"rendered":"\n<p>Organizado por la Direcci\u00f3n de Deportes y Recreaci\u00f3n bande\u00f1a y ACSAM (Asociaci\u00f3n Civil Santiague\u00f1a de Artes Marciales, presidida por Alejandro Chaparro), ambas capacitaciones comenzar\u00e1n el s\u00e1bado 12 de febrero a partir de las 16, destinada a la renovaci\u00f3n de licencias WAKM y ACSAM, como as\u00ed tambi\u00e9n a la formaci\u00f3n de futuros \u00e1rbitros y jueces, favoreciendo el conocimiento de reglas y modalidades de competencia y de esta manera promover e impulsar las artes marciales y el deporte de combate en la ciudad, mejorando el control y regulaci\u00f3n de los torneos.<\/p>\n\n\n\n<figure class=\"wp-block-image size-large\"><a href=\"https:\/\/i0.wp.com\/elterritorialweb.com.ar\/web\/wp-content\/uploads\/2022\/02\/IMG-20220211-WA0018.jpg\"><img data-recalc-dims=\"1\" decoding=\"async\" width=\"640\" height=\"800\" data-src=\"https:\/\/i0.wp.com\/elterritorialweb.com.ar\/web\/wp-content\/uploads\/2022\/02\/IMG-20220211-WA0018.jpg?resize=640%2C800\" alt=\"\" class=\"wp-image-34770 lazyload\" data-srcset=\"https:\/\/i0.wp.com\/elterritorialweb.com.ar\/web\/wp-content\/uploads\/2022\/02\/IMG-20220211-WA0018.jpg?resize=819%2C1024&amp;ssl=1 819w, https:\/\/i0.wp.com\/elterritorialweb.com.ar\/web\/wp-content\/uploads\/2022\/02\/IMG-20220211-WA0018.jpg?resize=240%2C300&amp;ssl=1 240w, https:\/\/i0.wp.com\/elterritorialweb.com.ar\/web\/wp-content\/uploads\/2022\/02\/IMG-20220211-WA0018.jpg?resize=768%2C960&amp;ssl=1 768w, https:\/\/i0.wp.com\/elterritorialweb.com.ar\/web\/wp-content\/uploads\/2022\/02\/IMG-20220211-WA0018.jpg?w=1024&amp;ssl=1 1024w\" data-sizes=\"(max-width: 640px) 100vw, 640px\" src=\"data:image\/svg+xml;base64,PHN2ZyB3aWR0aD0iMSIgaGVpZ2h0PSIxIiB4bWxucz0iaHR0cDovL3d3dy53My5vcmcvMjAwMC9zdmciPjwvc3ZnPg==\" style=\"--smush-placeholder-width: 640px; --smush-placeholder-aspect-ratio: 640\/800;\" \/><\/a><\/figure>\n\n\n\n<p>Autoridades del \u00e1rea manifestaron que este evento se enmarca dentro de las actividades y propuestas que viene desarrollando la direcci\u00f3n, con el prop\u00f3sito de continuar impulsando y promoviendo la pr\u00e1ctica deportiva dentro de nuestra ciudad, manifestando el compromiso y respaldo por parte de la gesti\u00f3n del intendente Pablo Mirolo.<\/p>\n","protected":false},"excerpt":{"rendered":"<p>La Municipalidad de La Banda, a trav\u00e9s de la Secretar\u00eda de Desarrollo Humano acompa\u00f1an dos capacitaciones para el p\u00fablico, el primero es una Master Class de Kickboxing y K1 Rules a cargo de Miguel Recio \u00e1rbitro Internacional y presidente de WAKM (Word Association of de Kickboxing and MMA) y el segundo es un curso con certificaci\u00f3n de Jueces y \u00c1rbitros en el S.U.M. del Gimnasio Municipal, sito en Av. Besares y Lavalle.<\/p>\n","protected":false},"author":2,"featured_media":34773,"comment_status":"open","ping_status":"open","sticky":false,"template":"","format":"standard","meta":{"om_disable_all_campaigns":false,"_monsterinsights_skip_tracking":false,"_monsterinsights_sitenote_active":false,"_monsterinsights_sitenote_note":"","_monsterinsights_sitenote_category":0,"_uf_show_specific_survey":0,"_uf_disable_surveys":false,"jetpack_post_was_ever_published":false,"_jetpack_newsletter_access":"","_jetpack_dont_email_post_to_subs":false,"_jetpack_newsletter_tier_id":0,"_jetpack_memberships_contains_paywalled_content":false,"_jetpack_memberships_contains_paid_content":false,"footnotes":"","jetpack_publicize_message":"","jetpack_publicize_feature_enabled":true,"jetpack_social_post_already_shared":false,"jetpack_social_options":{"image_generator_settings":{"template":"highway","default_image_id":0,"font":"","enabled":false},"version":2}},"categories":[6],"tags":[],"class_list":["post-34769","post","type-post","status-publish","format-standard","has-post-thumbnail","hentry","category-deportes"],"aioseo_notices":[],"views":8,"jetpack_publicize_connections":[],"jetpack_featured_media_url":"https:\/\/i0.wp.com\/elterritorialweb.com.ar\/web\/wp-content\/uploads\/2022\/02\/IMG-20220211-WA00162.jpg?fit=1024%2C766&ssl=1","jetpack_sharing_enabled":true,"_links":{"self":[{"href":"https:\/\/elterritorialweb.com.ar\/web\/wp-json\/wp\/v2\/posts\/34769","targetHints":{"allow":["GET"]}}],"collection":[{"href":"https:\/\/elterritorialweb.com.ar\/web\/wp-json\/wp\/v2\/posts"}],"about":[{"href":"https:\/\/elterritorialweb.com.ar\/web\/wp-json\/wp\/v2\/types\/post"}],"author":[{"embeddable":true,"href":"https:\/\/elterritorialweb.com.ar\/web\/wp-json\/wp\/v2\/users\/2"}],"replies":[{"embeddable":true,"href":"https:\/\/elterritorialweb.com.ar\/web\/wp-json\/wp\/v2\/comments?post=34769"}],"version-history":[{"count":1,"href":"https:\/\/elterritorialweb.com.ar\/web\/wp-json\/wp\/v2\/posts\/34769\/revisions"}],"predecessor-version":[{"id":34772,"href":"https:\/\/elterritorialweb.com.ar\/web\/wp-json\/wp\/v2\/posts\/34769\/revisions\/34772"}],"wp:featuredmedia":[{"embeddable":true,"href":"https:\/\/elterritorialweb.com.ar\/web\/wp-json\/wp\/v2\/media\/34773"}],"wp:attachment":[{"href":"https:\/\/elterritorialweb.com.ar\/web\/wp-json\/wp\/v2\/media?parent=34769"}],"wp:term":[{"taxonomy":"category","embeddable":true,"href":"https:\/\/elterritorialweb.com.ar\/web\/wp-json\/wp\/v2\/categories?post=34769"},{"taxonomy":"post_tag","embeddable":true,"href":"https:\/\/elterritorialweb.com.ar\/web\/wp-json\/wp\/v2\/tags?post=34769"}],"curies":[{"name":"wp","href":"https:\/\/api.w.org\/{rel}","templated":true}]}}