{"id":34777,"date":"2022-02-11T19:05:25","date_gmt":"2022-02-11T19:05:25","guid":{"rendered":"http:\/\/elterritorialweb.com.ar\/web\/?p=34777"},"modified":"2022-02-11T19:05:26","modified_gmt":"2022-02-11T19:05:26","slug":"8-asamblea-del-consejo-regional-del-norte-grande-argentino","status":"publish","type":"post","link":"https:\/\/elterritorialweb.com.ar\/web\/8-asamblea-del-consejo-regional-del-norte-grande-argentino\/","title":{"rendered":"8\u00b0 ASAMBLEA DEL CONSEJO REGIONAL DEL NORTE GRANDE ARGENTINO"},"content":{"rendered":"\n<p>Adem\u00e1s del mandatario santiague\u00f1o, el encuentro cuenta con la participaci\u00f3n de los gobernadores Oscar Herrera Ahuad (Misiones); Gildo Insfr\u00e1n (Formosa); Ra\u00fal Jalil (Catamarca); Gustavo Sa\u00e9nz (Salta); Gerardo Morales (Jujuy); Ricardo Quintela (La Rioja); Jorge Capitanich (Chaco); Osvaldo Jaldo (Tucum\u00e1n) y Gustavo Vald\u00e9s (Corrientes).<\/p>\n\n\n\n<figure class=\"wp-block-image size-full\"><a href=\"https:\/\/i0.wp.com\/elterritorialweb.com.ar\/web\/wp-content\/uploads\/2022\/02\/FB_IMG_1644605320999.jpg\"><img data-recalc-dims=\"1\" decoding=\"async\" width=\"640\" height=\"427\" data-src=\"https:\/\/i0.wp.com\/elterritorialweb.com.ar\/web\/wp-content\/uploads\/2022\/02\/FB_IMG_1644605320999.jpg?resize=640%2C427\" alt=\"\" class=\"wp-image-34779 lazyload\" data-srcset=\"https:\/\/i0.wp.com\/elterritorialweb.com.ar\/web\/wp-content\/uploads\/2022\/02\/FB_IMG_1644605320999.jpg?w=719&amp;ssl=1 719w, https:\/\/i0.wp.com\/elterritorialweb.com.ar\/web\/wp-content\/uploads\/2022\/02\/FB_IMG_1644605320999.jpg?resize=300%2C200&amp;ssl=1 300w\" data-sizes=\"(max-width: 640px) 100vw, 640px\" src=\"data:image\/svg+xml;base64,PHN2ZyB3aWR0aD0iMSIgaGVpZ2h0PSIxIiB4bWxucz0iaHR0cDovL3d3dy53My5vcmcvMjAwMC9zdmciPjwvc3ZnPg==\" style=\"--smush-placeholder-width: 640px; --smush-placeholder-aspect-ratio: 640\/427;\" \/><\/a><\/figure>\n\n\n\n<p>Tambi\u00e9n participan autoridades nacionales encabezadas por el jefe de Gabinete de Ministros, Juan Manzur; los ministros del Interior, Wado de Pedro; de Obras P\u00fablicas, Gabriel Katopodis; de Transporte, Alexis Guerrera; as\u00ed como tambi\u00e9n la secretaria de Provincias, Silvina Batakis; el presidente del Consejo Federal de Inversiones, Ignacio Lamothe; el subsecretario de Pol\u00edticas para el Desarrollo con Equidad Regional, Martin Pollera; y el secretario de Energ\u00eda, Dar\u00edo Mart\u00ednez.<\/p>\n\n\n\n<figure class=\"wp-block-image size-full is-resized\"><a href=\"https:\/\/i0.wp.com\/elterritorialweb.com.ar\/web\/wp-content\/uploads\/2022\/02\/FB_IMG_1644605323655.jpg\"><img data-recalc-dims=\"1\" decoding=\"async\" data-src=\"https:\/\/i0.wp.com\/elterritorialweb.com.ar\/web\/wp-content\/uploads\/2022\/02\/FB_IMG_1644605323655.jpg?resize=376%2C251\" alt=\"\" class=\"wp-image-34780 lazyload\" width=\"376\" height=\"251\" data-srcset=\"https:\/\/i0.wp.com\/elterritorialweb.com.ar\/web\/wp-content\/uploads\/2022\/02\/FB_IMG_1644605323655.jpg?w=719&amp;ssl=1 719w, https:\/\/i0.wp.com\/elterritorialweb.com.ar\/web\/wp-content\/uploads\/2022\/02\/FB_IMG_1644605323655.jpg?resize=300%2C200&amp;ssl=1 300w\" data-sizes=\"(max-width: 376px) 100vw, 376px\" src=\"data:image\/svg+xml;base64,PHN2ZyB3aWR0aD0iMSIgaGVpZ2h0PSIxIiB4bWxucz0iaHR0cDovL3d3dy53My5vcmcvMjAwMC9zdmciPjwvc3ZnPg==\" style=\"--smush-placeholder-width: 376px; --smush-placeholder-aspect-ratio: 376\/251;\" \/><\/a><\/figure>\n\n\n\n<p>Se trata de la primera reuni\u00f3n del a\u00f1o del espacio que nuclea a las provincias del nordeste y noroeste argentino, que se desarrolla con el objetivo de achicar la brecha de la desigualdad y eliminar las asimetr\u00edas de esa regi\u00f3n con respecto al resto del pa\u00eds.<\/p>\n\n\n\n<figure class=\"wp-block-image size-full\"><a href=\"https:\/\/i0.wp.com\/elterritorialweb.com.ar\/web\/wp-content\/uploads\/2022\/02\/FB_IMG_1644605318217.jpg\"><img data-recalc-dims=\"1\" decoding=\"async\" width=\"640\" height=\"427\" data-src=\"https:\/\/i0.wp.com\/elterritorialweb.com.ar\/web\/wp-content\/uploads\/2022\/02\/FB_IMG_1644605318217.jpg?resize=640%2C427\" alt=\"\" class=\"wp-image-34781 lazyload\" data-srcset=\"https:\/\/i0.wp.com\/elterritorialweb.com.ar\/web\/wp-content\/uploads\/2022\/02\/FB_IMG_1644605318217.jpg?w=719&amp;ssl=1 719w, https:\/\/i0.wp.com\/elterritorialweb.com.ar\/web\/wp-content\/uploads\/2022\/02\/FB_IMG_1644605318217.jpg?resize=300%2C200&amp;ssl=1 300w\" data-sizes=\"(max-width: 640px) 100vw, 640px\" src=\"data:image\/svg+xml;base64,PHN2ZyB3aWR0aD0iMSIgaGVpZ2h0PSIxIiB4bWxucz0iaHR0cDovL3d3dy53My5vcmcvMjAwMC9zdmciPjwvc3ZnPg==\" style=\"--smush-placeholder-width: 640px; --smush-placeholder-aspect-ratio: 640\/427;\" \/><\/a><\/figure>\n","protected":false},"excerpt":{"rendered":"<p>Con la presidencia pro t\u00e9mpore a cargo del Dr. Gerardo Zamora y la participaci\u00f3n de gobernadores de la regi\u00f3n y funcionarios nacionales, este viernes comenz\u00f3 la 8\u00aa Asamblea del Consejo Regional del Norte Grande Argentino, en la ciudad misionera de Puerto Iguaz\u00fa.<\/p>\n","protected":false},"author":2,"featured_media":34778,"comment_status":"open","ping_status":"open","sticky":false,"template":"","format":"standard","meta":{"om_disable_all_campaigns":false,"_monsterinsights_skip_tracking":false,"_monsterinsights_sitenote_active":false,"_monsterinsights_sitenote_note":"","_monsterinsights_sitenote_category":0,"_uf_show_specific_survey":0,"_uf_disable_surveys":false,"jetpack_post_was_ever_published":false,"_jetpack_newsletter_access":"","_jetpack_dont_email_post_to_subs":false,"_jetpack_newsletter_tier_id":0,"_jetpack_memberships_contains_paywalled_content":false,"_jetpack_memberships_contains_paid_content":false,"footnotes":"","jetpack_publicize_message":"","jetpack_publicize_feature_enabled":true,"jetpack_social_post_already_shared":false,"jetpack_social_options":{"image_generator_settings":{"template":"highway","default_image_id":0,"font":"","enabled":false},"version":2}},"categories":[18],"tags":[],"class_list":["post-34777","post","type-post","status-publish","format-standard","has-post-thumbnail","hentry","category-politica"],"aioseo_notices":[],"views":6,"jetpack_publicize_connections":[],"jetpack_featured_media_url":"https:\/\/i0.wp.com\/elterritorialweb.com.ar\/web\/wp-content\/uploads\/2022\/02\/FB_IMG_1644605313220.jpg?fit=720%2C457&ssl=1","jetpack_sharing_enabled":true,"_links":{"self":[{"href":"https:\/\/elterritorialweb.com.ar\/web\/wp-json\/wp\/v2\/posts\/34777","targetHints":{"allow":["GET"]}}],"collection":[{"href":"https:\/\/elterritorialweb.com.ar\/web\/wp-json\/wp\/v2\/posts"}],"about":[{"href":"https:\/\/elterritorialweb.com.ar\/web\/wp-json\/wp\/v2\/types\/post"}],"author":[{"embeddable":true,"href":"https:\/\/elterritorialweb.com.ar\/web\/wp-json\/wp\/v2\/users\/2"}],"replies":[{"embeddable":true,"href":"https:\/\/elterritorialweb.com.ar\/web\/wp-json\/wp\/v2\/comments?post=34777"}],"version-history":[{"count":1,"href":"https:\/\/elterritorialweb.com.ar\/web\/wp-json\/wp\/v2\/posts\/34777\/revisions"}],"predecessor-version":[{"id":34782,"href":"https:\/\/elterritorialweb.com.ar\/web\/wp-json\/wp\/v2\/posts\/34777\/revisions\/34782"}],"wp:featuredmedia":[{"embeddable":true,"href":"https:\/\/elterritorialweb.com.ar\/web\/wp-json\/wp\/v2\/media\/34778"}],"wp:attachment":[{"href":"https:\/\/elterritorialweb.com.ar\/web\/wp-json\/wp\/v2\/media?parent=34777"}],"wp:term":[{"taxonomy":"category","embeddable":true,"href":"https:\/\/elterritorialweb.com.ar\/web\/wp-json\/wp\/v2\/categories?post=34777"},{"taxonomy":"post_tag","embeddable":true,"href":"https:\/\/elterritorialweb.com.ar\/web\/wp-json\/wp\/v2\/tags?post=34777"}],"curies":[{"name":"wp","href":"https:\/\/api.w.org\/{rel}","templated":true}]}}