{"id":34786,"date":"2022-02-11T22:52:05","date_gmt":"2022-02-11T22:52:05","guid":{"rendered":"http:\/\/elterritorialweb.com.ar\/web\/?p=34786"},"modified":"2022-02-11T22:52:05","modified_gmt":"2022-02-11T22:52:05","slug":"fernandez-queremos-poner-en-valor-el-aporte-de-la-mujer-para-el-desarrollo-de-nuestra-sociedad","status":"publish","type":"post","link":"https:\/\/elterritorialweb.com.ar\/web\/fernandez-queremos-poner-en-valor-el-aporte-de-la-mujer-para-el-desarrollo-de-nuestra-sociedad\/","title":{"rendered":"FERN\u00c1NDEZ: \u00abQUEREMOS PONER EN VALOR EL APORTE DE LA MUJER PARA EL DESARROLLO DE NUESTRA SOCIEDAD\u00bb"},"content":{"rendered":"\n<p>\u201cTenemos que hacer mucho m\u00e1s para que la sociedad termine con todo tipo de discriminaci\u00f3n y valore a todos del mismo modo\u201d, se\u00f1al\u00f3 el mandatario al descubrir la placa del nuevo nombre de la sala, ubicada en el primer piso de la Casa de Gobierno.<\/p>\n\n\n\n<p>Luego de hacer una recorrida para observar los cuadros incorporados, Fern\u00e1ndez afirm\u00f3 que \u201choy estamos dando un paso simb\u00f3lico, pero ese simbolismo ocurre en la casa donde se gobierna la Argentina y es un mensaje para todos: desde el Gobierno no queremos m\u00e1s discriminaci\u00f3n y queremos poner en valor el aporte de la mujer para el desarrollo de nuestra sociedad\u201d.<\/p>\n\n\n\n<figure class=\"wp-block-image size-large\"><a href=\"https:\/\/i0.wp.com\/elterritorialweb.com.ar\/web\/wp-content\/uploads\/2022\/02\/ciencia1.jpg\"><img data-recalc-dims=\"1\" decoding=\"async\" width=\"640\" height=\"426\" data-src=\"https:\/\/i0.wp.com\/elterritorialweb.com.ar\/web\/wp-content\/uploads\/2022\/02\/ciencia1.jpg?resize=640%2C426\" alt=\"\" class=\"wp-image-34788 lazyload\" data-srcset=\"https:\/\/i0.wp.com\/elterritorialweb.com.ar\/web\/wp-content\/uploads\/2022\/02\/ciencia1.jpg?resize=1024%2C682&amp;ssl=1 1024w, https:\/\/i0.wp.com\/elterritorialweb.com.ar\/web\/wp-content\/uploads\/2022\/02\/ciencia1.jpg?resize=300%2C200&amp;ssl=1 300w, https:\/\/i0.wp.com\/elterritorialweb.com.ar\/web\/wp-content\/uploads\/2022\/02\/ciencia1.jpg?resize=768%2C512&amp;ssl=1 768w, https:\/\/i0.wp.com\/elterritorialweb.com.ar\/web\/wp-content\/uploads\/2022\/02\/ciencia1.jpg?resize=1536%2C1024&amp;ssl=1 1536w, https:\/\/i0.wp.com\/elterritorialweb.com.ar\/web\/wp-content\/uploads\/2022\/02\/ciencia1.jpg?w=1940&amp;ssl=1 1940w, https:\/\/i0.wp.com\/elterritorialweb.com.ar\/web\/wp-content\/uploads\/2022\/02\/ciencia1.jpg?w=1280 1280w\" data-sizes=\"(max-width: 640px) 100vw, 640px\" src=\"data:image\/svg+xml;base64,PHN2ZyB3aWR0aD0iMSIgaGVpZ2h0PSIxIiB4bWxucz0iaHR0cDovL3d3dy53My5vcmcvMjAwMC9zdmciPjwvc3ZnPg==\" style=\"--smush-placeholder-width: 640px; --smush-placeholder-aspect-ratio: 640\/426;\" \/><\/a><\/figure>\n\n\n\n<p>Participaron de la ceremonia las ministras de Mujeres, G\u00e9neros y Diversidad, Elizabeth G\u00f3mez Alcorta, y de Salud, Carla Vizzotti; el ministro de Ciencia, Tecnolog\u00eda e Innovaci\u00f3n, Daniel Filmus; la portavoz de Presidencia, Gabriela Cerruti; la presidenta del Conicet, Ana Mar\u00eda Franchi; el secretario General de la Presidencia, Julio Vitobello; y las escritoras del libro \u201cCient\u00edficas de Ac\u00e1: Historias que cambian la historia\u201d: Carolina Luz Hadad, Julieta Irene Elffman, Julieta Mar\u00eda Alcain y Valeria Edelsztein.<\/p>\n\n\n\n<p>La iniciativa se llev\u00f3 a cabo en el marco del Programa Nacional para la Igualdad de G\u00e9neros en Ciencia Tecnolog\u00eda e Innovaci\u00f3n, impulsado por esta cartera, con la finalidad de incluir a todo el colectivo que conforma este \u00e1mbito sin distinciones de g\u00e9neros.<\/p>\n\n\n\n<p>La actividad se realiz\u00f3 al celebrarse el D\u00eda Internacional de la Mujer y la Ni\u00f1a en la Ciencia, una fecha promulgada por la Organizaci\u00f3n de las Naciones Unidas (ONU) que apunta a lograr una participaci\u00f3n equitativa en la formaci\u00f3n y estudios para romper con la brecha de g\u00e9nero.<\/p>\n\n\n\n<figure class=\"wp-block-image size-large\"><a href=\"https:\/\/i0.wp.com\/elterritorialweb.com.ar\/web\/wp-content\/uploads\/2022\/02\/ciencia5.jpg\"><img data-recalc-dims=\"1\" decoding=\"async\" width=\"640\" height=\"426\" data-src=\"https:\/\/i0.wp.com\/elterritorialweb.com.ar\/web\/wp-content\/uploads\/2022\/02\/ciencia5.jpg?resize=640%2C426\" alt=\"\" class=\"wp-image-34791 lazyload\" data-srcset=\"https:\/\/i0.wp.com\/elterritorialweb.com.ar\/web\/wp-content\/uploads\/2022\/02\/ciencia5.jpg?resize=1024%2C682&amp;ssl=1 1024w, https:\/\/i0.wp.com\/elterritorialweb.com.ar\/web\/wp-content\/uploads\/2022\/02\/ciencia5.jpg?resize=300%2C200&amp;ssl=1 300w, https:\/\/i0.wp.com\/elterritorialweb.com.ar\/web\/wp-content\/uploads\/2022\/02\/ciencia5.jpg?resize=768%2C512&amp;ssl=1 768w, https:\/\/i0.wp.com\/elterritorialweb.com.ar\/web\/wp-content\/uploads\/2022\/02\/ciencia5.jpg?resize=1536%2C1024&amp;ssl=1 1536w, https:\/\/i0.wp.com\/elterritorialweb.com.ar\/web\/wp-content\/uploads\/2022\/02\/ciencia5.jpg?w=1940&amp;ssl=1 1940w, https:\/\/i0.wp.com\/elterritorialweb.com.ar\/web\/wp-content\/uploads\/2022\/02\/ciencia5.jpg?w=1280 1280w\" data-sizes=\"(max-width: 640px) 100vw, 640px\" src=\"data:image\/svg+xml;base64,PHN2ZyB3aWR0aD0iMSIgaGVpZ2h0PSIxIiB4bWxucz0iaHR0cDovL3d3dy53My5vcmcvMjAwMC9zdmciPjwvc3ZnPg==\" style=\"--smush-placeholder-width: 640px; --smush-placeholder-aspect-ratio: 640\/426;\" \/><\/a><\/figure>\n\n\n\n<p>La coyuntura demuestra, en este sentido, la necesidad de contar con un Estado activo en t\u00e9rminos de pol\u00edticas de igualdad que incluya manifestaciones acordes de todos los organismos que lo conforman.<\/p>\n\n\n\n<p>\u201cNo solo desde lo simb\u00f3lico, pero tambi\u00e9n en lo simb\u00f3lico estamos dando pasos claves\u201d, resalt\u00f3 la ministra G\u00f3mez Alcorta. \u201cLas primeras cinco universidades nacen en el siglo XI, y nosotras llegamos a las universidades en el siglo XIX. Esos casi ocho siglos de diferencia hicieron que reci\u00e9n hoy pudi\u00e9ramos estar representadas en este sal\u00f3n\u201d, celebr\u00f3.<\/p>\n\n\n\n<p>En tanto, Filmus indic\u00f3 que \u201c\u00e9sta es una de las l\u00edneas transversales sobre las que el Ministerio de Ciencia y el CONICET estamos trabajando muy fuerte para que haya una igualdad integral\u201d.<\/p>\n\n\n\n<figure class=\"wp-block-image size-large is-resized\"><a href=\"https:\/\/i0.wp.com\/elterritorialweb.com.ar\/web\/wp-content\/uploads\/2022\/02\/ciencia6.jpg\"><img data-recalc-dims=\"1\" decoding=\"async\" data-src=\"https:\/\/i0.wp.com\/elterritorialweb.com.ar\/web\/wp-content\/uploads\/2022\/02\/ciencia6.jpg?resize=382%2C254\" alt=\"\" class=\"wp-image-34792 lazyload\" width=\"382\" height=\"254\" data-srcset=\"https:\/\/i0.wp.com\/elterritorialweb.com.ar\/web\/wp-content\/uploads\/2022\/02\/ciencia6.jpg?resize=1024%2C683&amp;ssl=1 1024w, https:\/\/i0.wp.com\/elterritorialweb.com.ar\/web\/wp-content\/uploads\/2022\/02\/ciencia6.jpg?resize=300%2C200&amp;ssl=1 300w, https:\/\/i0.wp.com\/elterritorialweb.com.ar\/web\/wp-content\/uploads\/2022\/02\/ciencia6.jpg?resize=768%2C512&amp;ssl=1 768w, https:\/\/i0.wp.com\/elterritorialweb.com.ar\/web\/wp-content\/uploads\/2022\/02\/ciencia6.jpg?resize=1536%2C1025&amp;ssl=1 1536w, https:\/\/i0.wp.com\/elterritorialweb.com.ar\/web\/wp-content\/uploads\/2022\/02\/ciencia6.jpg?w=1940&amp;ssl=1 1940w, https:\/\/i0.wp.com\/elterritorialweb.com.ar\/web\/wp-content\/uploads\/2022\/02\/ciencia6.jpg?w=1280 1280w\" data-sizes=\"(max-width: 382px) 100vw, 382px\" src=\"data:image\/svg+xml;base64,PHN2ZyB3aWR0aD0iMSIgaGVpZ2h0PSIxIiB4bWxucz0iaHR0cDovL3d3dy53My5vcmcvMjAwMC9zdmciPjwvc3ZnPg==\" style=\"--smush-placeholder-width: 382px; --smush-placeholder-aspect-ratio: 382\/254;\" \/><\/a><\/figure>\n\n\n\n<p>Y resalt\u00f3 que \u201cla Argentina tiene en este momento el orgullo de tener siete de los grandes centros de investigaci\u00f3n liderados por mujeres\u201d.<\/p>\n\n\n\n<p>A su vez, Vizzotti valor\u00f3 el trabajo de investigaci\u00f3n de las escritoras del libro \u201dCient\u00edficas de Ac\u00e1: Historias que cambian la historia\u201d para que \u201cesas trayectorias se puedan visibilizar\u201d.<\/p>\n\n\n\n<p>El Sal\u00f3n de los Cient\u00edficos fue inaugurado el 1 de septiembre del a\u00f1o 2009 con el fin de homenajear a grandes personalidades de la historia de la ciencia argentina, y desde ese momento en las paredes se exhiben las fotograf\u00edas de Emma P\u00e9rez Ferreira, Florentino Ameghino, Gregorio Klimovsky, Jos\u00e9 Antonio Balseiro, Jorge Alberto S\u00e1bato, Manuel Sadosky, Francisco Pascasio Moreno, Ram\u00f3n Carrillo, Rebeca Gerschman, Ren\u00e9 Ger\u00f3nimo Favaloro y Salvador Mazza. Tambi\u00e9n se destacan tres Premios Nobel: Bernardo Alberto Houssay, Luis Federico Leloir y C\u00e9sar Milstein.<\/p>\n\n\n\n<figure class=\"wp-block-image size-large\"><a href=\"https:\/\/i0.wp.com\/elterritorialweb.com.ar\/web\/wp-content\/uploads\/2022\/02\/ciencia5.jpg\"><img data-recalc-dims=\"1\" decoding=\"async\" width=\"640\" height=\"426\" data-src=\"https:\/\/i0.wp.com\/elterritorialweb.com.ar\/web\/wp-content\/uploads\/2022\/02\/ciencia5.jpg?resize=640%2C426\" alt=\"\" class=\"wp-image-34791 lazyload\" data-srcset=\"https:\/\/i0.wp.com\/elterritorialweb.com.ar\/web\/wp-content\/uploads\/2022\/02\/ciencia5.jpg?resize=1024%2C682&amp;ssl=1 1024w, https:\/\/i0.wp.com\/elterritorialweb.com.ar\/web\/wp-content\/uploads\/2022\/02\/ciencia5.jpg?resize=300%2C200&amp;ssl=1 300w, https:\/\/i0.wp.com\/elterritorialweb.com.ar\/web\/wp-content\/uploads\/2022\/02\/ciencia5.jpg?resize=768%2C512&amp;ssl=1 768w, https:\/\/i0.wp.com\/elterritorialweb.com.ar\/web\/wp-content\/uploads\/2022\/02\/ciencia5.jpg?resize=1536%2C1024&amp;ssl=1 1536w, https:\/\/i0.wp.com\/elterritorialweb.com.ar\/web\/wp-content\/uploads\/2022\/02\/ciencia5.jpg?w=1940&amp;ssl=1 1940w, https:\/\/i0.wp.com\/elterritorialweb.com.ar\/web\/wp-content\/uploads\/2022\/02\/ciencia5.jpg?w=1280 1280w\" data-sizes=\"(max-width: 640px) 100vw, 640px\" src=\"data:image\/svg+xml;base64,PHN2ZyB3aWR0aD0iMSIgaGVpZ2h0PSIxIiB4bWxucz0iaHR0cDovL3d3dy53My5vcmcvMjAwMC9zdmciPjwvc3ZnPg==\" style=\"--smush-placeholder-width: 640px; --smush-placeholder-aspect-ratio: 640\/426;\" \/><\/a><\/figure>\n\n\n\n<p>Las cient\u00edficas que fueron incorporadas hoy a la sala son:<\/p>\n\n\n\n<p>Eugenia Sacerdote de Lustig: una m\u00e9dica de origen italiano que introdujo la t\u00e9cnica de cultivo in vitro de c\u00e9lulas en Argentina. Estudi\u00f3 con Jonas Salk, creador de la vacuna contra la poliomielitis, y fue la primera en probar y masificar esta vacuna en nuestro pa\u00eds durante la epidemia de 1956. Fue Jefa de Virolog\u00eda del Instituto Malbr\u00e1n.<\/p>\n\n\n\n<p>Las cuatro de Melchior (Irene Bernasconi, Mar\u00eda Adela Car\u00eda, Elena Mart\u00ednez Fontes y Carmen Pujals): fueron las primeras cient\u00edficas mujeres que lideraron una expedici\u00f3n a la Ant\u00e1rtida en 1968. Se desempe\u00f1aban en el Museo Argentino de Ciencias Naturales \u201cB. Rivadavia\u201d. Aportaron al conocimiento de las algas marinas, esponjas sil\u00edceas, estrellas, erizos de mar y otros invertebrados, y realizaron estudios de microbiolog\u00eda ambiental.<\/p>\n\n\n\n<p>Elisa Bachofen: fue la primera ingeniera de Argentina y de Latinoam\u00e9rica, recibida en 1918. Cofundadora de la Uni\u00f3n Feminista Nacional y pionera de la educaci\u00f3n t\u00e9cnica para mujeres. Adem\u00e1s de ser inventora, escritora y docente, fue directora de obras viales en la Direcci\u00f3n de Puentes y Caminos durante m\u00e1s de 20 a\u00f1os.<\/p>\n\n\n\n<figure class=\"wp-block-image size-large\"><a href=\"https:\/\/i0.wp.com\/elterritorialweb.com.ar\/web\/wp-content\/uploads\/2022\/02\/ciencia2.jpg\"><img data-recalc-dims=\"1\" decoding=\"async\" width=\"640\" height=\"426\" data-src=\"https:\/\/i0.wp.com\/elterritorialweb.com.ar\/web\/wp-content\/uploads\/2022\/02\/ciencia2.jpg?resize=640%2C426\" alt=\"\" class=\"wp-image-34789 lazyload\" data-srcset=\"https:\/\/i0.wp.com\/elterritorialweb.com.ar\/web\/wp-content\/uploads\/2022\/02\/ciencia2.jpg?resize=1024%2C682&amp;ssl=1 1024w, https:\/\/i0.wp.com\/elterritorialweb.com.ar\/web\/wp-content\/uploads\/2022\/02\/ciencia2.jpg?resize=300%2C200&amp;ssl=1 300w, https:\/\/i0.wp.com\/elterritorialweb.com.ar\/web\/wp-content\/uploads\/2022\/02\/ciencia2.jpg?resize=768%2C512&amp;ssl=1 768w, https:\/\/i0.wp.com\/elterritorialweb.com.ar\/web\/wp-content\/uploads\/2022\/02\/ciencia2.jpg?resize=1536%2C1024&amp;ssl=1 1536w, https:\/\/i0.wp.com\/elterritorialweb.com.ar\/web\/wp-content\/uploads\/2022\/02\/ciencia2.jpg?w=1940&amp;ssl=1 1940w, https:\/\/i0.wp.com\/elterritorialweb.com.ar\/web\/wp-content\/uploads\/2022\/02\/ciencia2.jpg?w=1280 1280w\" data-sizes=\"(max-width: 640px) 100vw, 640px\" src=\"data:image\/svg+xml;base64,PHN2ZyB3aWR0aD0iMSIgaGVpZ2h0PSIxIiB4bWxucz0iaHR0cDovL3d3dy53My5vcmcvMjAwMC9zdmciPjwvc3ZnPg==\" style=\"--smush-placeholder-width: 640px; --smush-placeholder-aspect-ratio: 640\/426;\" \/><\/a><\/figure>\n\n\n\n<p>Rebeca Guber: doctora en Matem\u00e1tica, fue una de las personas m\u00e1s importantes en el desarrollo de la computaci\u00f3n en Argentina. Fue secretaria ejecutiva del Instituto de C\u00e1lculo en la Facultad de Ciencias Exactas y Naturales de la UBA. Trabaj\u00f3 por el desarrollo de la computaci\u00f3n argentina desde la pol\u00edtica p\u00fablica, la sociedad civil, la universidad y el sector privado.<\/p>\n\n\n\n<p>Sara Rietti: fue directora de la Maestr\u00eda en Pol\u00edtica y Gesti\u00f3n de la Ciencia y la Tecnolog\u00eda, la m\u00e1s antigua de la UBA. Jefa de Gabinete de la Secretar\u00eda de Ciencia y Tecnolog\u00eda durante el gobierno de Ra\u00fal Alfons\u00edn. Integrante activa del Foro Nacional Interdisciplinario Mujeres en Ciencia, Tecnolog\u00eda y Sociedad.<\/p>\n\n\n\n<p>Elvira L\u00f3pez: en 1901 se convirti\u00f3 en la primera egresada de la carrera de Filosof\u00eda y Letras de la UBA. Fue, adem\u00e1s, una pionera de la teor\u00eda feminista: plante\u00f3 el problema de c\u00f3mo conquistar la independencia moral y econ\u00f3mica siendo mujeres.<\/p>\n\n\n\n<p>Telma Reca: pionera en la cl\u00ednica psiqui\u00e1trica infanto-juvenil en Argentina. Profesora titular de diversas c\u00e1tedras. Creadora, junto con otras personas, del primer plan de estudios de la carrera de Psicolog\u00eda de la UBA.<\/p>\n\n\n\n<p>Hetty Bertoldi de Pomar: fue una de las primeras ge\u00f3logas argentinas, pionera en su campo, referente y apasionada por el estudio de los silicofitolitos, estructuras clave en la paleo y arqueobot\u00e1nica, que permiten conocer c\u00f3mo viv\u00edan nuestros antepasados y c\u00f3mo eran los paisajes de hace miles y hasta millones de a\u00f1os.<\/p>\n","protected":false},"excerpt":{"rendered":"<p>El presidente Alberto Fern\u00e1ndez encabez\u00f3 este mediod\u00eda el acto en el cual el Sal\u00f3n de los Cient\u00edficos de Casa Rosada pas\u00f3 a denominarse Sal\u00f3n de la Ciencia Argentina y se ampli\u00f3 el n\u00famero de personalidades homenajeadas como un aporte m\u00e1s en pos de contribuir a la igualdad de g\u00e9nero y para reconocer el recorrido hist\u00f3rico de las mujeres en el \u00e1mbito de la ciencia y la tecnolog\u00eda.<\/p>\n","protected":false},"author":2,"featured_media":34787,"comment_status":"open","ping_status":"open","sticky":false,"template":"","format":"standard","meta":{"om_disable_all_campaigns":false,"_monsterinsights_skip_tracking":false,"_monsterinsights_sitenote_active":false,"_monsterinsights_sitenote_note":"","_monsterinsights_sitenote_category":0,"_uf_show_specific_survey":0,"_uf_disable_surveys":false,"jetpack_post_was_ever_published":false,"_jetpack_newsletter_access":"","_jetpack_dont_email_post_to_subs":false,"_jetpack_newsletter_tier_id":0,"_jetpack_memberships_contains_paywalled_content":false,"_jetpack_memberships_contains_paid_content":false,"footnotes":"","jetpack_publicize_message":"","jetpack_publicize_feature_enabled":true,"jetpack_social_post_already_shared":false,"jetpack_social_options":{"image_generator_settings":{"template":"highway","default_image_id":0,"font":"","enabled":false},"version":2}},"categories":[7],"tags":[],"class_list":["post-34786","post","type-post","status-publish","format-standard","has-post-thumbnail","hentry","category-nacionales"],"aioseo_notices":[],"views":8,"jetpack_publicize_connections":[],"jetpack_featured_media_url":"https:\/\/i0.wp.com\/elterritorialweb.com.ar\/web\/wp-content\/uploads\/2022\/02\/ciencia4.jpg?fit=1940%2C1293&ssl=1","jetpack_sharing_enabled":true,"_links":{"self":[{"href":"https:\/\/elterritorialweb.com.ar\/web\/wp-json\/wp\/v2\/posts\/34786","targetHints":{"allow":["GET"]}}],"collection":[{"href":"https:\/\/elterritorialweb.com.ar\/web\/wp-json\/wp\/v2\/posts"}],"about":[{"href":"https:\/\/elterritorialweb.com.ar\/web\/wp-json\/wp\/v2\/types\/post"}],"author":[{"embeddable":true,"href":"https:\/\/elterritorialweb.com.ar\/web\/wp-json\/wp\/v2\/users\/2"}],"replies":[{"embeddable":true,"href":"https:\/\/elterritorialweb.com.ar\/web\/wp-json\/wp\/v2\/comments?post=34786"}],"version-history":[{"count":1,"href":"https:\/\/elterritorialweb.com.ar\/web\/wp-json\/wp\/v2\/posts\/34786\/revisions"}],"predecessor-version":[{"id":34793,"href":"https:\/\/elterritorialweb.com.ar\/web\/wp-json\/wp\/v2\/posts\/34786\/revisions\/34793"}],"wp:featuredmedia":[{"embeddable":true,"href":"https:\/\/elterritorialweb.com.ar\/web\/wp-json\/wp\/v2\/media\/34787"}],"wp:attachment":[{"href":"https:\/\/elterritorialweb.com.ar\/web\/wp-json\/wp\/v2\/media?parent=34786"}],"wp:term":[{"taxonomy":"category","embeddable":true,"href":"https:\/\/elterritorialweb.com.ar\/web\/wp-json\/wp\/v2\/categories?post=34786"},{"taxonomy":"post_tag","embeddable":true,"href":"https:\/\/elterritorialweb.com.ar\/web\/wp-json\/wp\/v2\/tags?post=34786"}],"curies":[{"name":"wp","href":"https:\/\/api.w.org\/{rel}","templated":true}]}}