{"id":34822,"date":"2022-02-12T03:51:48","date_gmt":"2022-02-12T03:51:48","guid":{"rendered":"http:\/\/elterritorialweb.com.ar\/web\/?p=34822"},"modified":"2022-02-12T03:51:48","modified_gmt":"2022-02-12T03:51:48","slug":"velez-fue-mas-efectivo-y-le-gano-a-aldosivi-en-liniers","status":"publish","type":"post","link":"https:\/\/elterritorialweb.com.ar\/web\/velez-fue-mas-efectivo-y-le-gano-a-aldosivi-en-liniers\/","title":{"rendered":"VELEZ FUE M\u00c1S EFECTIVO Y LE GAN\u00d3 A ALDOSIVI EN LINIERS"},"content":{"rendered":"\n<p>V\u00e9lez debut\u00f3 este viernes en la Copa Liga Profesional con una buena victoria por 2-0 ante Aldosivi en el Jos\u00e9 Amalfitani, por la\u00a0Zona B de la\u00a0Copa Liga Profesional 2022. El equipo de Mauricio Pellegrino fue de menor a mayor y termin\u00f3 dejando pasajes de solidez defensiva y ofensiva para convertirse en un justo ganador.<\/p>\n\n\n\n<figure class=\"wp-block-image size-full\"><a href=\"https:\/\/i0.wp.com\/elterritorialweb.com.ar\/web\/wp-content\/uploads\/2022\/02\/FLWeDSJXEAISpa0-1.jpeg\"><img data-recalc-dims=\"1\" decoding=\"async\" width=\"640\" height=\"640\" data-src=\"https:\/\/i0.wp.com\/elterritorialweb.com.ar\/web\/wp-content\/uploads\/2022\/02\/FLWeDSJXEAISpa0-1.jpeg?resize=640%2C640\" alt=\"\" class=\"wp-image-34827 lazyload\" data-srcset=\"https:\/\/i0.wp.com\/elterritorialweb.com.ar\/web\/wp-content\/uploads\/2022\/02\/FLWeDSJXEAISpa0-1.jpeg?w=680&amp;ssl=1 680w, https:\/\/i0.wp.com\/elterritorialweb.com.ar\/web\/wp-content\/uploads\/2022\/02\/FLWeDSJXEAISpa0-1.jpeg?resize=300%2C300&amp;ssl=1 300w, https:\/\/i0.wp.com\/elterritorialweb.com.ar\/web\/wp-content\/uploads\/2022\/02\/FLWeDSJXEAISpa0-1.jpeg?resize=150%2C150&amp;ssl=1 150w\" data-sizes=\"(max-width: 640px) 100vw, 640px\" src=\"data:image\/svg+xml;base64,PHN2ZyB3aWR0aD0iMSIgaGVpZ2h0PSIxIiB4bWxucz0iaHR0cDovL3d3dy53My5vcmcvMjAwMC9zdmciPjwvc3ZnPg==\" style=\"--smush-placeholder-width: 640px; --smush-placeholder-aspect-ratio: 640\/640;\" \/><\/a><\/figure>\n\n\n\n<p>En el primer tiempo, el conjunto de Mart\u00edn Palermo arranc\u00f3 mejor en tres cuartos de cancha aunque le cost\u00f3 generar peligro claro. Pero promediando la etapa el tr\u00e1mite gan\u00f3 en v\u00e9rtigo y empez\u00f3 a crecer el local de la mano de sus individualidades. Y all\u00ed fue donde apareci\u00f3\u00a0Jos\u00e9 Devecchi\u00a0para ahogar las mejores chances: le tap\u00f3 un disparo a Nicol\u00e1s Garayalde tras una gran jugada colectiva y una volea envenenada a Lucas Pratto.<\/p>\n\n\n\n<figure class=\"wp-block-image size-full is-resized\"><a href=\"https:\/\/i0.wp.com\/elterritorialweb.com.ar\/web\/wp-content\/uploads\/2022\/02\/FLWptNiWQAAIrgd.jpeg\"><img data-recalc-dims=\"1\" decoding=\"async\" data-src=\"https:\/\/i0.wp.com\/elterritorialweb.com.ar\/web\/wp-content\/uploads\/2022\/02\/FLWptNiWQAAIrgd.jpeg?resize=393%2C393\" alt=\"\" class=\"wp-image-34825 lazyload\" width=\"393\" height=\"393\" data-srcset=\"https:\/\/i0.wp.com\/elterritorialweb.com.ar\/web\/wp-content\/uploads\/2022\/02\/FLWptNiWQAAIrgd.jpeg?w=680&amp;ssl=1 680w, https:\/\/i0.wp.com\/elterritorialweb.com.ar\/web\/wp-content\/uploads\/2022\/02\/FLWptNiWQAAIrgd.jpeg?resize=300%2C300&amp;ssl=1 300w, https:\/\/i0.wp.com\/elterritorialweb.com.ar\/web\/wp-content\/uploads\/2022\/02\/FLWptNiWQAAIrgd.jpeg?resize=150%2C150&amp;ssl=1 150w\" data-sizes=\"(max-width: 393px) 100vw, 393px\" src=\"data:image\/svg+xml;base64,PHN2ZyB3aWR0aD0iMSIgaGVpZ2h0PSIxIiB4bWxucz0iaHR0cDovL3d3dy53My5vcmcvMjAwMC9zdmciPjwvc3ZnPg==\" style=\"--smush-placeholder-width: 393px; --smush-placeholder-aspect-ratio: 393\/393;\" \/><\/a><\/figure>\n\n\n\n<p>En el complemento se destaparon las ollas. Devecchi volvi\u00f3 a aparecer ante Mat\u00edas De los Santos y en la siguiente\u00a0le anularon un gol a Lucas Janson\u00a0por un fino offside.\u00a0Luca Orellano\u00a0se top\u00f3 con el arquero y, a los 19, recibi\u00f3 solo por derecha y dispar\u00f3 al segundo palo para abrir el marcador.<\/p>\n\n\n\n<figure class=\"wp-block-image size-full\"><a href=\"https:\/\/i0.wp.com\/elterritorialweb.com.ar\/web\/wp-content\/uploads\/2022\/02\/FLWuYTZWQAINX-v.jpeg\"><img data-recalc-dims=\"1\" decoding=\"async\" width=\"640\" height=\"552\" data-src=\"https:\/\/i0.wp.com\/elterritorialweb.com.ar\/web\/wp-content\/uploads\/2022\/02\/FLWuYTZWQAINX-v.jpeg?resize=640%2C552\" alt=\"\" class=\"wp-image-34824 lazyload\" data-srcset=\"https:\/\/i0.wp.com\/elterritorialweb.com.ar\/web\/wp-content\/uploads\/2022\/02\/FLWuYTZWQAINX-v.jpeg?w=680&amp;ssl=1 680w, https:\/\/i0.wp.com\/elterritorialweb.com.ar\/web\/wp-content\/uploads\/2022\/02\/FLWuYTZWQAINX-v.jpeg?resize=300%2C259&amp;ssl=1 300w\" data-sizes=\"(max-width: 640px) 100vw, 640px\" src=\"data:image\/svg+xml;base64,PHN2ZyB3aWR0aD0iMSIgaGVpZ2h0PSIxIiB4bWxucz0iaHR0cDovL3d3dy53My5vcmcvMjAwMC9zdmciPjwvc3ZnPg==\" style=\"--smush-placeholder-width: 640px; --smush-placeholder-aspect-ratio: 640\/552;\" \/><\/a><\/figure>\n\n\n\n<p>Lucas Hoyos tuvo trabajo luego ante Edwin Mosquera, pero la visita se fue desdibujando. Como buena noticia, cont\u00f3 con&nbsp;el regreso de Santiago Silva,&nbsp;quien debi\u00f3 ausentarse dos a\u00f1os por una sanci\u00f3n por doping por testosterona, que hab\u00eda consumido para un tratamiento de fertilidad.<\/p>\n\n\n\n<p>A los 27, un gran avance sincronizado del Fort\u00edn termin\u00f3 con&nbsp;Janson&nbsp;disparando muy bien a la derecha de Devecchi para aumentar ventajas. Despu\u00e9s Silva lo tuvo pero defini\u00f3 alto, y en tiempo cumplido&nbsp;vio la roja Nicol\u00e1s Valentini&nbsp;en los marplatenses. Todo se dio as\u00ed a pedir de V\u00e9lez y su promisorio arranque. Habr\u00e1 que ver c\u00f3mo sigue su historia.<\/p>\n","protected":false},"excerpt":{"rendered":"<p>Los dirigidos por Mauricio Pellegrino derrot\u00f3 2 a 0 frente a los marplatenses, por la Zona B, en uno de los partidos que se juegan este viernes por el torneo de Primera Divisi\u00f3n. Luca Orellano y Lucas Janson anotaron los goles para el local.<\/p>\n","protected":false},"author":2,"featured_media":34823,"comment_status":"open","ping_status":"open","sticky":false,"template":"","format":"standard","meta":{"om_disable_all_campaigns":false,"_monsterinsights_skip_tracking":false,"_monsterinsights_sitenote_active":false,"_monsterinsights_sitenote_note":"","_monsterinsights_sitenote_category":0,"_uf_show_specific_survey":0,"_uf_disable_surveys":false,"jetpack_post_was_ever_published":false,"_jetpack_newsletter_access":"","_jetpack_dont_email_post_to_subs":false,"_jetpack_newsletter_tier_id":0,"_jetpack_memberships_contains_paywalled_content":false,"_jetpack_memberships_contains_paid_content":false,"footnotes":"","jetpack_publicize_message":"","jetpack_publicize_feature_enabled":true,"jetpack_social_post_already_shared":false,"jetpack_social_options":{"image_generator_settings":{"template":"highway","default_image_id":0,"font":"","enabled":false},"version":2}},"categories":[6],"tags":[],"class_list":["post-34822","post","type-post","status-publish","format-standard","has-post-thumbnail","hentry","category-deportes"],"aioseo_notices":[],"views":7,"jetpack_publicize_connections":[],"jetpack_featured_media_url":"https:\/\/i0.wp.com\/elterritorialweb.com.ar\/web\/wp-content\/uploads\/2022\/02\/FLWew55XsAECSO7.jpeg?fit=680%2C453&ssl=1","jetpack_sharing_enabled":true,"_links":{"self":[{"href":"https:\/\/elterritorialweb.com.ar\/web\/wp-json\/wp\/v2\/posts\/34822","targetHints":{"allow":["GET"]}}],"collection":[{"href":"https:\/\/elterritorialweb.com.ar\/web\/wp-json\/wp\/v2\/posts"}],"about":[{"href":"https:\/\/elterritorialweb.com.ar\/web\/wp-json\/wp\/v2\/types\/post"}],"author":[{"embeddable":true,"href":"https:\/\/elterritorialweb.com.ar\/web\/wp-json\/wp\/v2\/users\/2"}],"replies":[{"embeddable":true,"href":"https:\/\/elterritorialweb.com.ar\/web\/wp-json\/wp\/v2\/comments?post=34822"}],"version-history":[{"count":1,"href":"https:\/\/elterritorialweb.com.ar\/web\/wp-json\/wp\/v2\/posts\/34822\/revisions"}],"predecessor-version":[{"id":34828,"href":"https:\/\/elterritorialweb.com.ar\/web\/wp-json\/wp\/v2\/posts\/34822\/revisions\/34828"}],"wp:featuredmedia":[{"embeddable":true,"href":"https:\/\/elterritorialweb.com.ar\/web\/wp-json\/wp\/v2\/media\/34823"}],"wp:attachment":[{"href":"https:\/\/elterritorialweb.com.ar\/web\/wp-json\/wp\/v2\/media?parent=34822"}],"wp:term":[{"taxonomy":"category","embeddable":true,"href":"https:\/\/elterritorialweb.com.ar\/web\/wp-json\/wp\/v2\/categories?post=34822"},{"taxonomy":"post_tag","embeddable":true,"href":"https:\/\/elterritorialweb.com.ar\/web\/wp-json\/wp\/v2\/tags?post=34822"}],"curies":[{"name":"wp","href":"https:\/\/api.w.org\/{rel}","templated":true}]}}