{"id":34829,"date":"2022-02-12T04:03:19","date_gmt":"2022-02-12T04:03:19","guid":{"rendered":"http:\/\/elterritorialweb.com.ar\/web\/?p=34829"},"modified":"2022-02-12T04:04:13","modified_gmt":"2022-02-12T04:04:13","slug":"se-registraron-16-503-nuevos-casos-positivos-en-el-pais","status":"publish","type":"post","link":"https:\/\/elterritorialweb.com.ar\/web\/se-registraron-16-503-nuevos-casos-positivos-en-el-pais\/","title":{"rendered":"SE REGISTRARON 16.503 NUEVOS CASOS POSITIVOS DE CORONAVIRUS EN EL PA\u00cdS"},"content":{"rendered":"\n<p>Otras 152 personas murieron y 16.503 fueron reportadas con coronavirus en las \u00faltimas 24 horas en la Argentina, con lo que suman 123.859 los fallecidos registrados oficialmente a nivel nacional y 8.716.940 los contagiados desde el inicio de la pandemia, inform\u00f3 este viernes el Ministerio de Salud.<\/p>\n\n\n\n<p>De los 8.716.940 contagiados, 8.367.647 recibieron el alta y 225.734 son casos confirmados activos.<\/p>\n\n\n\n<h3 class=\"wp-block-heading\" id=\"terapia-intensiva\">Terapia intensiva<\/h3>\n\n\n\n<p>La cartera sanitaria indic\u00f3 que son&nbsp;<strong>2.107 los internados con coronavirus en unidades de terapia intensiva<\/strong>, con un porcentaje de ocupaci\u00f3n de camas de adultos en el sector p\u00fablico y privado, para todas las patolog\u00edas, de&nbsp;<strong>46,1% en el pa\u00eds y de 44,4% en el \u00c1rea Metropolitana de Buenos Aires.<\/strong><\/p>\n\n\n\n<h3 class=\"wp-block-heading\" id=\"vacunacion\">Vacunaci\u00f3n<\/h3>\n\n\n\n<p>De acuerdo con el Monitor P\u00fablico de Vacunaci\u00f3n, el&nbsp;<strong>total de dosis aplicadas asciende a 90.476.757<\/strong>, de los cuales 39.991.489 recibieron una dosis, 35.643.206 las dos, 3.040.043 una adicional y 11.801.659 una de refuerzo, mientras que las vacunas distribuidas a las jurisdicciones llegan a 97.690.019 y las donadas a 5.083.000.<\/p>\n\n\n\n<h3 class=\"wp-block-heading\" id=\"detalles-de-los-fallecidos\">Detalles de los fallecidos<\/h3>\n\n\n\n<p>El parte precis\u00f3 que&nbsp;<strong>murieron 87 hombres<\/strong>, 50 en la provincia de Buenos Aires, 6 en la Ciudad de Buenos Aires, 6 en Chaco, 2 en Corrientes, 8 en C\u00f3rdoba, 2 en Formosa, 5 en Misiones, 1 en R\u00edo Negro, 2 en Salta, 4 en Santa Fe y 1 en Santiago del Estero.<\/p>\n\n\n\n<p>Tambi\u00e9n fallecieron&nbsp;<strong>64 mujeres<\/strong>: 36 en la provincia de Buenos Aires, 11 en la Ciudad de Buenos Aires, 3 en Chaco, 4 en C\u00f3rdoba, 2 en Entre R\u00edos, 1 en Formosa, 1 en Misiones, 1 en R\u00edo Negro, 1 en San Luis y 4 en Santa Fe.<\/p>\n\n\n\n<p>En tanto, una persona que falleci\u00f3 en la provincia de Buenos Aires fue reportada sin dato de sexo.<\/p>\n\n\n\n<h3 class=\"wp-block-heading\" id=\"contagios-provincia-por-provincia\">Contagios provincia por provincia<\/h3>\n\n\n\n<p>Este viernes se registraron en la provincia de Buenos Aires 6.764 casos; en la Ciudad de Buenos Aires, 1.467; en Catamarca, 106; en Chaco, 252; en Chubut, 123; en Corrientes, 474; en C\u00f3rdoba, 2.176; en Entre R\u00edos, 359; en Formosa, 494; en Jujuy, 101; en La Pampa, 272; en La Rioja, 438; en Mendoza, 526; en Misiones, 300; en Neuqu\u00e9n, 170; en R\u00edo Negro, 140; en Salta, 219; en San Juan, 181; en San Luis, 139; en Santa Cruz, 114; en Santa Fe, 1.163; en Santiago del Estero, 60; en Tierra del Fuego, 106 y en Tucum\u00e1n, 359.<\/p>\n\n\n\n<h2 class=\"wp-block-heading\" id=\"testeos\">Testeos<\/h2>\n\n\n\n<p>El Ministerio agreg\u00f3 que se realizaron<strong>&nbsp;en las \u00faltimas 24 horas 56.349 testeos<\/strong>&nbsp;y desde el inicio del brote ascienden a 33.379.641 las pruebas diagn\u00f3sticas para esta enfermedad.<\/p>\n\n\n\n<p>El total de acumulados por distrito indica para la provincia de Buenos Aires 3.397.566 casos; la Ciudad de Buenos Aires, 980.968; Catamarca, 84.514; Chaco, 163.311; Chubut, 113.329; Corrientes, 127.635; C\u00f3rdoba, 937.098; Entre R\u00edos, 195.299; Formosa, 107.265; Jujuy, 104.121; La Pampa, 102.658; La Rioja, 47.682; Mendoza, 265.426; Misiones, 51.967; Neuqu\u00e9n, 165.236; R\u00edo Negro, 143.013; Salta, 153.641; San Juan, 143.656; San Luis, 132.393; Santa Cruz, 85.835; Santa Fe, 718.587; Santiago del Estero, 124.084; Tierra del Fuego, 45.046 y Tucum\u00e1n, 326.610.<\/p>\n\n\n\n<p>Se incluyen casos existentes en las Islas Malvinas seg\u00fan informaci\u00f3n de prensa (debido a la ocupaci\u00f3n ilegal del Reino Unido, Gran Breta\u00f1a e Irlanda del Norte no es posible contar con informaci\u00f3n propia sobre el impacto de la Covid-19 en esa parte del territorio argentino).<\/p>\n","protected":false},"excerpt":{"rendered":"<p>Otras 152 personas murieron y 16.503 fueron reportadas con Covid-19 en las \u00faltimas 24 horas en la Argentina, con lo que suman 123.859 los fallecidos registrados a nivel nacional y 8.716.940 los contagiados desde el inicio de la pandemia. <\/p>\n","protected":false},"author":2,"featured_media":34830,"comment_status":"open","ping_status":"open","sticky":false,"template":"","format":"standard","meta":{"om_disable_all_campaigns":false,"_monsterinsights_skip_tracking":false,"_monsterinsights_sitenote_active":false,"_monsterinsights_sitenote_note":"","_monsterinsights_sitenote_category":0,"_uf_show_specific_survey":0,"_uf_disable_surveys":false,"jetpack_post_was_ever_published":false,"_jetpack_newsletter_access":"","_jetpack_dont_email_post_to_subs":false,"_jetpack_newsletter_tier_id":0,"_jetpack_memberships_contains_paywalled_content":false,"_jetpack_memberships_contains_paid_content":false,"footnotes":"","jetpack_publicize_message":"","jetpack_publicize_feature_enabled":true,"jetpack_social_post_already_shared":false,"jetpack_social_options":{"image_generator_settings":{"template":"highway","default_image_id":0,"font":"","enabled":false},"version":2}},"categories":[3],"tags":[],"class_list":["post-34829","post","type-post","status-publish","format-standard","has-post-thumbnail","hentry","category-salud"],"aioseo_notices":[],"views":11,"jetpack_publicize_connections":[],"jetpack_featured_media_url":"https:\/\/i0.wp.com\/elterritorialweb.com.ar\/web\/wp-content\/uploads\/2022\/02\/VUCQITLLSJG5HJGSX5MFXZ3KLY-1.jpeg?fit=768%2C512&ssl=1","jetpack_sharing_enabled":true,"_links":{"self":[{"href":"https:\/\/elterritorialweb.com.ar\/web\/wp-json\/wp\/v2\/posts\/34829","targetHints":{"allow":["GET"]}}],"collection":[{"href":"https:\/\/elterritorialweb.com.ar\/web\/wp-json\/wp\/v2\/posts"}],"about":[{"href":"https:\/\/elterritorialweb.com.ar\/web\/wp-json\/wp\/v2\/types\/post"}],"author":[{"embeddable":true,"href":"https:\/\/elterritorialweb.com.ar\/web\/wp-json\/wp\/v2\/users\/2"}],"replies":[{"embeddable":true,"href":"https:\/\/elterritorialweb.com.ar\/web\/wp-json\/wp\/v2\/comments?post=34829"}],"version-history":[{"count":2,"href":"https:\/\/elterritorialweb.com.ar\/web\/wp-json\/wp\/v2\/posts\/34829\/revisions"}],"predecessor-version":[{"id":34832,"href":"https:\/\/elterritorialweb.com.ar\/web\/wp-json\/wp\/v2\/posts\/34829\/revisions\/34832"}],"wp:featuredmedia":[{"embeddable":true,"href":"https:\/\/elterritorialweb.com.ar\/web\/wp-json\/wp\/v2\/media\/34830"}],"wp:attachment":[{"href":"https:\/\/elterritorialweb.com.ar\/web\/wp-json\/wp\/v2\/media?parent=34829"}],"wp:term":[{"taxonomy":"category","embeddable":true,"href":"https:\/\/elterritorialweb.com.ar\/web\/wp-json\/wp\/v2\/categories?post=34829"},{"taxonomy":"post_tag","embeddable":true,"href":"https:\/\/elterritorialweb.com.ar\/web\/wp-json\/wp\/v2\/tags?post=34829"}],"curies":[{"name":"wp","href":"https:\/\/api.w.org\/{rel}","templated":true}]}}