{"id":34836,"date":"2022-02-12T06:48:15","date_gmt":"2022-02-12T06:48:15","guid":{"rendered":"http:\/\/elterritorialweb.com.ar\/web\/?p=34836"},"modified":"2022-02-12T06:48:15","modified_gmt":"2022-02-12T06:48:15","slug":"operativo-de-salud-en-el-paraje-san-ramon","status":"publish","type":"post","link":"https:\/\/elterritorialweb.com.ar\/web\/operativo-de-salud-en-el-paraje-san-ramon\/","title":{"rendered":"OPERATIVO DE SALUD EN EL PARAJE SAN RAM\u00d3N"},"content":{"rendered":"\n<p>El operativo tendr\u00e1 lugar en las instalaciones de la Escuela N\u00ba 1042 \u00abJos\u00e9 Jorge Llapur\u00bb; dar\u00e1 comienzo a las 9 de la ma\u00f1ana y se extender\u00e1 hasta las 12 del mediod\u00eda.<\/p>\n\n\n\n<p>En esta oportunidad el Dr. Alustiza realizar\u00e1 en cl\u00ednica m\u00e9dica y llenar\u00e1 las fichas de salud para ingreso escolar. Asimismo, la obstetra Lic. Lliana Ib\u00e1\u00f1ez realizar\u00e1 controles de embarazos; se colocaran implantes subd\u00e9rmicos y se har\u00e1 entrega de anticonceptivos.<\/p>\n\n\n\n<p>Cabe recordar que el pasado s\u00e1bado, el operativo estuvo dispuesto en el paraje Buey Muerto donde hubo una gran concurrencia de vecinos. Desde el municipio adelantaron que estos operativos continuaran desarroll\u00e1ndose en las zonas rurales con el fin de acercar los servicios de salud a los pobladores de los parajes.<\/p>\n","protected":false},"excerpt":{"rendered":"<p>La Municipalidad de la Ciudad de Fern\u00e1ndez, a trav\u00e9s del Centro Integrador Comunitario (CIC), dependiente de la Direcci\u00f3n de Acci\u00f3n Social comunal, inform\u00f3 que este s\u00e1bado 12 de febrero, se realizar\u00e1 un operativo de salud en el paraje San Ram\u00f3n.<\/p>\n","protected":false},"author":2,"featured_media":34837,"comment_status":"open","ping_status":"open","sticky":false,"template":"","format":"standard","meta":{"om_disable_all_campaigns":false,"_monsterinsights_skip_tracking":false,"_monsterinsights_sitenote_active":false,"_monsterinsights_sitenote_note":"","_monsterinsights_sitenote_category":0,"_uf_show_specific_survey":0,"_uf_disable_surveys":false,"jetpack_post_was_ever_published":false,"_jetpack_newsletter_access":"","_jetpack_dont_email_post_to_subs":false,"_jetpack_newsletter_tier_id":0,"_jetpack_memberships_contains_paywalled_content":false,"_jetpack_memberships_contains_paid_content":false,"footnotes":"","jetpack_publicize_message":"","jetpack_publicize_feature_enabled":true,"jetpack_social_post_already_shared":false,"jetpack_social_options":{"image_generator_settings":{"template":"highway","default_image_id":0,"font":"","enabled":false},"version":2}},"categories":[3],"tags":[],"class_list":["post-34836","post","type-post","status-publish","format-standard","has-post-thumbnail","hentry","category-salud"],"aioseo_notices":[],"views":9,"jetpack_publicize_connections":[],"jetpack_featured_media_url":"https:\/\/i0.wp.com\/elterritorialweb.com.ar\/web\/wp-content\/uploads\/2022\/02\/Screenshot_20220212-0346122.png?fit=634%2C499&ssl=1","jetpack_sharing_enabled":true,"_links":{"self":[{"href":"https:\/\/elterritorialweb.com.ar\/web\/wp-json\/wp\/v2\/posts\/34836","targetHints":{"allow":["GET"]}}],"collection":[{"href":"https:\/\/elterritorialweb.com.ar\/web\/wp-json\/wp\/v2\/posts"}],"about":[{"href":"https:\/\/elterritorialweb.com.ar\/web\/wp-json\/wp\/v2\/types\/post"}],"author":[{"embeddable":true,"href":"https:\/\/elterritorialweb.com.ar\/web\/wp-json\/wp\/v2\/users\/2"}],"replies":[{"embeddable":true,"href":"https:\/\/elterritorialweb.com.ar\/web\/wp-json\/wp\/v2\/comments?post=34836"}],"version-history":[{"count":1,"href":"https:\/\/elterritorialweb.com.ar\/web\/wp-json\/wp\/v2\/posts\/34836\/revisions"}],"predecessor-version":[{"id":34838,"href":"https:\/\/elterritorialweb.com.ar\/web\/wp-json\/wp\/v2\/posts\/34836\/revisions\/34838"}],"wp:featuredmedia":[{"embeddable":true,"href":"https:\/\/elterritorialweb.com.ar\/web\/wp-json\/wp\/v2\/media\/34837"}],"wp:attachment":[{"href":"https:\/\/elterritorialweb.com.ar\/web\/wp-json\/wp\/v2\/media?parent=34836"}],"wp:term":[{"taxonomy":"category","embeddable":true,"href":"https:\/\/elterritorialweb.com.ar\/web\/wp-json\/wp\/v2\/categories?post=34836"},{"taxonomy":"post_tag","embeddable":true,"href":"https:\/\/elterritorialweb.com.ar\/web\/wp-json\/wp\/v2\/tags?post=34836"}],"curies":[{"name":"wp","href":"https:\/\/api.w.org\/{rel}","templated":true}]}}