{"id":34867,"date":"2022-02-12T23:04:19","date_gmt":"2022-02-12T23:04:19","guid":{"rendered":"http:\/\/elterritorialweb.com.ar\/web\/?p=34867"},"modified":"2022-02-12T23:05:01","modified_gmt":"2022-02-12T23:05:01","slug":"control-de-carnicerias-en-los-departamentos-san-martin-y-robles","status":"publish","type":"post","link":"https:\/\/elterritorialweb.com.ar\/web\/control-de-carnicerias-en-los-departamentos-san-martin-y-robles\/","title":{"rendered":"CONTROL DE CARNICER\u00cdAS EN LOS DEPARTAMENTOS  SAN MART\u00cdN Y ROBLES"},"content":{"rendered":"\n<p>Las inspecciones se llevaron a cabo con la colaboraci\u00f3n de la Polic\u00eda de la Provincia, en el departamento San Martin, donde en la localidad de Brea Pozo se procedi\u00f3 al control de 8 ocho carnicer\u00edas. De ellas 3 (tres) fueron cerradas, 2 (dos) apercibidas por falta de higiene y 3 (tres) por falta de registro. Tambi\u00e9n hubo control en el departamento Robles. En la ciudad de Forre se visitaron 2 (dos) carnicer\u00edas.<br>Producto de estas tareas se decomisaron 120 Kg. aproximadamente de carne vacuna clandestina (sin inspecci\u00f3n veterinaria) a la firma El Negrito con domicilio en Mendoza s\/n, B\u00b0 Avellaneda, Forres y 120 Kg. decomisados, a la firma Carnicer\u00eda de Marcelo Fern\u00e1ndez, con domicilio en Forres.<\/p>\n\n\n\n<figure class=\"wp-block-image size-large\"><a href=\"https:\/\/i0.wp.com\/elterritorialweb.com.ar\/web\/wp-content\/uploads\/2022\/02\/control1.jpeg\"><img data-recalc-dims=\"1\" decoding=\"async\" width=\"640\" height=\"413\" data-src=\"https:\/\/i0.wp.com\/elterritorialweb.com.ar\/web\/wp-content\/uploads\/2022\/02\/control1.jpeg?resize=640%2C413\" alt=\"\" class=\"wp-image-34869 lazyload\" data-srcset=\"https:\/\/i0.wp.com\/elterritorialweb.com.ar\/web\/wp-content\/uploads\/2022\/02\/control1.jpeg?resize=1024%2C661&amp;ssl=1 1024w, https:\/\/i0.wp.com\/elterritorialweb.com.ar\/web\/wp-content\/uploads\/2022\/02\/control1.jpeg?resize=300%2C194&amp;ssl=1 300w, https:\/\/i0.wp.com\/elterritorialweb.com.ar\/web\/wp-content\/uploads\/2022\/02\/control1.jpeg?resize=768%2C495&amp;ssl=1 768w, https:\/\/i0.wp.com\/elterritorialweb.com.ar\/web\/wp-content\/uploads\/2022\/02\/control1.jpeg?w=1116&amp;ssl=1 1116w\" data-sizes=\"(max-width: 640px) 100vw, 640px\" src=\"data:image\/svg+xml;base64,PHN2ZyB3aWR0aD0iMSIgaGVpZ2h0PSIxIiB4bWxucz0iaHR0cDovL3d3dy53My5vcmcvMjAwMC9zdmciPjwvc3ZnPg==\" style=\"--smush-placeholder-width: 640px; --smush-placeholder-aspect-ratio: 640\/413;\" \/><\/a><\/figure>\n\n\n\n<p>Asimismo, se CLAUSUR\u00d3 DE FORMA PREVENTIVA la C\u00e1mara y zona de comercializaci\u00f3n de carne de la firma El Negrito por no estar habilitada por ning\u00fan organismo oficial (nacional o provincial), inst\u00e1ndolo a registrarse en el registro de operadores de carne (ROC).<br>Estas acciones de la Direcci\u00f3n de Agricultura y Ganader\u00eda, organismo de aplicaci\u00f3n de la Ley Federal de Carnes y Ley Provincial N\u00ba 5893\/92 tienen como objetivo el cuidado de la salud p\u00fablica, evitando as\u00ed que las enfermedades propias de los animales y las contaminaciones afecten a los consumidores.<\/p>\n","protected":false},"excerpt":{"rendered":"<p>La Direcci\u00f3n General de Agricultura y Ganader\u00eda (\u00c1rea PROCARNE-Fiscalizaci\u00f3n), dependiente del Ministerio de Producci\u00f3n de la Provincia continua con las inspecciones de comercios minoristas de carnes a fin de verificar el origen de sus productos, estado higi\u00e9nico &#8211; sanitario del local y de las c\u00e1maras frigor\u00edficas, controlando el cumplimiento de las normas contenidas en la Ley Federal de Carnes N\u00ba 22.375 y Ley Provincial N\u00ba 5.893\/92.<\/p>\n","protected":false},"author":2,"featured_media":34868,"comment_status":"open","ping_status":"open","sticky":false,"template":"","format":"standard","meta":{"om_disable_all_campaigns":false,"_monsterinsights_skip_tracking":false,"_monsterinsights_sitenote_active":false,"_monsterinsights_sitenote_note":"","_monsterinsights_sitenote_category":0,"_uf_show_specific_survey":0,"_uf_disable_surveys":false,"jetpack_post_was_ever_published":false,"_jetpack_newsletter_access":"","_jetpack_dont_email_post_to_subs":false,"_jetpack_newsletter_tier_id":0,"_jetpack_memberships_contains_paywalled_content":false,"_jetpack_memberships_contains_paid_content":false,"footnotes":"","jetpack_publicize_message":"","jetpack_publicize_feature_enabled":true,"jetpack_social_post_already_shared":false,"jetpack_social_options":{"image_generator_settings":{"template":"highway","default_image_id":0,"font":"","enabled":false},"version":2}},"categories":[21],"tags":[],"class_list":["post-34867","post","type-post","status-publish","format-standard","has-post-thumbnail","hentry","category-locales"],"aioseo_notices":[],"views":11,"jetpack_publicize_connections":[],"jetpack_featured_media_url":"https:\/\/i0.wp.com\/elterritorialweb.com.ar\/web\/wp-content\/uploads\/2022\/02\/control-.jpeg?fit=716%2C1190&ssl=1","jetpack_sharing_enabled":true,"_links":{"self":[{"href":"https:\/\/elterritorialweb.com.ar\/web\/wp-json\/wp\/v2\/posts\/34867","targetHints":{"allow":["GET"]}}],"collection":[{"href":"https:\/\/elterritorialweb.com.ar\/web\/wp-json\/wp\/v2\/posts"}],"about":[{"href":"https:\/\/elterritorialweb.com.ar\/web\/wp-json\/wp\/v2\/types\/post"}],"author":[{"embeddable":true,"href":"https:\/\/elterritorialweb.com.ar\/web\/wp-json\/wp\/v2\/users\/2"}],"replies":[{"embeddable":true,"href":"https:\/\/elterritorialweb.com.ar\/web\/wp-json\/wp\/v2\/comments?post=34867"}],"version-history":[{"count":1,"href":"https:\/\/elterritorialweb.com.ar\/web\/wp-json\/wp\/v2\/posts\/34867\/revisions"}],"predecessor-version":[{"id":34870,"href":"https:\/\/elterritorialweb.com.ar\/web\/wp-json\/wp\/v2\/posts\/34867\/revisions\/34870"}],"wp:featuredmedia":[{"embeddable":true,"href":"https:\/\/elterritorialweb.com.ar\/web\/wp-json\/wp\/v2\/media\/34868"}],"wp:attachment":[{"href":"https:\/\/elterritorialweb.com.ar\/web\/wp-json\/wp\/v2\/media?parent=34867"}],"wp:term":[{"taxonomy":"category","embeddable":true,"href":"https:\/\/elterritorialweb.com.ar\/web\/wp-json\/wp\/v2\/categories?post=34867"},{"taxonomy":"post_tag","embeddable":true,"href":"https:\/\/elterritorialweb.com.ar\/web\/wp-json\/wp\/v2\/tags?post=34867"}],"curies":[{"name":"wp","href":"https:\/\/api.w.org\/{rel}","templated":true}]}}