{"id":34874,"date":"2022-02-13T00:00:25","date_gmt":"2022-02-13T00:00:25","guid":{"rendered":"http:\/\/elterritorialweb.com.ar\/web\/?p=34874"},"modified":"2022-02-13T00:00:25","modified_gmt":"2022-02-13T00:00:25","slug":"mirolo-recibio-a-autoridades-de-la-cnrt-y-dialogaron-sobre-los-operativos-verano-seguro","status":"publish","type":"post","link":"https:\/\/elterritorialweb.com.ar\/web\/mirolo-recibio-a-autoridades-de-la-cnrt-y-dialogaron-sobre-los-operativos-verano-seguro\/","title":{"rendered":"MIROLO RECIBI\u00d3 A AUTORIDADES DE LA CNRT Y DIALOGARON SOBRE LOS OPERATIVOS \u00abVERANO SEGURO\u00bb"},"content":{"rendered":"\n<p>En la oportunidad, particip\u00f3 la diputada provincial, Mariana Morales; el gerente del organismo mencionado, Emanuel Sanchez y el delegado local del mismo, Leonardo Suarez.<br>Seg\u00fan expres\u00f3 el jefe comunal, \u00abrecibir a las autoridades de este organismo es muy importante porque trabajan en la seguridad y operativos de fiscalizaci\u00f3n de nuestras rutas\u00bb.<\/p>\n\n\n\n<figure class=\"wp-block-image size-full\"><a href=\"https:\/\/i0.wp.com\/elterritorialweb.com.ar\/web\/wp-content\/uploads\/2022\/02\/IMG-20220212-WA0014.jpg\"><img data-recalc-dims=\"1\" decoding=\"async\" width=\"640\" height=\"596\" data-src=\"https:\/\/i0.wp.com\/elterritorialweb.com.ar\/web\/wp-content\/uploads\/2022\/02\/IMG-20220212-WA0014.jpg?resize=640%2C596\" alt=\"\" class=\"wp-image-34876 lazyload\" data-srcset=\"https:\/\/i0.wp.com\/elterritorialweb.com.ar\/web\/wp-content\/uploads\/2022\/02\/IMG-20220212-WA0014.jpg?w=720&amp;ssl=1 720w, https:\/\/i0.wp.com\/elterritorialweb.com.ar\/web\/wp-content\/uploads\/2022\/02\/IMG-20220212-WA0014.jpg?resize=300%2C280&amp;ssl=1 300w\" data-sizes=\"(max-width: 640px) 100vw, 640px\" src=\"data:image\/svg+xml;base64,PHN2ZyB3aWR0aD0iMSIgaGVpZ2h0PSIxIiB4bWxucz0iaHR0cDovL3d3dy53My5vcmcvMjAwMC9zdmciPjwvc3ZnPg==\" style=\"--smush-placeholder-width: 640px; --smush-placeholder-aspect-ratio: 640\/596;\" \/><\/a><\/figure>\n\n\n\n<p>Cabe destacar, que el Programa Verano Seguro 2022&#8242; est\u00e1 pensado para acompa\u00f1ar una temporada de verano diferente, una temporada a\u00f1orada por los argentinos y argentinas tras la pandemia.<\/p>\n","protected":false},"excerpt":{"rendered":"<p>El intendente de la ciudad de La Banda, Pablo Mirolo mantuvo una reuni\u00f3n con autoridades de la Comisi\u00f3n Nacional de la Regulaci\u00f3n de Transporte (CNRT) y analizaron la implementaci\u00f3n del Programa \u00abVerano seguro\u00bb.<\/p>\n","protected":false},"author":2,"featured_media":34875,"comment_status":"open","ping_status":"open","sticky":false,"template":"","format":"standard","meta":{"om_disable_all_campaigns":false,"_monsterinsights_skip_tracking":false,"_monsterinsights_sitenote_active":false,"_monsterinsights_sitenote_note":"","_monsterinsights_sitenote_category":0,"_uf_show_specific_survey":0,"_uf_disable_surveys":false,"jetpack_post_was_ever_published":false,"_jetpack_newsletter_access":"","_jetpack_dont_email_post_to_subs":false,"_jetpack_newsletter_tier_id":0,"_jetpack_memberships_contains_paywalled_content":false,"_jetpack_memberships_contains_paid_content":false,"footnotes":"","jetpack_publicize_message":"","jetpack_publicize_feature_enabled":true,"jetpack_social_post_already_shared":false,"jetpack_social_options":{"image_generator_settings":{"template":"highway","default_image_id":0,"font":"","enabled":false},"version":2}},"categories":[21],"tags":[],"class_list":["post-34874","post","type-post","status-publish","format-standard","has-post-thumbnail","hentry","category-locales"],"aioseo_notices":[],"views":8,"jetpack_publicize_connections":[],"jetpack_featured_media_url":"https:\/\/i0.wp.com\/elterritorialweb.com.ar\/web\/wp-content\/uploads\/2022\/02\/IMG-20220212-WA0013.jpg?fit=720%2C671&ssl=1","jetpack_sharing_enabled":true,"_links":{"self":[{"href":"https:\/\/elterritorialweb.com.ar\/web\/wp-json\/wp\/v2\/posts\/34874","targetHints":{"allow":["GET"]}}],"collection":[{"href":"https:\/\/elterritorialweb.com.ar\/web\/wp-json\/wp\/v2\/posts"}],"about":[{"href":"https:\/\/elterritorialweb.com.ar\/web\/wp-json\/wp\/v2\/types\/post"}],"author":[{"embeddable":true,"href":"https:\/\/elterritorialweb.com.ar\/web\/wp-json\/wp\/v2\/users\/2"}],"replies":[{"embeddable":true,"href":"https:\/\/elterritorialweb.com.ar\/web\/wp-json\/wp\/v2\/comments?post=34874"}],"version-history":[{"count":1,"href":"https:\/\/elterritorialweb.com.ar\/web\/wp-json\/wp\/v2\/posts\/34874\/revisions"}],"predecessor-version":[{"id":34877,"href":"https:\/\/elterritorialweb.com.ar\/web\/wp-json\/wp\/v2\/posts\/34874\/revisions\/34877"}],"wp:featuredmedia":[{"embeddable":true,"href":"https:\/\/elterritorialweb.com.ar\/web\/wp-json\/wp\/v2\/media\/34875"}],"wp:attachment":[{"href":"https:\/\/elterritorialweb.com.ar\/web\/wp-json\/wp\/v2\/media?parent=34874"}],"wp:term":[{"taxonomy":"category","embeddable":true,"href":"https:\/\/elterritorialweb.com.ar\/web\/wp-json\/wp\/v2\/categories?post=34874"},{"taxonomy":"post_tag","embeddable":true,"href":"https:\/\/elterritorialweb.com.ar\/web\/wp-json\/wp\/v2\/tags?post=34874"}],"curies":[{"name":"wp","href":"https:\/\/api.w.org\/{rel}","templated":true}]}}