{"id":34901,"date":"2022-02-13T01:21:57","date_gmt":"2022-02-13T01:21:57","guid":{"rendered":"http:\/\/elterritorialweb.com.ar\/web\/?p=34901"},"modified":"2022-02-13T01:21:58","modified_gmt":"2022-02-13T01:21:58","slug":"la-municipalidad-convoca-a-emprendedores-de-la-economia-social-para-avanzar-con-sus-politicas-publicas","status":"publish","type":"post","link":"https:\/\/elterritorialweb.com.ar\/web\/la-municipalidad-convoca-a-emprendedores-de-la-economia-social-para-avanzar-con-sus-politicas-publicas\/","title":{"rendered":"LA MUNICIPALIDAD CONVOCA A EMPRENDEDORES DE LA ECONOM\u00cdA SOCIAL PARA AVANZAR CON SUS POL\u00cdTICAS P\u00daBLICAS"},"content":{"rendered":"\n<p>El objetivo es contribuir a la sostenibilidad, fortalecimiento y desarrollo de emprendimientos contemplando las caracter\u00edsticas econ\u00f3micas, sociales, culturales y ambientales de los mismos.<br>Se tendr\u00e1 en cuenta a las iniciativas y producciones elaborados de modo artesanal en diferentes rubros: artesan\u00edas, indumentaria, accesorios, juguetes, deco-hogar, objetos de dise\u00f1o, alimentos, entre otros.<br>Para participar de cursos de formaci\u00f3n, exposici\u00f3n y ferias coordinadas por la Municipalidad de la Capital el registro se realizar\u00e1 de modo virtual mediante un formulario o al correo electr\u00f3nico: economiasocialmunicipio@gmail.com<br>Por consultas de modo presencial podr\u00e1n dirigirse a Absal\u00f3n Rojas 248 de lunes a viernes en el horario de 16 a 20.<\/p>\n","protected":false},"excerpt":{"rendered":"<p>La Direcci\u00f3n de Desarrollo Social de la Capital invit\u00f3 a artesanos, emprendedores y dise\u00f1adores de la ciudad a inscribirse o actualizar datos para conformar el Registro Municipal de Emprendedores Locales para avanzar en las pol\u00edticas p\u00fablicas en favor de los actores de la econom\u00eda social.<\/p>\n","protected":false},"author":2,"featured_media":34902,"comment_status":"open","ping_status":"open","sticky":false,"template":"","format":"standard","meta":{"om_disable_all_campaigns":false,"_monsterinsights_skip_tracking":false,"_monsterinsights_sitenote_active":false,"_monsterinsights_sitenote_note":"","_monsterinsights_sitenote_category":0,"_uf_show_specific_survey":0,"_uf_disable_surveys":false,"jetpack_post_was_ever_published":false,"_jetpack_newsletter_access":"","_jetpack_dont_email_post_to_subs":false,"_jetpack_newsletter_tier_id":0,"_jetpack_memberships_contains_paywalled_content":false,"_jetpack_memberships_contains_paid_content":false,"footnotes":"","jetpack_publicize_message":"","jetpack_publicize_feature_enabled":true,"jetpack_social_post_already_shared":false,"jetpack_social_options":{"image_generator_settings":{"template":"highway","default_image_id":0,"font":"","enabled":false},"version":2}},"categories":[21],"tags":[],"class_list":["post-34901","post","type-post","status-publish","format-standard","has-post-thumbnail","hentry","category-locales"],"aioseo_notices":[],"views":11,"jetpack_publicize_connections":[],"jetpack_featured_media_url":"https:\/\/i0.wp.com\/elterritorialweb.com.ar\/web\/wp-content\/uploads\/2022\/02\/FB_IMG_1644714904369.jpg?fit=720%2C540&ssl=1","jetpack_sharing_enabled":true,"_links":{"self":[{"href":"https:\/\/elterritorialweb.com.ar\/web\/wp-json\/wp\/v2\/posts\/34901","targetHints":{"allow":["GET"]}}],"collection":[{"href":"https:\/\/elterritorialweb.com.ar\/web\/wp-json\/wp\/v2\/posts"}],"about":[{"href":"https:\/\/elterritorialweb.com.ar\/web\/wp-json\/wp\/v2\/types\/post"}],"author":[{"embeddable":true,"href":"https:\/\/elterritorialweb.com.ar\/web\/wp-json\/wp\/v2\/users\/2"}],"replies":[{"embeddable":true,"href":"https:\/\/elterritorialweb.com.ar\/web\/wp-json\/wp\/v2\/comments?post=34901"}],"version-history":[{"count":1,"href":"https:\/\/elterritorialweb.com.ar\/web\/wp-json\/wp\/v2\/posts\/34901\/revisions"}],"predecessor-version":[{"id":34903,"href":"https:\/\/elterritorialweb.com.ar\/web\/wp-json\/wp\/v2\/posts\/34901\/revisions\/34903"}],"wp:featuredmedia":[{"embeddable":true,"href":"https:\/\/elterritorialweb.com.ar\/web\/wp-json\/wp\/v2\/media\/34902"}],"wp:attachment":[{"href":"https:\/\/elterritorialweb.com.ar\/web\/wp-json\/wp\/v2\/media?parent=34901"}],"wp:term":[{"taxonomy":"category","embeddable":true,"href":"https:\/\/elterritorialweb.com.ar\/web\/wp-json\/wp\/v2\/categories?post=34901"},{"taxonomy":"post_tag","embeddable":true,"href":"https:\/\/elterritorialweb.com.ar\/web\/wp-json\/wp\/v2\/tags?post=34901"}],"curies":[{"name":"wp","href":"https:\/\/api.w.org\/{rel}","templated":true}]}}