{"id":34904,"date":"2022-02-13T02:38:30","date_gmt":"2022-02-13T02:38:30","guid":{"rendered":"http:\/\/elterritorialweb.com.ar\/web\/?p=34904"},"modified":"2022-02-13T02:55:05","modified_gmt":"2022-02-13T02:55:05","slug":"fernandez-vengo-trabajando-bien-para-estar-lo-mejor-posible-en-el-comienzo","status":"publish","type":"post","link":"https:\/\/elterritorialweb.com.ar\/web\/fernandez-vengo-trabajando-bien-para-estar-lo-mejor-posible-en-el-comienzo\/","title":{"rendered":"FERN\u00c1NDEZ: \u00abVENGO TRABAJANDO BIEN PARA ESTAR LO MEJOR POSIBLE EN EL COMIENZO\u00bb"},"content":{"rendered":"\n<p>Tras el \u00faltimo entrenamiento del Club Atl\u00e9tico G\u00fcemes, el defensor Gabriel Fern\u00e1ndez se refiri\u00f3 al respecto.<\/p>\n\n\n\n<p>En el balance de la pretemporada el defensor manifesto: \u00ab<em>Venimos trabajando muy duro, por suerte ya llega el debut y esperamos que todo lo trabajado este tiempo se vea reflejado dentro de la cancha\u00bb.<\/em><\/p>\n\n\n\n<p>Consultado sobre los objetivos del equipo, a\u00f1adi\u00f3,<em>  \u00absabemos que es una categor\u00eda dif\u00edcil, equipos muy duros. Nuestra idea es hacernos fuertes de local, y siempre tratar de traer puntos de visitante\u00bb.<\/em><\/p>\n\n\n\n<p>Sobre el nuevo formato del campeonato, Fern\u00e1ndez opino, <em>\u00abes todos contra todos, para mi entender est\u00e1 bueno. Vamos a poder conocer a todos los rivales y ver a que altura estamos parados. Para mi es positivo\u00bb<\/em>.<\/p>\n\n\n\n<p>Para finalizar el jugador gaucho agrego: <em>\u00abvengo trabajando bien  para estar lo mejor posible en el comienzo de la competencia. Ahora, obviamente los partidos son aparte a los entrenamientos y espero podamos lo mejor de parte de todo el plantel y hacernos fuertes ante nuestra gente\u00bb<\/em>.<\/p>\n","protected":false},"excerpt":{"rendered":"<p>En la previa al debut de G\u00fcemes por la Primera Nacional, el defensor gaucho habl\u00f3 del presente del equipo.<\/p>\n","protected":false},"author":2,"featured_media":34905,"comment_status":"open","ping_status":"open","sticky":false,"template":"","format":"standard","meta":{"om_disable_all_campaigns":false,"_monsterinsights_skip_tracking":false,"_monsterinsights_sitenote_active":false,"_monsterinsights_sitenote_note":"","_monsterinsights_sitenote_category":0,"_uf_show_specific_survey":0,"_uf_disable_surveys":false,"jetpack_post_was_ever_published":false,"_jetpack_newsletter_access":"","_jetpack_dont_email_post_to_subs":false,"_jetpack_newsletter_tier_id":0,"_jetpack_memberships_contains_paywalled_content":false,"_jetpack_memberships_contains_paid_content":false,"footnotes":"","jetpack_publicize_message":"","jetpack_publicize_feature_enabled":true,"jetpack_social_post_already_shared":false,"jetpack_social_options":{"image_generator_settings":{"template":"highway","default_image_id":0,"font":"","enabled":false},"version":2}},"categories":[6],"tags":[],"class_list":["post-34904","post","type-post","status-publish","format-standard","has-post-thumbnail","hentry","category-deportes"],"aioseo_notices":[],"views":13,"jetpack_publicize_connections":[],"jetpack_featured_media_url":"https:\/\/i0.wp.com\/elterritorialweb.com.ar\/web\/wp-content\/uploads\/2022\/02\/FB_IMG_16447178235112.jpg?fit=626%2C442&ssl=1","jetpack_sharing_enabled":true,"_links":{"self":[{"href":"https:\/\/elterritorialweb.com.ar\/web\/wp-json\/wp\/v2\/posts\/34904","targetHints":{"allow":["GET"]}}],"collection":[{"href":"https:\/\/elterritorialweb.com.ar\/web\/wp-json\/wp\/v2\/posts"}],"about":[{"href":"https:\/\/elterritorialweb.com.ar\/web\/wp-json\/wp\/v2\/types\/post"}],"author":[{"embeddable":true,"href":"https:\/\/elterritorialweb.com.ar\/web\/wp-json\/wp\/v2\/users\/2"}],"replies":[{"embeddable":true,"href":"https:\/\/elterritorialweb.com.ar\/web\/wp-json\/wp\/v2\/comments?post=34904"}],"version-history":[{"count":2,"href":"https:\/\/elterritorialweb.com.ar\/web\/wp-json\/wp\/v2\/posts\/34904\/revisions"}],"predecessor-version":[{"id":34908,"href":"https:\/\/elterritorialweb.com.ar\/web\/wp-json\/wp\/v2\/posts\/34904\/revisions\/34908"}],"wp:featuredmedia":[{"embeddable":true,"href":"https:\/\/elterritorialweb.com.ar\/web\/wp-json\/wp\/v2\/media\/34905"}],"wp:attachment":[{"href":"https:\/\/elterritorialweb.com.ar\/web\/wp-json\/wp\/v2\/media?parent=34904"}],"wp:term":[{"taxonomy":"category","embeddable":true,"href":"https:\/\/elterritorialweb.com.ar\/web\/wp-json\/wp\/v2\/categories?post=34904"},{"taxonomy":"post_tag","embeddable":true,"href":"https:\/\/elterritorialweb.com.ar\/web\/wp-json\/wp\/v2\/tags?post=34904"}],"curies":[{"name":"wp","href":"https:\/\/api.w.org\/{rel}","templated":true}]}}