{"id":34910,"date":"2022-02-13T04:06:53","date_gmt":"2022-02-13T04:06:53","guid":{"rendered":"http:\/\/elterritorialweb.com.ar\/web\/?p=34910"},"modified":"2022-02-13T04:06:53","modified_gmt":"2022-02-13T04:06:53","slug":"se-registraron-11-322-nuevos-casos-de-coronavirus-en-argentina","status":"publish","type":"post","link":"https:\/\/elterritorialweb.com.ar\/web\/se-registraron-11-322-nuevos-casos-de-coronavirus-en-argentina\/","title":{"rendered":"SE REGISTRARON 11.322 NUEVOS CASOS DE CORONAVIRUS EN ARGENTINA"},"content":{"rendered":"\n<p>El Ministerio de Salud inform\u00f3 este s\u00e1bado&nbsp;<strong>11.322 nuevos contagios y 128 muertes por&nbsp;coronavirus<\/strong> en las \u00faltimas 24 horas, con una fuerte presencia de la&nbsp;variante&nbsp;<strong>\u00d3micron<\/strong>. El n\u00famero de fallecimientos reportado sigue entre los m\u00e1s altos de la tercera ola.<\/p>\n\n\n\n<p>Seg\u00fan el reporte diario, ya son&nbsp;<strong>8.728.262&nbsp;<\/strong>los casos confirmados y&nbsp;<strong>123.987 las v\u00edctimas fatales<\/strong>&nbsp;en la Argentina. Los&nbsp;<strong>activos<\/strong>, en tanto, suman<strong>&nbsp;203.078&nbsp;<\/strong>y las personas&nbsp;<strong>dadas de alta&nbsp;<\/strong>totalizan&nbsp;<strong>8.401.197.<\/strong><\/p>\n\n\n\n<p>El \u00edndice de&nbsp;<strong>positividad<\/strong>&nbsp;de la \u00faltima jornada fue del&nbsp;<strong>19,93<\/strong>&nbsp;por ciento. Mientras que de los 128 fallecidos reportados por el Ministerio de Salud,<strong>&nbsp;75 eran hombres y 53 mujeres.<\/strong><\/p>\n\n\n\n<h3 class=\"wp-block-heading\" id=\"casos-registrados-en-las-ultimas-24-horas-por-distrito-y-acumulados\">Casos registrados en las \u00faltimas 24 horas por distrito y acumulados<\/h3>\n\n\n\n<p>\u00b7 Buenos Aires: 4689 \/ 3402255<\/p>\n\n\n\n<p>\u00b7 CABA: 1593 \/ 982561<\/p>\n\n\n\n<p>\u00b7 Catamarca: 108 \/ 84622<\/p>\n\n\n\n<p>\u00b7 Chaco: 158 \/ 163469<\/p>\n\n\n\n<p>\u00b7 Chubut: 114 \/ 113443<\/p>\n\n\n\n<p>\u00b7 Corrientes: 326 \/ 127961<\/p>\n\n\n\n<p>\u00b7 C\u00f3rdoba: 648 \/ 937746<\/p>\n\n\n\n<p>\u00b7 Entre R\u00edos: 304 \/ 195299<\/p>\n\n\n\n<p>\u00b7 Formosa: 511 \/ 107776<\/p>\n\n\n\n<p>\u00b7 Jujuy: 70 \/ 104191<\/p>\n\n\n\n<p>\u00b7 La Pampa: 115 \/ 102773<\/p>\n\n\n\n<p>\u00b7 La Rioja: 217 \/ 47899<\/p>\n\n\n\n<p>\u00b7 Mendoza: 525 \/ 265951<\/p>\n\n\n\n<p>\u00b7 Misiones: 233 \/ 52200<\/p>\n\n\n\n<p>\u00b7 Neuqu\u00e9n: 142 \/ 165378<\/p>\n\n\n\n<p>\u00b7 R\u00edo Negro: 116 \/ 143129<\/p>\n\n\n\n<p>\u00b7 Salta: 105 \/ 153746<\/p>\n\n\n\n<p>\u00b7 San Juan: 86 \/ 143742<\/p>\n\n\n\n<p>\u00b7 San Luis: 117 \/ 132510<\/p>\n\n\n\n<p>\u00b7 Santa Cruz: 115 \/ 85950<\/p>\n\n\n\n<p>\u00b7 Santa Fe: 730 \/ 719317<\/p>\n\n\n\n<p>\u00b7 Santiago del Estero: 40 \/ 124124<\/p>\n\n\n\n<p>\u00b7 Tierra del Fuego: 58 \/ 45104<\/p>\n\n\n\n<p>\u00b7 Tucum\u00e1n: 202 \/ 326812<\/p>\n","protected":false},"excerpt":{"rendered":"<p>En total ya son 8.728.262 los contagios reportados y 123.987 las v\u00edctimas fatales desde que se declar\u00f3 la pandemia. Volvi\u00f3 a bajar la cantidad de camas de terapia intensiva ocupadas.<\/p>\n","protected":false},"author":2,"featured_media":34912,"comment_status":"open","ping_status":"open","sticky":false,"template":"","format":"standard","meta":{"om_disable_all_campaigns":false,"_monsterinsights_skip_tracking":false,"_monsterinsights_sitenote_active":false,"_monsterinsights_sitenote_note":"","_monsterinsights_sitenote_category":0,"_uf_show_specific_survey":0,"_uf_disable_surveys":false,"jetpack_post_was_ever_published":false,"_jetpack_newsletter_access":"","_jetpack_dont_email_post_to_subs":false,"_jetpack_newsletter_tier_id":0,"_jetpack_memberships_contains_paywalled_content":false,"_jetpack_memberships_contains_paid_content":false,"footnotes":"","jetpack_publicize_message":"","jetpack_publicize_feature_enabled":true,"jetpack_social_post_already_shared":false,"jetpack_social_options":{"image_generator_settings":{"template":"highway","default_image_id":0,"font":"","enabled":false},"version":2}},"categories":[3],"tags":[],"class_list":["post-34910","post","type-post","status-publish","format-standard","has-post-thumbnail","hentry","category-salud"],"aioseo_notices":[],"views":9,"jetpack_publicize_connections":[],"jetpack_featured_media_url":"https:\/\/i0.wp.com\/elterritorialweb.com.ar\/web\/wp-content\/uploads\/2022\/02\/vida-cotidiana-de-buenos-aires___fb89ISTSH_1256x620__1.jpg?fit=1256%2C620&ssl=1","jetpack_sharing_enabled":true,"_links":{"self":[{"href":"https:\/\/elterritorialweb.com.ar\/web\/wp-json\/wp\/v2\/posts\/34910","targetHints":{"allow":["GET"]}}],"collection":[{"href":"https:\/\/elterritorialweb.com.ar\/web\/wp-json\/wp\/v2\/posts"}],"about":[{"href":"https:\/\/elterritorialweb.com.ar\/web\/wp-json\/wp\/v2\/types\/post"}],"author":[{"embeddable":true,"href":"https:\/\/elterritorialweb.com.ar\/web\/wp-json\/wp\/v2\/users\/2"}],"replies":[{"embeddable":true,"href":"https:\/\/elterritorialweb.com.ar\/web\/wp-json\/wp\/v2\/comments?post=34910"}],"version-history":[{"count":1,"href":"https:\/\/elterritorialweb.com.ar\/web\/wp-json\/wp\/v2\/posts\/34910\/revisions"}],"predecessor-version":[{"id":34913,"href":"https:\/\/elterritorialweb.com.ar\/web\/wp-json\/wp\/v2\/posts\/34910\/revisions\/34913"}],"wp:featuredmedia":[{"embeddable":true,"href":"https:\/\/elterritorialweb.com.ar\/web\/wp-json\/wp\/v2\/media\/34912"}],"wp:attachment":[{"href":"https:\/\/elterritorialweb.com.ar\/web\/wp-json\/wp\/v2\/media?parent=34910"}],"wp:term":[{"taxonomy":"category","embeddable":true,"href":"https:\/\/elterritorialweb.com.ar\/web\/wp-json\/wp\/v2\/categories?post=34910"},{"taxonomy":"post_tag","embeddable":true,"href":"https:\/\/elterritorialweb.com.ar\/web\/wp-json\/wp\/v2\/tags?post=34910"}],"curies":[{"name":"wp","href":"https:\/\/api.w.org\/{rel}","templated":true}]}}