{"id":34914,"date":"2022-02-13T06:27:19","date_gmt":"2022-02-13T06:27:19","guid":{"rendered":"http:\/\/elterritorialweb.com.ar\/web\/?p=34914"},"modified":"2022-02-13T06:27:20","modified_gmt":"2022-02-13T06:27:20","slug":"exito-total-en-la-segunda-noche-de-la-fiesta-regional-de-la-cerveza-en-termas-de-rio-hondo","status":"publish","type":"post","link":"https:\/\/elterritorialweb.com.ar\/web\/exito-total-en-la-segunda-noche-de-la-fiesta-regional-de-la-cerveza-en-termas-de-rio-hondo\/","title":{"rendered":"\u00c9XITO TOTAL EN LA SEGUNDA NOCHE DE LA FIESTA REGIONAL DE LA CERVEZA EN TERMAS DE R\u00cdO HONDO"},"content":{"rendered":"\n<p>De acuerdo a rotundo \u00e9xito las autoridades municipales extendieron la fiesta hasta el domingo desde las 15 hasta las 23:30hs.<br>El subsecretario de Turismo de la provincia Nelson Bravo resalt\u00f3 al respecto que \u00abrealmente hay que felicitar a la organizaci\u00f3n por parte del municipio y gracias a qu\u00e9 las condiciones sanitarias lo permiten se puede extender un d\u00eda m\u00e1s est\u00e1 fiesta que es un gran \u00e9xito\u00bb<\/p>\n\n\n\n<figure class=\"wp-block-image size-full\"><a href=\"https:\/\/i0.wp.com\/elterritorialweb.com.ar\/web\/wp-content\/uploads\/2022\/02\/FB_IMG_1644733170365.jpg\"><img data-recalc-dims=\"1\" decoding=\"async\" width=\"640\" height=\"777\" data-src=\"https:\/\/i0.wp.com\/elterritorialweb.com.ar\/web\/wp-content\/uploads\/2022\/02\/FB_IMG_1644733170365.jpg?resize=640%2C777\" alt=\"\" class=\"wp-image-34916 lazyload\" data-srcset=\"https:\/\/i0.wp.com\/elterritorialweb.com.ar\/web\/wp-content\/uploads\/2022\/02\/FB_IMG_1644733170365.jpg?w=720&amp;ssl=1 720w, https:\/\/i0.wp.com\/elterritorialweb.com.ar\/web\/wp-content\/uploads\/2022\/02\/FB_IMG_1644733170365.jpg?resize=247%2C300&amp;ssl=1 247w\" data-sizes=\"(max-width: 640px) 100vw, 640px\" src=\"data:image\/svg+xml;base64,PHN2ZyB3aWR0aD0iMSIgaGVpZ2h0PSIxIiB4bWxucz0iaHR0cDovL3d3dy53My5vcmcvMjAwMC9zdmciPjwvc3ZnPg==\" style=\"--smush-placeholder-width: 640px; --smush-placeholder-aspect-ratio: 640\/777;\" \/><\/a><\/figure>\n\n\n\n<p>M\u00e1s de 50 puestos de cerveza artesanal de toda la regi\u00f3n le dieron un marco de excepci\u00f3n a la noche terme\u00f1a .La fiesta se desarroll\u00f3 en las dos plazas principales con escenarios de m\u00fasica en vivo y adem\u00e1s en otros escenarios con DJ , lo cual le permiti\u00f3 a los locales gastron\u00f3micos trabajar de muy buena manera .<\/p>\n\n\n\n<figure class=\"wp-block-image size-full\"><a href=\"https:\/\/i0.wp.com\/elterritorialweb.com.ar\/web\/wp-content\/uploads\/2022\/02\/FB_IMG_1644733186185.jpg\"><img data-recalc-dims=\"1\" decoding=\"async\" width=\"640\" height=\"853\" data-src=\"https:\/\/i0.wp.com\/elterritorialweb.com.ar\/web\/wp-content\/uploads\/2022\/02\/FB_IMG_1644733186185.jpg?resize=640%2C853\" alt=\"\" class=\"wp-image-34917 lazyload\" data-srcset=\"https:\/\/i0.wp.com\/elterritorialweb.com.ar\/web\/wp-content\/uploads\/2022\/02\/FB_IMG_1644733186185.jpg?w=720&amp;ssl=1 720w, https:\/\/i0.wp.com\/elterritorialweb.com.ar\/web\/wp-content\/uploads\/2022\/02\/FB_IMG_1644733186185.jpg?resize=225%2C300&amp;ssl=1 225w\" data-sizes=\"(max-width: 640px) 100vw, 640px\" src=\"data:image\/svg+xml;base64,PHN2ZyB3aWR0aD0iMSIgaGVpZ2h0PSIxIiB4bWxucz0iaHR0cDovL3d3dy53My5vcmcvMjAwMC9zdmciPjwvc3ZnPg==\" style=\"--smush-placeholder-width: 640px; --smush-placeholder-aspect-ratio: 640\/853;\" \/><\/a><\/figure>\n\n\n\n<p>\u00abEst\u00e1 es una muestra de la gran temporada que se proyecta en Las Termas de R\u00edo Hondo para este 2022\u00bb afirm\u00f3 el subsecretario Nelson Bravo que acompa\u00f1o al Intendente Jorge Mukdise en recorrido por todos los puestos de la Fiesta Regional de la Cerveza Artesanal.<br>Por su parte en Intendente Jorge Mukdise destac\u00f3 \u00abla gran participaci\u00f3n de todo el pueblo de Las Termas que ya hizo suya a esta fiesta\u00bb<\/p>\n\n\n\n<figure class=\"wp-block-image size-full\"><a href=\"https:\/\/i0.wp.com\/elterritorialweb.com.ar\/web\/wp-content\/uploads\/2022\/02\/FB_IMG_1644733188780.jpg\"><img data-recalc-dims=\"1\" decoding=\"async\" width=\"640\" height=\"853\" data-src=\"https:\/\/i0.wp.com\/elterritorialweb.com.ar\/web\/wp-content\/uploads\/2022\/02\/FB_IMG_1644733188780.jpg?resize=640%2C853\" alt=\"\" class=\"wp-image-34918 lazyload\" data-srcset=\"https:\/\/i0.wp.com\/elterritorialweb.com.ar\/web\/wp-content\/uploads\/2022\/02\/FB_IMG_1644733188780.jpg?w=720&amp;ssl=1 720w, https:\/\/i0.wp.com\/elterritorialweb.com.ar\/web\/wp-content\/uploads\/2022\/02\/FB_IMG_1644733188780.jpg?resize=225%2C300&amp;ssl=1 225w\" data-sizes=\"(max-width: 640px) 100vw, 640px\" src=\"data:image\/svg+xml;base64,PHN2ZyB3aWR0aD0iMSIgaGVpZ2h0PSIxIiB4bWxucz0iaHR0cDovL3d3dy53My5vcmcvMjAwMC9zdmciPjwvc3ZnPg==\" style=\"--smush-placeholder-width: 640px; --smush-placeholder-aspect-ratio: 640\/853;\" \/><\/a><\/figure>\n\n\n\n<p>Mukdise resalt\u00f3 tambi\u00e9n \u00abel trabajo de todas las \u00e1reas del municipio y su compromiso para que la fiesta sea un \u00e9xito y as\u00ed nos vamos preparando para recibir a los turistas de la mejor manera durante todo el a\u00f1o 2022\u00bb.<\/p>\n\n\n\n<figure class=\"wp-block-image size-full\"><a href=\"https:\/\/i0.wp.com\/elterritorialweb.com.ar\/web\/wp-content\/uploads\/2022\/02\/FB_IMG_1644733191553.jpg\"><img data-recalc-dims=\"1\" decoding=\"async\" width=\"640\" height=\"480\" data-src=\"https:\/\/i0.wp.com\/elterritorialweb.com.ar\/web\/wp-content\/uploads\/2022\/02\/FB_IMG_1644733191553.jpg?resize=640%2C480\" alt=\"\" class=\"wp-image-34919 lazyload\" data-srcset=\"https:\/\/i0.wp.com\/elterritorialweb.com.ar\/web\/wp-content\/uploads\/2022\/02\/FB_IMG_1644733191553.jpg?w=720&amp;ssl=1 720w, https:\/\/i0.wp.com\/elterritorialweb.com.ar\/web\/wp-content\/uploads\/2022\/02\/FB_IMG_1644733191553.jpg?resize=300%2C225&amp;ssl=1 300w\" data-sizes=\"(max-width: 640px) 100vw, 640px\" src=\"data:image\/svg+xml;base64,PHN2ZyB3aWR0aD0iMSIgaGVpZ2h0PSIxIiB4bWxucz0iaHR0cDovL3d3dy53My5vcmcvMjAwMC9zdmciPjwvc3ZnPg==\" style=\"--smush-placeholder-width: 640px; --smush-placeholder-aspect-ratio: 640\/480;\" \/><\/a><\/figure>\n\n\n\n<p>Tambi\u00e9n acompa\u00f1aron a las autoridades la Secretaria de Turismo Cultura y Deporte , Vilma Diaz , la directora de Turismo Patricia Jaime y la presidenta de la C\u00e1mara de Hotelera Gastron\u00f3mica de Termas Florencia Landivar.<\/p>\n","protected":false},"excerpt":{"rendered":"<p>Con un masivo acompa\u00f1amiento de turistas, de todo el pa\u00eds y hasta de Colombia y Venezuela se desarroll\u00f3 la segunda noche de la fiesta de la cerveza.<\/p>\n","protected":false},"author":2,"featured_media":34915,"comment_status":"open","ping_status":"open","sticky":false,"template":"","format":"standard","meta":{"om_disable_all_campaigns":false,"_monsterinsights_skip_tracking":false,"_monsterinsights_sitenote_active":false,"_monsterinsights_sitenote_note":"","_monsterinsights_sitenote_category":0,"_uf_show_specific_survey":0,"_uf_disable_surveys":false,"jetpack_post_was_ever_published":false,"_jetpack_newsletter_access":"","_jetpack_dont_email_post_to_subs":false,"_jetpack_newsletter_tier_id":0,"_jetpack_memberships_contains_paywalled_content":false,"_jetpack_memberships_contains_paid_content":false,"footnotes":"","jetpack_publicize_message":"","jetpack_publicize_feature_enabled":true,"jetpack_social_post_already_shared":false,"jetpack_social_options":{"image_generator_settings":{"template":"highway","default_image_id":0,"font":"","enabled":false},"version":2}},"categories":[21],"tags":[],"class_list":["post-34914","post","type-post","status-publish","format-standard","has-post-thumbnail","hentry","category-locales"],"aioseo_notices":[],"views":14,"jetpack_publicize_connections":[],"jetpack_featured_media_url":"https:\/\/i0.wp.com\/elterritorialweb.com.ar\/web\/wp-content\/uploads\/2022\/02\/FB_IMG_1644733167151.jpg?fit=720%2C960&ssl=1","jetpack_sharing_enabled":true,"_links":{"self":[{"href":"https:\/\/elterritorialweb.com.ar\/web\/wp-json\/wp\/v2\/posts\/34914","targetHints":{"allow":["GET"]}}],"collection":[{"href":"https:\/\/elterritorialweb.com.ar\/web\/wp-json\/wp\/v2\/posts"}],"about":[{"href":"https:\/\/elterritorialweb.com.ar\/web\/wp-json\/wp\/v2\/types\/post"}],"author":[{"embeddable":true,"href":"https:\/\/elterritorialweb.com.ar\/web\/wp-json\/wp\/v2\/users\/2"}],"replies":[{"embeddable":true,"href":"https:\/\/elterritorialweb.com.ar\/web\/wp-json\/wp\/v2\/comments?post=34914"}],"version-history":[{"count":1,"href":"https:\/\/elterritorialweb.com.ar\/web\/wp-json\/wp\/v2\/posts\/34914\/revisions"}],"predecessor-version":[{"id":34920,"href":"https:\/\/elterritorialweb.com.ar\/web\/wp-json\/wp\/v2\/posts\/34914\/revisions\/34920"}],"wp:featuredmedia":[{"embeddable":true,"href":"https:\/\/elterritorialweb.com.ar\/web\/wp-json\/wp\/v2\/media\/34915"}],"wp:attachment":[{"href":"https:\/\/elterritorialweb.com.ar\/web\/wp-json\/wp\/v2\/media?parent=34914"}],"wp:term":[{"taxonomy":"category","embeddable":true,"href":"https:\/\/elterritorialweb.com.ar\/web\/wp-json\/wp\/v2\/categories?post=34914"},{"taxonomy":"post_tag","embeddable":true,"href":"https:\/\/elterritorialweb.com.ar\/web\/wp-json\/wp\/v2\/tags?post=34914"}],"curies":[{"name":"wp","href":"https:\/\/api.w.org\/{rel}","templated":true}]}}