{"id":34921,"date":"2022-02-13T15:14:49","date_gmt":"2022-02-13T15:14:49","guid":{"rendered":"http:\/\/elterritorialweb.com.ar\/web\/?p=34921"},"modified":"2022-02-13T15:14:50","modified_gmt":"2022-02-13T15:14:50","slug":"boca-debuta-ante-colon-en-la-bombonera","status":"publish","type":"post","link":"https:\/\/elterritorialweb.com.ar\/web\/boca-debuta-ante-colon-en-la-bombonera\/","title":{"rendered":"BOCA DEBUTA ANTE COL\u00d3N EN LA BOMBONERA"},"content":{"rendered":"\n<p><strong>Boca Juniors<\/strong>&nbsp;buscar\u00e1 arrancar con el pie derecho el 2022, despu\u00e9s de haber despedido el a\u00f1o pasado con el t\u00edtulo de campe\u00f3n de Copa Argentina. Con varios refuerzos que se incorporaron en el \u00faltimo mercado de pases, se medir\u00e1 con&nbsp;<strong>Col\u00f3n de Santa Fe&nbsp;<\/strong>en la&nbsp;<em>Bombonera&nbsp;<\/em>por la primera fecha del Grupo B de la Copa de la Liga. La cita arrancar\u00e1 a las 21:30 en el estadio&nbsp;<em>Alberto J. Armando<\/em>, donde dirigir\u00e1 Fernando Echenique (televisar\u00e1&nbsp;<em>TNT Sports<\/em>).<\/p>\n\n\n\n<p>Los arribos de&nbsp;Dar\u00edo Benedetto, Pol Fern\u00e1ndez, Nicol\u00e1s Figal, Gast\u00f3n \u00c1vila&nbsp;(retorn\u00f3 tras su pr\u00e9stamo en Rosario Central) y Leandro Brey contentaron a un Sebasti\u00e1n Battaglia que incluir\u00eda esta noche a los dos primeros mencionados en el elenco titular. Aunque admiti\u00f3 que aguarda por alg\u00fan movimiento m\u00e1s en esta ventana de pases (el Consejo trabaja en un nombre, a la espera de concretar la posible venta de Sebasti\u00e1n Villa), considera que tiene un plantel rico para ser protagonista en la Copa de la Liga, la Libertadores y la Copa Argentina, adem\u00e1s de las finales de Supercopa Argentina y el Trofeo de Campeones que se confirmar\u00e1 en breve.<\/p>\n\n\n\n<p><strong>\u201cCristian es parte del plantel. La decisi\u00f3n de si va a jugar o no la tomo yo\u201d<\/strong>, fue lo que manifest\u00f3 el entrenador&nbsp;<em>xeneize&nbsp;<\/em>en la conferencia previa al match cuando le preguntaron por el futuro de Pav\u00f3n, quien no figur\u00f3 entre los concentrados. El cordob\u00e9s habr\u00eda llegado a un acuerdo con Atl\u00e9tico Mineiro para marcharse libre en julio y en la Ribera eval\u00faan si ser\u00e1 considerado en lo que resta del semestre e incluido en la lista de buena fe de la Copa Libertadores (acarrea una sanci\u00f3n de 6 partidos). El DT tampoco cit\u00f3 a&nbsp;<strong>Eros Mancuso, Cristian Medina y Norberto Briasco<\/strong>.<\/p>\n\n\n\n<figure class=\"wp-block-image size-large\"><a href=\"https:\/\/i0.wp.com\/elterritorialweb.com.ar\/web\/wp-content\/uploads\/2022\/02\/pavonjpg.jpg\"><img data-recalc-dims=\"1\" decoding=\"async\" width=\"640\" height=\"360\" data-src=\"https:\/\/i0.wp.com\/elterritorialweb.com.ar\/web\/wp-content\/uploads\/2022\/02\/pavonjpg.jpg?resize=640%2C360\" alt=\"\" class=\"wp-image-34925 lazyload\" data-srcset=\"https:\/\/i0.wp.com\/elterritorialweb.com.ar\/web\/wp-content\/uploads\/2022\/02\/pavonjpg.jpg?resize=1024%2C576&amp;ssl=1 1024w, https:\/\/i0.wp.com\/elterritorialweb.com.ar\/web\/wp-content\/uploads\/2022\/02\/pavonjpg.jpg?resize=300%2C169&amp;ssl=1 300w, https:\/\/i0.wp.com\/elterritorialweb.com.ar\/web\/wp-content\/uploads\/2022\/02\/pavonjpg.jpg?resize=768%2C432&amp;ssl=1 768w, https:\/\/i0.wp.com\/elterritorialweb.com.ar\/web\/wp-content\/uploads\/2022\/02\/pavonjpg.jpg?w=1200&amp;ssl=1 1200w\" data-sizes=\"(max-width: 640px) 100vw, 640px\" src=\"data:image\/svg+xml;base64,PHN2ZyB3aWR0aD0iMSIgaGVpZ2h0PSIxIiB4bWxucz0iaHR0cDovL3d3dy53My5vcmcvMjAwMC9zdmciPjwvc3ZnPg==\" style=\"--smush-placeholder-width: 640px; --smush-placeholder-aspect-ratio: 640\/360;\" \/><\/a><\/figure>\n\n\n\n<p>En cuanto a lo t\u00e1ctico, Battaglia se inclinar\u00eda por un 4-3-3 pese a que no descart\u00f3 emplear l\u00ednea de tres en el fondo o un doble nueve compuesto por Benedetto y Luis V\u00e1zquez en alg\u00fan momento. Con sus nombres predilectos en la \u00faltima l\u00ednea, mantendr\u00e1 a Jorman Campuzano, le conceder\u00eda la titularidad a Pol Fern\u00e1ndez junto a Juan Ram\u00edrez y apelar\u00eda a un tridente ofensivo compuesto por Salvio (usar\u00e1 la camiseta n\u00famero 10), el Pipa y Villa. En las \u00faltimas horas se gener\u00f3 pol\u00e9mica por&nbsp;<strong>la difusi\u00f3n de un video en el que se vio a Rojo, \u00c1vila y Agust\u00edn Almendra jugando un picado entre amigos bajo la lluvia y descalzos<\/strong>.<\/p>\n\n\n\n<figure class=\"wp-block-image size-full\"><a href=\"https:\/\/i0.wp.com\/elterritorialweb.com.ar\/web\/wp-content\/uploads\/2022\/02\/marcos-rojojpg.jpg\"><img data-recalc-dims=\"1\" decoding=\"async\" width=\"640\" height=\"360\" data-src=\"https:\/\/i0.wp.com\/elterritorialweb.com.ar\/web\/wp-content\/uploads\/2022\/02\/marcos-rojojpg.jpg?resize=640%2C360\" alt=\"\" class=\"wp-image-34922 lazyload\" data-srcset=\"https:\/\/i0.wp.com\/elterritorialweb.com.ar\/web\/wp-content\/uploads\/2022\/02\/marcos-rojojpg.jpg?w=730&amp;ssl=1 730w, https:\/\/i0.wp.com\/elterritorialweb.com.ar\/web\/wp-content\/uploads\/2022\/02\/marcos-rojojpg.jpg?resize=300%2C169&amp;ssl=1 300w\" data-sizes=\"(max-width: 640px) 100vw, 640px\" src=\"data:image\/svg+xml;base64,PHN2ZyB3aWR0aD0iMSIgaGVpZ2h0PSIxIiB4bWxucz0iaHR0cDovL3d3dy53My5vcmcvMjAwMC9zdmciPjwvc3ZnPg==\" style=\"--smush-placeholder-width: 640px; --smush-placeholder-aspect-ratio: 640\/360;\" \/><\/a><\/figure>\n\n\n\n<p>En la vereda de enfrente, Julio C\u00e9sar Falcioni se estrenar\u00e1 con el buzo de t\u00e9cnico del Sabalero, que tambi\u00e9n se prepara para disputar la Copa Libertadores.&nbsp;<strong>El&nbsp;<\/strong><em><strong>Negro&nbsp;<\/strong><\/em><strong>sum\u00f3 como refuerzo a&nbsp;<\/strong><em><strong>Wanchope&nbsp;<\/strong><\/em><strong>\u00c1bila<\/strong>&nbsp;(no estar\u00e1 disponible ya que se recupera de un desgarro de recto anterior) y tendr\u00e1 como titular a&nbsp;<strong>Facundo Far\u00edas<\/strong>, que estuvo cerca de Boca. Los santafesinos tambi\u00e9n sumaron a Juan S\u00e1nchez Mi\u00f1o, Joaqu\u00edn Novillo, Jonathan Sandoval, Cristian Vega, Brian Farioli, Mat\u00edas Ib\u00e1\u00f1ez y el&nbsp;<em>Pulga&nbsp;<\/em>Rodr\u00edguez.<\/p>\n\n\n\n<figure class=\"wp-block-image size-full\"><a href=\"https:\/\/i0.wp.com\/elterritorialweb.com.ar\/web\/wp-content\/uploads\/2022\/02\/EY27BROQDVE7LGQR2P6W4UJL6M.jpg\"><img data-recalc-dims=\"1\" decoding=\"async\" width=\"640\" height=\"360\" data-src=\"https:\/\/i0.wp.com\/elterritorialweb.com.ar\/web\/wp-content\/uploads\/2022\/02\/EY27BROQDVE7LGQR2P6W4UJL6M.jpg?resize=640%2C360\" alt=\"\" class=\"wp-image-34923 lazyload\" data-srcset=\"https:\/\/i0.wp.com\/elterritorialweb.com.ar\/web\/wp-content\/uploads\/2022\/02\/EY27BROQDVE7LGQR2P6W4UJL6M.jpg?w=768&amp;ssl=1 768w, https:\/\/i0.wp.com\/elterritorialweb.com.ar\/web\/wp-content\/uploads\/2022\/02\/EY27BROQDVE7LGQR2P6W4UJL6M.jpg?resize=300%2C169&amp;ssl=1 300w\" data-sizes=\"(max-width: 640px) 100vw, 640px\" src=\"data:image\/svg+xml;base64,PHN2ZyB3aWR0aD0iMSIgaGVpZ2h0PSIxIiB4bWxucz0iaHR0cDovL3d3dy53My5vcmcvMjAwMC9zdmciPjwvc3ZnPg==\" style=\"--smush-placeholder-width: 640px; --smush-placeholder-aspect-ratio: 640\/360;\" \/><\/a><\/figure>\n\n\n\n<p><strong>ARREGLOS EN LA BOMBONERA<\/strong><\/p>\n\n\n\n<p>El club comunic\u00f3 ayer que se abri\u00f3 un espacio para populares en la tercera bandeja Norte, que llev\u00f3 el aforo del estadio a casi 60 mil personas. En tanto, el campo de juego no lucir\u00e1 en \u00f3ptimas condiciones por algo que ya estaba previsto: se reemplaz\u00f3 \u00edntegramente el sistema de drenaje y el c\u00e9sped no qued\u00f3 parejo. El aspecto positivo para Boca es que evit\u00f3 mudar la local\u00eda a otro estadio; lo negativo es que el campo de juego necesitar\u00e1 de algunas semanas m\u00e1s para presentarse en el mejor nivel.<\/p>\n\n\n\n<figure class=\"wp-block-image size-large\"><a href=\"https:\/\/i0.wp.com\/elterritorialweb.com.ar\/web\/wp-content\/uploads\/2022\/02\/SMFDOJ7PARCHPAM4BSRH677AZA.jpg\"><img data-recalc-dims=\"1\" decoding=\"async\" width=\"640\" height=\"335\" data-src=\"https:\/\/i0.wp.com\/elterritorialweb.com.ar\/web\/wp-content\/uploads\/2022\/02\/SMFDOJ7PARCHPAM4BSRH677AZA.jpg?resize=640%2C335\" alt=\"\" class=\"wp-image-34924 lazyload\" data-srcset=\"https:\/\/i0.wp.com\/elterritorialweb.com.ar\/web\/wp-content\/uploads\/2022\/02\/SMFDOJ7PARCHPAM4BSRH677AZA.jpg?resize=1024%2C536&amp;ssl=1 1024w, https:\/\/i0.wp.com\/elterritorialweb.com.ar\/web\/wp-content\/uploads\/2022\/02\/SMFDOJ7PARCHPAM4BSRH677AZA.jpg?resize=300%2C157&amp;ssl=1 300w, https:\/\/i0.wp.com\/elterritorialweb.com.ar\/web\/wp-content\/uploads\/2022\/02\/SMFDOJ7PARCHPAM4BSRH677AZA.jpg?resize=768%2C402&amp;ssl=1 768w, https:\/\/i0.wp.com\/elterritorialweb.com.ar\/web\/wp-content\/uploads\/2022\/02\/SMFDOJ7PARCHPAM4BSRH677AZA.jpg?w=1200&amp;ssl=1 1200w\" data-sizes=\"(max-width: 640px) 100vw, 640px\" src=\"data:image\/svg+xml;base64,PHN2ZyB3aWR0aD0iMSIgaGVpZ2h0PSIxIiB4bWxucz0iaHR0cDovL3d3dy53My5vcmcvMjAwMC9zdmciPjwvc3ZnPg==\" style=\"--smush-placeholder-width: 640px; --smush-placeholder-aspect-ratio: 640\/335;\" \/><\/a><\/figure>\n\n\n\n<p><strong>Probables formaciones:<\/strong><\/p>\n\n\n\n<p><strong>Boca Juniors:<\/strong>&nbsp;Agust\u00edn Rossi; Luis Adv\u00edncula, Carlos Izquierdoz, Marcos Rojo, Frank Fabra; Guillermo Fern\u00e1ndez, Jorman Campuzano, Juan Ram\u00edrez; Eduardo Salvio, Dar\u00edo Benedetto y Sebasti\u00e1n Villa.&nbsp;<strong>DT:&nbsp;<\/strong>Sebasti\u00e1n Battaglia<\/p>\n\n\n\n<p><strong>Col\u00f3n de Santa Fe:&nbsp;<\/strong>Leonardo Buri\u00e1n; Jonathan Sandoval, Paolo Goltz, Joaqu\u00edn Novillo, Rafael Delgado; Cristian Bernardi, Rodrigo Aliendro, Federico L\u00e9rtora, Juan S\u00e1nchez Mi\u00f1o; Facundo Far\u00edas y Luis Miguel Rodr\u00edguez.&nbsp;<strong>DT:<\/strong>&nbsp;Julio C\u00e9sar Falcioni<\/p>\n\n\n\n<p><strong>Hora:<\/strong>&nbsp;21.30<\/p>\n\n\n\n<p><strong>Estadio:&nbsp;<\/strong>Alberto J. Armando (La Bombonera)<\/p>\n\n\n\n<p><strong>\u00c1rbitro:&nbsp;<\/strong>Fernando Echenique<\/p>\n\n\n\n<p><strong>Televisa:&nbsp;<\/strong>TNT Sports<\/p>\n","protected":false},"excerpt":{"rendered":"<p>Desde las 21:30 en la Bombonera, el Xeneize tendr\u00e1 su estreno ante el Sabalero.<\/p>\n","protected":false},"author":2,"featured_media":34926,"comment_status":"open","ping_status":"open","sticky":false,"template":"","format":"standard","meta":{"om_disable_all_campaigns":false,"_monsterinsights_skip_tracking":false,"_monsterinsights_sitenote_active":false,"_monsterinsights_sitenote_note":"","_monsterinsights_sitenote_category":0,"_uf_show_specific_survey":0,"_uf_disable_surveys":false,"jetpack_post_was_ever_published":false,"_jetpack_newsletter_access":"","_jetpack_dont_email_post_to_subs":false,"_jetpack_newsletter_tier_id":0,"_jetpack_memberships_contains_paywalled_content":false,"_jetpack_memberships_contains_paid_content":false,"footnotes":"","jetpack_publicize_message":"","jetpack_publicize_feature_enabled":true,"jetpack_social_post_already_shared":false,"jetpack_social_options":{"image_generator_settings":{"template":"highway","default_image_id":0,"font":"","enabled":false},"version":2}},"categories":[6],"tags":[],"class_list":["post-34921","post","type-post","status-publish","format-standard","has-post-thumbnail","hentry","category-deportes"],"aioseo_notices":[],"views":7,"jetpack_publicize_connections":[],"jetpack_featured_media_url":"https:\/\/i0.wp.com\/elterritorialweb.com.ar\/web\/wp-content\/uploads\/2022\/02\/4B3ZU7DYBRGLFOHU6J42RH2GHI.jpg?fit=480%2C282&ssl=1","jetpack_sharing_enabled":true,"_links":{"self":[{"href":"https:\/\/elterritorialweb.com.ar\/web\/wp-json\/wp\/v2\/posts\/34921","targetHints":{"allow":["GET"]}}],"collection":[{"href":"https:\/\/elterritorialweb.com.ar\/web\/wp-json\/wp\/v2\/posts"}],"about":[{"href":"https:\/\/elterritorialweb.com.ar\/web\/wp-json\/wp\/v2\/types\/post"}],"author":[{"embeddable":true,"href":"https:\/\/elterritorialweb.com.ar\/web\/wp-json\/wp\/v2\/users\/2"}],"replies":[{"embeddable":true,"href":"https:\/\/elterritorialweb.com.ar\/web\/wp-json\/wp\/v2\/comments?post=34921"}],"version-history":[{"count":1,"href":"https:\/\/elterritorialweb.com.ar\/web\/wp-json\/wp\/v2\/posts\/34921\/revisions"}],"predecessor-version":[{"id":34927,"href":"https:\/\/elterritorialweb.com.ar\/web\/wp-json\/wp\/v2\/posts\/34921\/revisions\/34927"}],"wp:featuredmedia":[{"embeddable":true,"href":"https:\/\/elterritorialweb.com.ar\/web\/wp-json\/wp\/v2\/media\/34926"}],"wp:attachment":[{"href":"https:\/\/elterritorialweb.com.ar\/web\/wp-json\/wp\/v2\/media?parent=34921"}],"wp:term":[{"taxonomy":"category","embeddable":true,"href":"https:\/\/elterritorialweb.com.ar\/web\/wp-json\/wp\/v2\/categories?post=34921"},{"taxonomy":"post_tag","embeddable":true,"href":"https:\/\/elterritorialweb.com.ar\/web\/wp-json\/wp\/v2\/tags?post=34921"}],"curies":[{"name":"wp","href":"https:\/\/api.w.org\/{rel}","templated":true}]}}