{"id":34930,"date":"2022-02-13T17:59:27","date_gmt":"2022-02-13T17:59:27","guid":{"rendered":"http:\/\/elterritorialweb.com.ar\/web\/?p=34930"},"modified":"2022-02-13T18:00:59","modified_gmt":"2022-02-13T18:00:59","slug":"el-papa-francisco-las-noticias-que-llegan-de-ucrania-son-muy-preocupantes","status":"publish","type":"post","link":"https:\/\/elterritorialweb.com.ar\/web\/el-papa-francisco-las-noticias-que-llegan-de-ucrania-son-muy-preocupantes\/","title":{"rendered":"PAPA FRANCISCO: \u00abLAS NOTICIAS QUE LLEGAN DE UCRANIA SON MUY PREOCUPANTES\u00bb"},"content":{"rendered":"\n<p>El papa Francisco pidi\u00f3 este domingo a los l\u00edderes pol\u00edticos que se haga \u00abtodo esfuerzo por la paz\u00bb en Ucrania, al calificar como \u00abmuy preocupantes\u00bb las noticias sobre la escalada de tensi\u00f3n en el pa\u00eds europeo.<\/p>\n\n\n\n<p><strong>\u00abLas noticias que llegan de Ucrania son muy preocupantes\u00bb,<\/strong>&nbsp;dijo el pont\u00edfice tras rezar el tradicional \u00c1ngelus dominical desde el Palacio Apost\u00f3lico vaticano.<\/p>\n\n\n\n<p>\u00abEncomiendo a la intercesi\u00f3n de la Virgen y a la conciencia de los responsables pol\u00edticos todo esfuerzo por la paz\u00bb, agreg\u00f3 Jorge Bergoglio.<\/p>\n\n\n\n<p>El s\u00e1bado,&nbsp;el presidente de Estados Unidos, Joe Biden, advirti\u00f3 a su par ruso, Vladimir Putin, que invadir Ucrania traer\u00e1 \u00abuna respuesta decisiva, r\u00e1pida, con severos costos\u00bb&nbsp;para Rusia, en una extensa charla telef\u00f3nica mantenida por los mandatarios, en medio de una intensa actividad diplom\u00e1tica para rebajar las tensiones.<\/p>\n\n\n\n<p>En la charla de 62 minutos,&nbsp;<strong>Biden volvi\u00f3 a plantear a Putin la necesidad de reducir la escalada y retirar los m\u00e1s de 100.000 soldados rusos que est\u00e1n concentrados cerca de la fronteras de Ucrania.<\/strong><\/p>\n\n\n\n<p>En ese marco, el pasado mi\u00e9rcoles&nbsp;<strong>el Papa hab\u00eda pedido que se superen las \u00abamenazas de guerra\u00bb en Ucrania&nbsp;<\/strong>y abog\u00f3 por una resoluci\u00f3n de las tensiones en el pa\u00eds europeo \u00aba trav\u00e9s de un di\u00e1logo serio\u00bb.<\/p>\n\n\n\n<p>Francisco dese\u00f3 tambi\u00e9n entonces que puedan continuar para la superaci\u00f3n del conflicto \u00ablos di\u00e1logos en el \u00abFormato Normand\u00eda\u00bb iniciados para buscar soluciones a trav\u00e9s de comunicaciones de alto nivel entre l\u00edderes de Alemania, Francia, Rusia y Ucrania.<\/p>\n","protected":false},"excerpt":{"rendered":"<p>El pont\u00edfice calific\u00f3 como \u00abmuy preocupantes\u00bb las noticias sobre la escalada de tensi\u00f3n en el pa\u00eds europeo, tras rezar el tradicional \u00c1ngelus dominical desde el Palacio Apost\u00f3lico vaticano.<\/p>\n","protected":false},"author":2,"featured_media":34931,"comment_status":"open","ping_status":"open","sticky":false,"template":"","format":"standard","meta":{"om_disable_all_campaigns":false,"_monsterinsights_skip_tracking":false,"_monsterinsights_sitenote_active":false,"_monsterinsights_sitenote_note":"","_monsterinsights_sitenote_category":0,"_uf_show_specific_survey":0,"_uf_disable_surveys":false,"jetpack_post_was_ever_published":false,"_jetpack_newsletter_access":"","_jetpack_dont_email_post_to_subs":false,"_jetpack_newsletter_tier_id":0,"_jetpack_memberships_contains_paywalled_content":false,"_jetpack_memberships_contains_paid_content":false,"footnotes":"","jetpack_publicize_message":"","jetpack_publicize_feature_enabled":true,"jetpack_social_post_already_shared":false,"jetpack_social_options":{"image_generator_settings":{"template":"highway","default_image_id":0,"font":"","enabled":false},"version":2}},"categories":[10],"tags":[],"class_list":["post-34930","post","type-post","status-publish","format-standard","has-post-thumbnail","hentry","category-internacionales"],"aioseo_notices":[],"views":8,"jetpack_publicize_connections":[],"jetpack_featured_media_url":"https:\/\/i0.wp.com\/elterritorialweb.com.ar\/web\/wp-content\/uploads\/2022\/02\/thumb_117068.jpeg?fit=414%2C311&ssl=1","jetpack_sharing_enabled":true,"_links":{"self":[{"href":"https:\/\/elterritorialweb.com.ar\/web\/wp-json\/wp\/v2\/posts\/34930","targetHints":{"allow":["GET"]}}],"collection":[{"href":"https:\/\/elterritorialweb.com.ar\/web\/wp-json\/wp\/v2\/posts"}],"about":[{"href":"https:\/\/elterritorialweb.com.ar\/web\/wp-json\/wp\/v2\/types\/post"}],"author":[{"embeddable":true,"href":"https:\/\/elterritorialweb.com.ar\/web\/wp-json\/wp\/v2\/users\/2"}],"replies":[{"embeddable":true,"href":"https:\/\/elterritorialweb.com.ar\/web\/wp-json\/wp\/v2\/comments?post=34930"}],"version-history":[{"count":2,"href":"https:\/\/elterritorialweb.com.ar\/web\/wp-json\/wp\/v2\/posts\/34930\/revisions"}],"predecessor-version":[{"id":34933,"href":"https:\/\/elterritorialweb.com.ar\/web\/wp-json\/wp\/v2\/posts\/34930\/revisions\/34933"}],"wp:featuredmedia":[{"embeddable":true,"href":"https:\/\/elterritorialweb.com.ar\/web\/wp-json\/wp\/v2\/media\/34931"}],"wp:attachment":[{"href":"https:\/\/elterritorialweb.com.ar\/web\/wp-json\/wp\/v2\/media?parent=34930"}],"wp:term":[{"taxonomy":"category","embeddable":true,"href":"https:\/\/elterritorialweb.com.ar\/web\/wp-json\/wp\/v2\/categories?post=34930"},{"taxonomy":"post_tag","embeddable":true,"href":"https:\/\/elterritorialweb.com.ar\/web\/wp-json\/wp\/v2\/tags?post=34930"}],"curies":[{"name":"wp","href":"https:\/\/api.w.org\/{rel}","templated":true}]}}