{"id":34934,"date":"2022-02-13T18:41:29","date_gmt":"2022-02-13T18:41:29","guid":{"rendered":"http:\/\/elterritorialweb.com.ar\/web\/?p=34934"},"modified":"2022-02-13T18:41:29","modified_gmt":"2022-02-13T18:41:29","slug":"el-vasco-arruabarrena-asumio-como-tecnico-de-la-seleccion-de-emiratos-arabes","status":"publish","type":"post","link":"https:\/\/elterritorialweb.com.ar\/web\/el-vasco-arruabarrena-asumio-como-tecnico-de-la-seleccion-de-emiratos-arabes\/","title":{"rendered":"EL \u00abVASCO\u00bb ARRUABARRENA ASUMI\u00d3 COMO T\u00c9CNICO DE LA SELECCI\u00d3N DE EMIRATOS ARABES"},"content":{"rendered":"\n<p>Rodolfo \u00abVasco\u00bb Arruabarrena asumi\u00f3 este domingo el cargo como entrenador principal del seleccionado de f\u00fatbol de los Emiratos \u00c1rabes Unidos, con la intenci\u00f3n de conducirlo a la etapa final del Mundial Qatar 2022, a disputarse desde noviembre venidero.<\/p>\n\n\n\n<p>El exDT de Tigre y Boca Juniors, de 46 a\u00f1os, afrontar\u00e1 el desaf\u00edo de dirigir a un representativo nacional, acompa\u00f1ado por Diego Markic como ayudante de campo.<\/p>\n\n\n\n<p>Emiratos \u00c1rabes Unidos ocupa hoy la tercera posici\u00f3n en la zona A de la tercera fase de la eliminatoria de Asia, con 9 puntos, producto de 2 triunfos, 3 empates y 3 derrotas. Est\u00e1 por debajo de Ir\u00e1n (22 unidades) y Corea del Sur (20), que ya obtuvieron sus respectivos pasaportes a la cita ecum\u00e9nica.<\/p>\n\n\n\n<p>El seleccionado emirat\u00ed, hoy en puestos de repechaje, tendr\u00e1 su pr\u00f3ximo encuentro el mi\u00e9rcoles 23 de marzo enfrent\u00e1ndose a Irak, en condici\u00f3n de visitante. Y luego, el lunes 28 ser\u00e1 local de la ya clasificada Corea del Sur.<\/p>\n\n\n\n<p>Una vez finalizada la etapa clasificatoria, el tercero de cada uno de los grupos (A y B) se enfrentar\u00e1n entre s\u00ed para dirimir cu\u00e1l de los dos accede a un repechaje que deber\u00e1 sostener con el ubicado quinto en la tabla general de Sudam\u00e9rica, por un cupo hacia la Copa del Mundo.<\/p>\n","protected":false},"excerpt":{"rendered":"<p>El ext\u00e9cnico de Tigre y de Boca Juniors emprende, a sus 46 a\u00f1os, el desaf\u00edo de dirigir a una selecci\u00f3n nacional. Su objetivo inicial es conducir al conjunto \u00e1rabe a la etapa final del Mundial Qatar 2022.<\/p>\n","protected":false},"author":2,"featured_media":34935,"comment_status":"open","ping_status":"open","sticky":false,"template":"","format":"standard","meta":{"om_disable_all_campaigns":false,"_monsterinsights_skip_tracking":false,"_monsterinsights_sitenote_active":false,"_monsterinsights_sitenote_note":"","_monsterinsights_sitenote_category":0,"_uf_show_specific_survey":0,"_uf_disable_surveys":false,"jetpack_post_was_ever_published":false,"_jetpack_newsletter_access":"","_jetpack_dont_email_post_to_subs":false,"_jetpack_newsletter_tier_id":0,"_jetpack_memberships_contains_paywalled_content":false,"_jetpack_memberships_contains_paid_content":false,"footnotes":"","jetpack_publicize_message":"","jetpack_publicize_feature_enabled":true,"jetpack_social_post_already_shared":false,"jetpack_social_options":{"image_generator_settings":{"template":"highway","default_image_id":0,"font":"","enabled":false},"version":2}},"categories":[6],"tags":[],"class_list":["post-34934","post","type-post","status-publish","format-standard","has-post-thumbnail","hentry","category-deportes"],"aioseo_notices":[],"views":9,"jetpack_publicize_connections":[],"jetpack_featured_media_url":"https:\/\/i0.wp.com\/elterritorialweb.com.ar\/web\/wp-content\/uploads\/2022\/02\/descarga.jpeg?fit=282%2C179&ssl=1","jetpack_sharing_enabled":true,"_links":{"self":[{"href":"https:\/\/elterritorialweb.com.ar\/web\/wp-json\/wp\/v2\/posts\/34934","targetHints":{"allow":["GET"]}}],"collection":[{"href":"https:\/\/elterritorialweb.com.ar\/web\/wp-json\/wp\/v2\/posts"}],"about":[{"href":"https:\/\/elterritorialweb.com.ar\/web\/wp-json\/wp\/v2\/types\/post"}],"author":[{"embeddable":true,"href":"https:\/\/elterritorialweb.com.ar\/web\/wp-json\/wp\/v2\/users\/2"}],"replies":[{"embeddable":true,"href":"https:\/\/elterritorialweb.com.ar\/web\/wp-json\/wp\/v2\/comments?post=34934"}],"version-history":[{"count":1,"href":"https:\/\/elterritorialweb.com.ar\/web\/wp-json\/wp\/v2\/posts\/34934\/revisions"}],"predecessor-version":[{"id":34936,"href":"https:\/\/elterritorialweb.com.ar\/web\/wp-json\/wp\/v2\/posts\/34934\/revisions\/34936"}],"wp:featuredmedia":[{"embeddable":true,"href":"https:\/\/elterritorialweb.com.ar\/web\/wp-json\/wp\/v2\/media\/34935"}],"wp:attachment":[{"href":"https:\/\/elterritorialweb.com.ar\/web\/wp-json\/wp\/v2\/media?parent=34934"}],"wp:term":[{"taxonomy":"category","embeddable":true,"href":"https:\/\/elterritorialweb.com.ar\/web\/wp-json\/wp\/v2\/categories?post=34934"},{"taxonomy":"post_tag","embeddable":true,"href":"https:\/\/elterritorialweb.com.ar\/web\/wp-json\/wp\/v2\/tags?post=34934"}],"curies":[{"name":"wp","href":"https:\/\/api.w.org\/{rel}","templated":true}]}}