{"id":34943,"date":"2022-02-13T20:52:43","date_gmt":"2022-02-13T20:52:43","guid":{"rendered":"http:\/\/elterritorialweb.com.ar\/web\/?p=34943"},"modified":"2022-02-13T20:52:43","modified_gmt":"2022-02-13T20:52:43","slug":"exhiben-listado-de-merito-para-la-escuela-municipal-ada-nilda-alderete","status":"publish","type":"post","link":"https:\/\/elterritorialweb.com.ar\/web\/exhiben-listado-de-merito-para-la-escuela-municipal-ada-nilda-alderete\/","title":{"rendered":"EXHIBEN LISTADO DE MERITO PARA LA ESCUELA MUNICIPAL \u00abADA NILDA ALDERETE\u00bb"},"content":{"rendered":"\n<p>La Subsecretar\u00eda de Educaci\u00f3n y Cultura de la Municipalidad de La Banda, informa a trav\u00e9s de la Junta de Calificaci\u00f3n y Clasificaci\u00f3n del Nivel Primario y Secundario, que exhibir\u00e1n el Listado de Orden de Merito Definitivo del 2022 para la Escuela Municipal &#8216;Ada Nilda Alderete&#8217;.<br>El mismo, estar\u00e1 disponible a partir del 18 de febrero, en las instalaciones de la Direcci\u00f3n de Cultura, sito en Irigoyen 235 entre Alberdi y San Carlos, lugar donde los interesados podr\u00e1n dirigirse en el horario de atenci\u00f3n de lunes a viernes, de 9 a 12.<\/p>\n","protected":false},"excerpt":{"rendered":"<p>Subsecretar\u00eda de Educaci\u00f3n y Cultura de la Municipalidad de La Banda<\/p>\n","protected":false},"author":2,"featured_media":34944,"comment_status":"open","ping_status":"open","sticky":false,"template":"","format":"standard","meta":{"om_disable_all_campaigns":false,"_monsterinsights_skip_tracking":false,"_monsterinsights_sitenote_active":false,"_monsterinsights_sitenote_note":"","_monsterinsights_sitenote_category":0,"_uf_show_specific_survey":0,"_uf_disable_surveys":false,"jetpack_post_was_ever_published":false,"_jetpack_newsletter_access":"","_jetpack_dont_email_post_to_subs":false,"_jetpack_newsletter_tier_id":0,"_jetpack_memberships_contains_paywalled_content":false,"_jetpack_memberships_contains_paid_content":false,"footnotes":"","jetpack_publicize_message":"","jetpack_publicize_feature_enabled":true,"jetpack_social_post_already_shared":false,"jetpack_social_options":{"image_generator_settings":{"template":"highway","default_image_id":0,"font":"","enabled":false},"version":2}},"categories":[19],"tags":[],"class_list":["post-34943","post","type-post","status-publish","format-standard","has-post-thumbnail","hentry","category-educacion"],"aioseo_notices":[],"views":7,"jetpack_publicize_connections":[],"jetpack_featured_media_url":"https:\/\/i0.wp.com\/elterritorialweb.com.ar\/web\/wp-content\/uploads\/2022\/02\/IMG-20220213-WA0050.jpg?fit=1600%2C1050&ssl=1","jetpack_sharing_enabled":true,"_links":{"self":[{"href":"https:\/\/elterritorialweb.com.ar\/web\/wp-json\/wp\/v2\/posts\/34943","targetHints":{"allow":["GET"]}}],"collection":[{"href":"https:\/\/elterritorialweb.com.ar\/web\/wp-json\/wp\/v2\/posts"}],"about":[{"href":"https:\/\/elterritorialweb.com.ar\/web\/wp-json\/wp\/v2\/types\/post"}],"author":[{"embeddable":true,"href":"https:\/\/elterritorialweb.com.ar\/web\/wp-json\/wp\/v2\/users\/2"}],"replies":[{"embeddable":true,"href":"https:\/\/elterritorialweb.com.ar\/web\/wp-json\/wp\/v2\/comments?post=34943"}],"version-history":[{"count":1,"href":"https:\/\/elterritorialweb.com.ar\/web\/wp-json\/wp\/v2\/posts\/34943\/revisions"}],"predecessor-version":[{"id":34945,"href":"https:\/\/elterritorialweb.com.ar\/web\/wp-json\/wp\/v2\/posts\/34943\/revisions\/34945"}],"wp:featuredmedia":[{"embeddable":true,"href":"https:\/\/elterritorialweb.com.ar\/web\/wp-json\/wp\/v2\/media\/34944"}],"wp:attachment":[{"href":"https:\/\/elterritorialweb.com.ar\/web\/wp-json\/wp\/v2\/media?parent=34943"}],"wp:term":[{"taxonomy":"category","embeddable":true,"href":"https:\/\/elterritorialweb.com.ar\/web\/wp-json\/wp\/v2\/categories?post=34943"},{"taxonomy":"post_tag","embeddable":true,"href":"https:\/\/elterritorialweb.com.ar\/web\/wp-json\/wp\/v2\/tags?post=34943"}],"curies":[{"name":"wp","href":"https:\/\/api.w.org\/{rel}","templated":true}]}}