{"id":34952,"date":"2022-02-13T23:28:23","date_gmt":"2022-02-13T23:28:23","guid":{"rendered":"http:\/\/elterritorialweb.com.ar\/web\/?p=34952"},"modified":"2022-02-13T23:28:24","modified_gmt":"2022-02-13T23:28:24","slug":"la-provincia-tuvo-un-marcado-descenso-de-casos-positivos-de-coronavirus","status":"publish","type":"post","link":"https:\/\/elterritorialweb.com.ar\/web\/la-provincia-tuvo-un-marcado-descenso-de-casos-positivos-de-coronavirus\/","title":{"rendered":"LA PROVINCIA TUVO UN MARCADO DESCENSO DE CASOS POSITIVOS DE CORONAVIRUS"},"content":{"rendered":"\n<p>Informe semanal: (desde el domingo 06\/02 al S\u00e1bado 12\/02 inclusive):<br>-El n\u00famero de casos fue de 191 positivos.<br>-El promedio diario de contagios en estos 7 d\u00edas fue de 27 casos<br>-El porcentaje de ocupaci\u00f3n de camas Covid:<br>a) UTI -UCI: 20%<br>b) Camas Covid leves y moderados: 10%<\/p>\n\n\n\n<h4 class=\"wp-block-heading\" id=\"se-encuentra-en-vigencia-el-pase-sanitario-en-la-provincia\">SE ENCUENTRA EN VIGENCIA EL PASE SANITARIO EN LA PROVINCIA.<\/h4>\n\n\n\n<p id=\"con-el-objetivo-de-generar-condiciones-seguras-y-cuidadas-de-acceso-a-diferentes-actividades-y-eventos-masivos-tanto-publico-como-privados-en-espacios-abiertos-y-cerrados-se-instrumento-el-pase-sanitario-que-consiste-en-la-acreditacion-del-esquema-completo-de-vacunacion-contra-covid-19\">Con el objetivo de generar condiciones seguras y cuidadas de acceso a diferentes actividades y eventos masivos tanto p\u00fablico como privados, en espacios abiertos y cerrados, se instrumento el Pase Sanitario, que consiste en la acreditaci\u00f3n del esquema completo de vacunaci\u00f3n contra Covid-19.<\/p>\n\n\n\n<h4 class=\"wp-block-heading\" id=\"se-recuerda\">Se recuerda:<\/h4>\n\n\n\n<ul class=\"wp-block-list\"><li>que el horario de circulaci\u00f3n es sin restricciones.<\/li><li>que contin\u00faa siendo obligatorio el uso del barbijo en espacios cerrados, en el transporte de colectivos y radio taxis, como en cualquier lugar p\u00fablico abierto donde exista aglomeraci\u00f3n de personas, tales c\u00f3mo paradas de colectivos, colas en cajeros, etc . No siendo obligatorio en la v\u00eda p\u00fablica cuando alguien circule solo, o junto a personas de su grupo conviviente.<br>AISLAMIENTO<\/li><li>Personas con COVID-19 positivo y convivientes con esquema completo de vacunaci\u00f3n (7 d\u00edas), contacto estrecho no conviviente con esquema completo de vacunaci\u00f3n (5 d\u00edas),<\/li><li>Personas con COVID-19 positivo, contacto estrecho conviviente\/no convivientes con esquema incompleto de vacunaci\u00f3n (10 d\u00edas)<\/li><\/ul>\n\n\n\n<h4 class=\"wp-block-heading\" id=\"por-ultimo-el-coe-informa-a-toda-la-poblacion\">POR \u00daLTIMO, el COE informa a toda la poblaci\u00f3n:<\/h4>\n\n\n\n<p>a) que se monitorean semanalmente los resultados de las muestras de hisopados, a los fines de realizar una vigilancia genomica del SARS-COV-2 para identificar las variantes que circulan en nuestra provincia.<br>b) es fundamental en este momento, que todos los santiague\u00f1os mayores de 18 a\u00f1os concurran a vacunarse con las 2\u00b0 y 3\u00b0 dosis seg\u00fan corresponda y los ni\u00f1os de 3 a 12 a\u00f1os, adolescentes y jovenes de 13 a 17 a\u00f1os las primeras o segundas dosis de las vacunas contra el Covid 19; existiendo VACUNATORIOS PERMANENTES en todas las localidades, adem\u00e1s de las convocatorias masivas a trav\u00e9s de calendarios que se vienen realizando.<\/p>\n\n\n\n<p>Firman: Elias Suarez, Jefe de Gabinete de Ministros &#8211; Natividad Nassif, Ministra de Salud.<\/p>\n","protected":false},"excerpt":{"rendered":"<p>As\u00ed lo inform\u00f3 el Comit\u00e9 de Emergencia de la provincia.<\/p>\n","protected":false},"author":2,"featured_media":34953,"comment_status":"open","ping_status":"open","sticky":false,"template":"","format":"standard","meta":{"om_disable_all_campaigns":false,"_monsterinsights_skip_tracking":false,"_monsterinsights_sitenote_active":false,"_monsterinsights_sitenote_note":"","_monsterinsights_sitenote_category":0,"_uf_show_specific_survey":0,"_uf_disable_surveys":false,"jetpack_post_was_ever_published":false,"_jetpack_newsletter_access":"","_jetpack_dont_email_post_to_subs":false,"_jetpack_newsletter_tier_id":0,"_jetpack_memberships_contains_paywalled_content":false,"_jetpack_memberships_contains_paid_content":false,"footnotes":"","jetpack_publicize_message":"","jetpack_publicize_feature_enabled":true,"jetpack_social_post_already_shared":false,"jetpack_social_options":{"image_generator_settings":{"template":"highway","default_image_id":0,"font":"","enabled":false},"version":2}},"categories":[3],"tags":[],"class_list":["post-34952","post","type-post","status-publish","format-standard","has-post-thumbnail","hentry","category-salud"],"aioseo_notices":[],"views":29,"jetpack_publicize_connections":[],"jetpack_featured_media_url":"https:\/\/i0.wp.com\/elterritorialweb.com.ar\/web\/wp-content\/uploads\/2022\/02\/IMG_20220209_101127_9392-scaled.jpg?fit=2560%2C1758&ssl=1","jetpack_sharing_enabled":true,"_links":{"self":[{"href":"https:\/\/elterritorialweb.com.ar\/web\/wp-json\/wp\/v2\/posts\/34952","targetHints":{"allow":["GET"]}}],"collection":[{"href":"https:\/\/elterritorialweb.com.ar\/web\/wp-json\/wp\/v2\/posts"}],"about":[{"href":"https:\/\/elterritorialweb.com.ar\/web\/wp-json\/wp\/v2\/types\/post"}],"author":[{"embeddable":true,"href":"https:\/\/elterritorialweb.com.ar\/web\/wp-json\/wp\/v2\/users\/2"}],"replies":[{"embeddable":true,"href":"https:\/\/elterritorialweb.com.ar\/web\/wp-json\/wp\/v2\/comments?post=34952"}],"version-history":[{"count":1,"href":"https:\/\/elterritorialweb.com.ar\/web\/wp-json\/wp\/v2\/posts\/34952\/revisions"}],"predecessor-version":[{"id":34954,"href":"https:\/\/elterritorialweb.com.ar\/web\/wp-json\/wp\/v2\/posts\/34952\/revisions\/34954"}],"wp:featuredmedia":[{"embeddable":true,"href":"https:\/\/elterritorialweb.com.ar\/web\/wp-json\/wp\/v2\/media\/34953"}],"wp:attachment":[{"href":"https:\/\/elterritorialweb.com.ar\/web\/wp-json\/wp\/v2\/media?parent=34952"}],"wp:term":[{"taxonomy":"category","embeddable":true,"href":"https:\/\/elterritorialweb.com.ar\/web\/wp-json\/wp\/v2\/categories?post=34952"},{"taxonomy":"post_tag","embeddable":true,"href":"https:\/\/elterritorialweb.com.ar\/web\/wp-json\/wp\/v2\/tags?post=34952"}],"curies":[{"name":"wp","href":"https:\/\/api.w.org\/{rel}","templated":true}]}}