{"id":34955,"date":"2022-02-14T01:09:42","date_gmt":"2022-02-14T01:09:42","guid":{"rendered":"http:\/\/elterritorialweb.com.ar\/web\/?p=34955"},"modified":"2022-02-14T01:09:42","modified_gmt":"2022-02-14T01:09:42","slug":"conmovedor-bilardo-reaparecio-en-una-foto-que-publico-su-hija","status":"publish","type":"post","link":"https:\/\/elterritorialweb.com.ar\/web\/conmovedor-bilardo-reaparecio-en-una-foto-que-publico-su-hija\/","title":{"rendered":"CONMOVEDOR: BILARDO REAPARECI\u00d3 EN UNA FOTO QUE P\u00daBLICO SU HIJA"},"content":{"rendered":"\n<p>A pocos d\u00edas del estreno de su documental y en un d\u00eda muy especial por cumplirse 40 a\u00f1os del t\u00edtulo de&nbsp;<strong>Estudiantes de La Plata<\/strong>&nbsp;en el Metropolitano de 1982 con el Doctor como arquitecto,&nbsp;<strong>Carlos Bilardo<\/strong>&nbsp;reapareci\u00f3 p\u00fablicamente con una foto que conmovi\u00f3 al f\u00fatbol argentino.<\/p>\n\n\n\n<p><strong>\u201cA tu lado acompa\u00f1\u00e1ndote hoy, igual que siempre. Y recordando juntos 40 a\u00f1os de gloria intacta\u201d<\/strong>, escribi\u00f3 en Instagram su hija Daniela, junto a una imagen en la que al Narig\u00f3n de 83 a\u00f1os, se lo ve con una chomba negra, rodeado del amor de su familia.PUBLICIDAD<\/p>\n\n\n\n<p>Fue el club, desde sus redes sociales, el que viraliz\u00f3 la imagen. El Pincha la comparti\u00f3 con la leyenda&nbsp;<strong>\u201cla felicidad de Bilardo es la nuestra. \u00a1Qu\u00e9 lindo verlo as\u00ed, Doctor!\u201d<\/strong>. El director t\u00e9cnico campe\u00f3n del mundo con la selecci\u00f3n argentina en M\u00e9xico 86 lucha desde hace cuatro a\u00f1os con una enfermedad neurodegenerativa llamada s\u00edndrome Hakim-Adams. Durante un tiempo le fue tratada en una cl\u00ednica geri\u00e1trica, pero posteriormente fue trasladado a un departamento cercano a su hogar, donde recibe a diario a su familia y amigos y cuenta con respaldo de profesionales durante las 24 horas.<\/p>\n\n\n\n<p>Para evitarle disgustos en medio de este trance, su hermano Jorge Bilardo supo contar que, por ejemplo, omitieron contarle de las muertes de personas importantes en su vida, como Diego Maradona, Alejandro Sabella y Cacho Malbernat.<\/p>\n\n\n\n<p>En efecto, el hermano del Doctor estuvo presente en el estadio Uno Jorge Luis Hirschi, donde se record\u00f3 la gesta de aquel equipo del 82 que, a pesar de las mecanizaciones y el trabajo que siempre pregon\u00f3 el Doctor, dispon\u00eda de tres N\u00aa 10 en su formaci\u00f3n, como Sabella, Ponce y Trobbiani. De hecho, aquel t\u00edtulo fue el que le abri\u00f3 a Carlos Salvador las puertas de la Selecci\u00f3n, a la que llev\u00f3 a la Copa del Mundo en territorio azteca y a la final en Italia 90.<\/p>\n\n\n\n<p>En el hogar del Pincha, en ocasi\u00f3n del triunfo de Estudiantes 2-1 ante Independiente por la primera fecha de la Copa de la Liga, la instituci\u00f3n pase\u00f3 por el campo de juego una r\u00e9plica de bandera ic\u00f3nica: una id\u00e9ntica a la que apareci\u00f3 en la final del Mundial de M\u00e9xico 1986 que dec\u00eda \u201cPerd\u00f3n Bilardo, gracias\u201d. Aquella vez, fue una especie e desagravio para el ex mediocampista, quien hab\u00eda viajado a M\u00e9xico sumergido en las cr\u00edticas y regres\u00f3 ba\u00f1ado de gloria. Esta vez, fue un gui\u00f1o en el medio de un homenaje, que hasta sirvi\u00f3 como disparador para que el gran p\u00fablico volviera a ver una imagen del legendario DT.<\/p>\n","protected":false},"excerpt":{"rendered":"<p>En una fecha muy especial para el Doctor y para los hinchas de Estudiantes, la hija del entrenador comparti\u00f3 una imagen que se hizo viral: \u201cA tu lado acompa\u00f1\u00e1ndote, hoy igual que siempre\u201d<\/p>\n","protected":false},"author":2,"featured_media":34956,"comment_status":"open","ping_status":"open","sticky":false,"template":"","format":"standard","meta":{"om_disable_all_campaigns":false,"_monsterinsights_skip_tracking":false,"_monsterinsights_sitenote_active":false,"_monsterinsights_sitenote_note":"","_monsterinsights_sitenote_category":0,"_uf_show_specific_survey":0,"_uf_disable_surveys":false,"jetpack_post_was_ever_published":false,"_jetpack_newsletter_access":"","_jetpack_dont_email_post_to_subs":false,"_jetpack_newsletter_tier_id":0,"_jetpack_memberships_contains_paywalled_content":false,"_jetpack_memberships_contains_paid_content":false,"footnotes":"","jetpack_publicize_message":"","jetpack_publicize_feature_enabled":true,"jetpack_social_post_already_shared":false,"jetpack_social_options":{"image_generator_settings":{"template":"highway","default_image_id":0,"font":"","enabled":false},"version":2}},"categories":[6],"tags":[],"class_list":["post-34955","post","type-post","status-publish","format-standard","has-post-thumbnail","hentry","category-deportes"],"aioseo_notices":[],"views":9,"jetpack_publicize_connections":[],"jetpack_featured_media_url":"https:\/\/i0.wp.com\/elterritorialweb.com.ar\/web\/wp-content\/uploads\/2022\/02\/Q6RMSJW2X5D5ROXSYP7NDDUQ7I.jpg?fit=768%2C432&ssl=1","jetpack_sharing_enabled":true,"_links":{"self":[{"href":"https:\/\/elterritorialweb.com.ar\/web\/wp-json\/wp\/v2\/posts\/34955","targetHints":{"allow":["GET"]}}],"collection":[{"href":"https:\/\/elterritorialweb.com.ar\/web\/wp-json\/wp\/v2\/posts"}],"about":[{"href":"https:\/\/elterritorialweb.com.ar\/web\/wp-json\/wp\/v2\/types\/post"}],"author":[{"embeddable":true,"href":"https:\/\/elterritorialweb.com.ar\/web\/wp-json\/wp\/v2\/users\/2"}],"replies":[{"embeddable":true,"href":"https:\/\/elterritorialweb.com.ar\/web\/wp-json\/wp\/v2\/comments?post=34955"}],"version-history":[{"count":1,"href":"https:\/\/elterritorialweb.com.ar\/web\/wp-json\/wp\/v2\/posts\/34955\/revisions"}],"predecessor-version":[{"id":34957,"href":"https:\/\/elterritorialweb.com.ar\/web\/wp-json\/wp\/v2\/posts\/34955\/revisions\/34957"}],"wp:featuredmedia":[{"embeddable":true,"href":"https:\/\/elterritorialweb.com.ar\/web\/wp-json\/wp\/v2\/media\/34956"}],"wp:attachment":[{"href":"https:\/\/elterritorialweb.com.ar\/web\/wp-json\/wp\/v2\/media?parent=34955"}],"wp:term":[{"taxonomy":"category","embeddable":true,"href":"https:\/\/elterritorialweb.com.ar\/web\/wp-json\/wp\/v2\/categories?post=34955"},{"taxonomy":"post_tag","embeddable":true,"href":"https:\/\/elterritorialweb.com.ar\/web\/wp-json\/wp\/v2\/tags?post=34955"}],"curies":[{"name":"wp","href":"https:\/\/api.w.org\/{rel}","templated":true}]}}