{"id":35033,"date":"2022-02-15T00:30:22","date_gmt":"2022-02-15T00:30:22","guid":{"rendered":"http:\/\/elterritorialweb.com.ar\/web\/?p=35033"},"modified":"2022-02-15T00:30:22","modified_gmt":"2022-02-15T00:30:22","slug":"zamora-y-autoridades-de-ypf-avanzan-sobre-proyectos-de-energia-renovable","status":"publish","type":"post","link":"https:\/\/elterritorialweb.com.ar\/web\/zamora-y-autoridades-de-ypf-avanzan-sobre-proyectos-de-energia-renovable\/","title":{"rendered":"ZAMORA Y AUTORIDADES DE YPF AVANZAN SOBRE PROYECTOS DE ENERG\u00cdA RENOVABLE"},"content":{"rendered":"\n<p>En el encuentro encabezado por el mandatario santiague\u00f1o estuvieron presentes el presidente de YPF, Pablo Gonz\u00e1lez; el CEO de YPF, Mart\u00edn Mandarano; el gerente de Planificaciones y Pol\u00edticas de Energ\u00eda, Ariel Gordon; y el asesor del presidente, Osvaldo Barcelona.<\/p>\n\n\n\n<figure class=\"wp-block-image size-full\"><a href=\"https:\/\/i0.wp.com\/elterritorialweb.com.ar\/web\/wp-content\/uploads\/2022\/02\/FB_IMG_1644877242198.jpg\"><img data-recalc-dims=\"1\" decoding=\"async\" width=\"640\" height=\"379\" data-src=\"https:\/\/i0.wp.com\/elterritorialweb.com.ar\/web\/wp-content\/uploads\/2022\/02\/FB_IMG_1644877242198.jpg?resize=640%2C379\" alt=\"\" class=\"wp-image-35035 lazyload\" data-srcset=\"https:\/\/i0.wp.com\/elterritorialweb.com.ar\/web\/wp-content\/uploads\/2022\/02\/FB_IMG_1644877242198.jpg?w=720&amp;ssl=1 720w, https:\/\/i0.wp.com\/elterritorialweb.com.ar\/web\/wp-content\/uploads\/2022\/02\/FB_IMG_1644877242198.jpg?resize=300%2C178&amp;ssl=1 300w\" data-sizes=\"(max-width: 640px) 100vw, 640px\" src=\"data:image\/svg+xml;base64,PHN2ZyB3aWR0aD0iMSIgaGVpZ2h0PSIxIiB4bWxucz0iaHR0cDovL3d3dy53My5vcmcvMjAwMC9zdmciPjwvc3ZnPg==\" style=\"--smush-placeholder-width: 640px; --smush-placeholder-aspect-ratio: 640\/379;\" \/><\/a><\/figure>\n\n\n\n<p>Adem\u00e1s, participaron el jefe de Gabinete, El\u00edas Su\u00e1rez; la ministra de Justicia y Derechos Humanos, Matilde O\u2019Mill y el ministro de Obras P\u00fablicas, Argentino Cambrini, as\u00ed como tambi\u00e9n funcionarios de diversos organismos provinciales.<\/p>\n\n\n\n<figure class=\"wp-block-image size-full\"><a href=\"https:\/\/i0.wp.com\/elterritorialweb.com.ar\/web\/wp-content\/uploads\/2022\/02\/FB_IMG_1644877239830.jpg\"><img data-recalc-dims=\"1\" decoding=\"async\" width=\"640\" height=\"426\" data-src=\"https:\/\/i0.wp.com\/elterritorialweb.com.ar\/web\/wp-content\/uploads\/2022\/02\/FB_IMG_1644877239830.jpg?resize=640%2C426\" alt=\"\" class=\"wp-image-35036 lazyload\" data-srcset=\"https:\/\/i0.wp.com\/elterritorialweb.com.ar\/web\/wp-content\/uploads\/2022\/02\/FB_IMG_1644877239830.jpg?w=721&amp;ssl=1 721w, https:\/\/i0.wp.com\/elterritorialweb.com.ar\/web\/wp-content\/uploads\/2022\/02\/FB_IMG_1644877239830.jpg?resize=300%2C200&amp;ssl=1 300w\" data-sizes=\"(max-width: 640px) 100vw, 640px\" src=\"data:image\/svg+xml;base64,PHN2ZyB3aWR0aD0iMSIgaGVpZ2h0PSIxIiB4bWxucz0iaHR0cDovL3d3dy53My5vcmcvMjAwMC9zdmciPjwvc3ZnPg==\" style=\"--smush-placeholder-width: 640px; --smush-placeholder-aspect-ratio: 640\/426;\" \/><\/a><\/figure>\n\n\n\n<p>Tras la reuni\u00f3n, Gonz\u00e1lez detall\u00f3 que \u201cjunto al gobernador estamos revisando proyectos que tiene Santiago del Estero, fundamentalmente en relaci\u00f3n a la posibilidad de desarrollo de energ\u00eda solar, geot\u00e9rmica y e\u00f3lica, que son los tres v\u00e9rtices sobre los cuales se pueden trabajar\u201d.<\/p>\n\n\n\n<p>Asimismo, a\u00f1adi\u00f3 que \u201cla idea es avanzar con la provincia en proyectos renovables con la estructura que tiene YPF y el apoyo del Gobierno Provincial, raz\u00f3n por la cual estamos intercambiando informaci\u00f3n y viendo la posibilidad de hacer m\u00e1s estudios\u201d.<\/p>\n\n\n\n<figure class=\"wp-block-image size-full\"><a href=\"https:\/\/i0.wp.com\/elterritorialweb.com.ar\/web\/wp-content\/uploads\/2022\/02\/FB_IMG_1644877248472.jpg\"><img data-recalc-dims=\"1\" decoding=\"async\" width=\"640\" height=\"390\" data-src=\"https:\/\/i0.wp.com\/elterritorialweb.com.ar\/web\/wp-content\/uploads\/2022\/02\/FB_IMG_1644877248472.jpg?resize=640%2C390\" alt=\"\" class=\"wp-image-35038 lazyload\" data-srcset=\"https:\/\/i0.wp.com\/elterritorialweb.com.ar\/web\/wp-content\/uploads\/2022\/02\/FB_IMG_1644877248472.jpg?w=720&amp;ssl=1 720w, https:\/\/i0.wp.com\/elterritorialweb.com.ar\/web\/wp-content\/uploads\/2022\/02\/FB_IMG_1644877248472.jpg?resize=300%2C183&amp;ssl=1 300w\" data-sizes=\"(max-width: 640px) 100vw, 640px\" src=\"data:image\/svg+xml;base64,PHN2ZyB3aWR0aD0iMSIgaGVpZ2h0PSIxIiB4bWxucz0iaHR0cDovL3d3dy53My5vcmcvMjAwMC9zdmciPjwvc3ZnPg==\" style=\"--smush-placeholder-width: 640px; --smush-placeholder-aspect-ratio: 640\/390;\" \/><\/a><\/figure>\n\n\n\n<p>Finalmente, Gonz\u00e1lez puntualiz\u00f3 que el objetivo es avanzar en estos proyectos a trav\u00e9s de YPF Luz, compa\u00f1\u00eda de energ\u00eda que optimiza el uso de los recursos naturales y contribuye al desarrollo energ\u00e9tico del pa\u00eds y los mercados en los que participa.<\/p>\n","protected":false},"excerpt":{"rendered":"<p>El gobernador de Santiago del Estero, Dr. Gerardo Zamora, mantuvo una reuni\u00f3n con autoridades de YPF con el objetivo de avanzar de manera conjunta en proyectos de energ\u00eda renovable que beneficien a la provincia.<\/p>\n","protected":false},"author":2,"featured_media":35034,"comment_status":"open","ping_status":"open","sticky":false,"template":"","format":"standard","meta":{"om_disable_all_campaigns":false,"_monsterinsights_skip_tracking":false,"_monsterinsights_sitenote_active":false,"_monsterinsights_sitenote_note":"","_monsterinsights_sitenote_category":0,"_uf_show_specific_survey":0,"_uf_disable_surveys":false,"jetpack_post_was_ever_published":false,"_jetpack_newsletter_access":"","_jetpack_dont_email_post_to_subs":false,"_jetpack_newsletter_tier_id":0,"_jetpack_memberships_contains_paywalled_content":false,"_jetpack_memberships_contains_paid_content":false,"footnotes":"","jetpack_publicize_message":"","jetpack_publicize_feature_enabled":true,"jetpack_social_post_already_shared":false,"jetpack_social_options":{"image_generator_settings":{"template":"highway","default_image_id":0,"font":"","enabled":false},"version":2}},"categories":[21],"tags":[],"class_list":["post-35033","post","type-post","status-publish","format-standard","has-post-thumbnail","hentry","category-locales"],"aioseo_notices":[],"views":10,"jetpack_publicize_connections":[],"jetpack_featured_media_url":"https:\/\/i0.wp.com\/elterritorialweb.com.ar\/web\/wp-content\/uploads\/2022\/02\/FB_IMG_1644877237092.jpg?fit=721%2C480&ssl=1","jetpack_sharing_enabled":true,"_links":{"self":[{"href":"https:\/\/elterritorialweb.com.ar\/web\/wp-json\/wp\/v2\/posts\/35033","targetHints":{"allow":["GET"]}}],"collection":[{"href":"https:\/\/elterritorialweb.com.ar\/web\/wp-json\/wp\/v2\/posts"}],"about":[{"href":"https:\/\/elterritorialweb.com.ar\/web\/wp-json\/wp\/v2\/types\/post"}],"author":[{"embeddable":true,"href":"https:\/\/elterritorialweb.com.ar\/web\/wp-json\/wp\/v2\/users\/2"}],"replies":[{"embeddable":true,"href":"https:\/\/elterritorialweb.com.ar\/web\/wp-json\/wp\/v2\/comments?post=35033"}],"version-history":[{"count":1,"href":"https:\/\/elterritorialweb.com.ar\/web\/wp-json\/wp\/v2\/posts\/35033\/revisions"}],"predecessor-version":[{"id":35039,"href":"https:\/\/elterritorialweb.com.ar\/web\/wp-json\/wp\/v2\/posts\/35033\/revisions\/35039"}],"wp:featuredmedia":[{"embeddable":true,"href":"https:\/\/elterritorialweb.com.ar\/web\/wp-json\/wp\/v2\/media\/35034"}],"wp:attachment":[{"href":"https:\/\/elterritorialweb.com.ar\/web\/wp-json\/wp\/v2\/media?parent=35033"}],"wp:term":[{"taxonomy":"category","embeddable":true,"href":"https:\/\/elterritorialweb.com.ar\/web\/wp-json\/wp\/v2\/categories?post=35033"},{"taxonomy":"post_tag","embeddable":true,"href":"https:\/\/elterritorialweb.com.ar\/web\/wp-json\/wp\/v2\/tags?post=35033"}],"curies":[{"name":"wp","href":"https:\/\/api.w.org\/{rel}","templated":true}]}}