{"id":35040,"date":"2022-02-15T01:52:30","date_gmt":"2022-02-15T01:52:30","guid":{"rendered":"http:\/\/elterritorialweb.com.ar\/web\/?p=35040"},"modified":"2022-02-15T01:52:31","modified_gmt":"2022-02-15T01:52:31","slug":"la-capital-realizo-una-exitosa-jornada-de-adopcion-de-arboles-con-participacion-de-vecinos","status":"publish","type":"post","link":"https:\/\/elterritorialweb.com.ar\/web\/la-capital-realizo-una-exitosa-jornada-de-adopcion-de-arboles-con-participacion-de-vecinos\/","title":{"rendered":"LA CAPITAL REALIZ\u00d3 UNA EXITOSA JORNADA DE ADOPCI\u00d3N DE ARBOLES CON PARTICIPACI\u00d3N DE VECINOS"},"content":{"rendered":"\n<p>Un importante n\u00famero de vecinos se registr\u00f3 para poder adoptar dos ejemplares que podr\u00e1n destinar a veredas o patios, con el compromiso del cuidado permanente del mismo.<br>En \u00e9sta oportunidad y con el acompa\u00f1amiento de la Comisi\u00f3n Vecinal Villa del Carmen 100 viviendas; Asociaci\u00f3n \u201cMama\u201d, un colectivo de sue\u00f1os y J\u00f3venes por la inclusi\u00f3n, se entregaron fresnos, crespones, aguaribay, tipas, pezu\u00f1as y palo de jab\u00f3n.<br>Debido a la gran demanda, se ampliar\u00e1 la entrega con 100 plantines m\u00e1s, \u00e9ste martes en el mismo lugar.<br>La jornada se acompa\u00f1\u00f3 con la actuaci\u00f3n de Banda Victoria.<\/p>\n","protected":false},"excerpt":{"rendered":"<p>La Municipalidad concret\u00f3 una exitosa jornada de adopci\u00f3n de \u00e1rboles en el barrio Villa del Carmen, sector 744 viviendas, en el marco del plan de reforestaci\u00f3n de la ciudad que lleva adelante en forma permanente impulsado por la intendente, Ing. Norma Fuentes.<\/p>\n","protected":false},"author":2,"featured_media":35041,"comment_status":"open","ping_status":"open","sticky":false,"template":"","format":"standard","meta":{"om_disable_all_campaigns":false,"_monsterinsights_skip_tracking":false,"_monsterinsights_sitenote_active":false,"_monsterinsights_sitenote_note":"","_monsterinsights_sitenote_category":0,"_uf_show_specific_survey":0,"_uf_disable_surveys":false,"jetpack_post_was_ever_published":false,"_jetpack_newsletter_access":"","_jetpack_dont_email_post_to_subs":false,"_jetpack_newsletter_tier_id":0,"_jetpack_memberships_contains_paywalled_content":false,"_jetpack_memberships_contains_paid_content":false,"footnotes":"","jetpack_publicize_message":"","jetpack_publicize_feature_enabled":true,"jetpack_social_post_already_shared":false,"jetpack_social_options":{"image_generator_settings":{"template":"highway","default_image_id":0,"font":"","enabled":false},"version":2}},"categories":[21],"tags":[],"class_list":["post-35040","post","type-post","status-publish","format-standard","has-post-thumbnail","hentry","category-locales"],"aioseo_notices":[],"views":8,"jetpack_publicize_connections":[],"jetpack_featured_media_url":"https:\/\/i0.wp.com\/elterritorialweb.com.ar\/web\/wp-content\/uploads\/2022\/02\/entrega-de-arboles.jpeg?fit=1280%2C771&ssl=1","jetpack_sharing_enabled":true,"_links":{"self":[{"href":"https:\/\/elterritorialweb.com.ar\/web\/wp-json\/wp\/v2\/posts\/35040","targetHints":{"allow":["GET"]}}],"collection":[{"href":"https:\/\/elterritorialweb.com.ar\/web\/wp-json\/wp\/v2\/posts"}],"about":[{"href":"https:\/\/elterritorialweb.com.ar\/web\/wp-json\/wp\/v2\/types\/post"}],"author":[{"embeddable":true,"href":"https:\/\/elterritorialweb.com.ar\/web\/wp-json\/wp\/v2\/users\/2"}],"replies":[{"embeddable":true,"href":"https:\/\/elterritorialweb.com.ar\/web\/wp-json\/wp\/v2\/comments?post=35040"}],"version-history":[{"count":1,"href":"https:\/\/elterritorialweb.com.ar\/web\/wp-json\/wp\/v2\/posts\/35040\/revisions"}],"predecessor-version":[{"id":35042,"href":"https:\/\/elterritorialweb.com.ar\/web\/wp-json\/wp\/v2\/posts\/35040\/revisions\/35042"}],"wp:featuredmedia":[{"embeddable":true,"href":"https:\/\/elterritorialweb.com.ar\/web\/wp-json\/wp\/v2\/media\/35041"}],"wp:attachment":[{"href":"https:\/\/elterritorialweb.com.ar\/web\/wp-json\/wp\/v2\/media?parent=35040"}],"wp:term":[{"taxonomy":"category","embeddable":true,"href":"https:\/\/elterritorialweb.com.ar\/web\/wp-json\/wp\/v2\/categories?post=35040"},{"taxonomy":"post_tag","embeddable":true,"href":"https:\/\/elterritorialweb.com.ar\/web\/wp-json\/wp\/v2\/tags?post=35040"}],"curies":[{"name":"wp","href":"https:\/\/api.w.org\/{rel}","templated":true}]}}