{"id":35043,"date":"2022-02-15T02:54:51","date_gmt":"2022-02-15T02:54:51","guid":{"rendered":"http:\/\/elterritorialweb.com.ar\/web\/?p=35043"},"modified":"2022-02-15T02:54:51","modified_gmt":"2022-02-15T02:54:51","slug":"la-municipalidad-realizara-jornadas-de-construccion-de-contenidos-para-sus-jardines-de-infantes","status":"publish","type":"post","link":"https:\/\/elterritorialweb.com.ar\/web\/la-municipalidad-realizara-jornadas-de-construccion-de-contenidos-para-sus-jardines-de-infantes\/","title":{"rendered":"LA MUNICIPALIDAD REALIZAR\u00c1 JORNADAS DE CONSTRUCCI\u00d3N DE CONTENIDOS PARA SUS JARDINES DE INFANTES"},"content":{"rendered":"\n<p>Conducidos por el Equipo Municipal de Asesores Pedag\u00f3gicos, a los encuentros tambi\u00e9n asistir\u00e1n supervisoras y autoridades del \u00e1rea.<br>En la Casa del Bicentenario, en el horario de 8.30 a 12.30, se reunir\u00e1n el martes 15 los docentes de sala de 5, el mi\u00e9rcoles 16 los de sala de 4 y el jueves 17 los docentes de sala de 3; con el prop\u00f3sito de intercambiar y construir mancomunadamente n\u00facleos de aprendizaje integrales.<br>Se abordar\u00e1n tres ejes transversales: infancia y salud; medio ambiente y construcci\u00f3n de ni\u00f1os lectores. Adem\u00e1s, se trabajar\u00e1 en el dise\u00f1o de una planificaci\u00f3n \u00e1gil y operativa como as\u00ed tambi\u00e9n en acuerdos para la evaluaci\u00f3n diagn\u00f3stica.<\/p>\n","protected":false},"excerpt":{"rendered":"<p>La Subsecretar\u00eda y la Direcci\u00f3n de Educaci\u00f3n de la Capital realizar\u00e1 tres \u00abJornadas de Construcci\u00f3n Colectiva de Contenidos\u00bb, que contar\u00e1n con la presencia del personal directivo de los 26 jardines de infantes que dependen del municipio. <\/p>\n","protected":false},"author":2,"featured_media":35044,"comment_status":"open","ping_status":"open","sticky":false,"template":"","format":"standard","meta":{"om_disable_all_campaigns":false,"_monsterinsights_skip_tracking":false,"_monsterinsights_sitenote_active":false,"_monsterinsights_sitenote_note":"","_monsterinsights_sitenote_category":0,"_uf_show_specific_survey":0,"_uf_disable_surveys":false,"jetpack_post_was_ever_published":false,"_jetpack_newsletter_access":"","_jetpack_dont_email_post_to_subs":false,"_jetpack_newsletter_tier_id":0,"_jetpack_memberships_contains_paywalled_content":false,"_jetpack_memberships_contains_paid_content":false,"footnotes":"","jetpack_publicize_message":"","jetpack_publicize_feature_enabled":true,"jetpack_social_post_already_shared":false,"jetpack_social_options":{"image_generator_settings":{"template":"highway","default_image_id":0,"font":"","enabled":false},"version":2}},"categories":[19],"tags":[],"class_list":["post-35043","post","type-post","status-publish","format-standard","has-post-thumbnail","hentry","category-educacion"],"aioseo_notices":[],"views":10,"jetpack_publicize_connections":[],"jetpack_featured_media_url":"https:\/\/i0.wp.com\/elterritorialweb.com.ar\/web\/wp-content\/uploads\/2022\/02\/jardines-jornadas-clases.jpeg?fit=1600%2C1119&ssl=1","jetpack_sharing_enabled":true,"_links":{"self":[{"href":"https:\/\/elterritorialweb.com.ar\/web\/wp-json\/wp\/v2\/posts\/35043","targetHints":{"allow":["GET"]}}],"collection":[{"href":"https:\/\/elterritorialweb.com.ar\/web\/wp-json\/wp\/v2\/posts"}],"about":[{"href":"https:\/\/elterritorialweb.com.ar\/web\/wp-json\/wp\/v2\/types\/post"}],"author":[{"embeddable":true,"href":"https:\/\/elterritorialweb.com.ar\/web\/wp-json\/wp\/v2\/users\/2"}],"replies":[{"embeddable":true,"href":"https:\/\/elterritorialweb.com.ar\/web\/wp-json\/wp\/v2\/comments?post=35043"}],"version-history":[{"count":1,"href":"https:\/\/elterritorialweb.com.ar\/web\/wp-json\/wp\/v2\/posts\/35043\/revisions"}],"predecessor-version":[{"id":35045,"href":"https:\/\/elterritorialweb.com.ar\/web\/wp-json\/wp\/v2\/posts\/35043\/revisions\/35045"}],"wp:featuredmedia":[{"embeddable":true,"href":"https:\/\/elterritorialweb.com.ar\/web\/wp-json\/wp\/v2\/media\/35044"}],"wp:attachment":[{"href":"https:\/\/elterritorialweb.com.ar\/web\/wp-json\/wp\/v2\/media?parent=35043"}],"wp:term":[{"taxonomy":"category","embeddable":true,"href":"https:\/\/elterritorialweb.com.ar\/web\/wp-json\/wp\/v2\/categories?post=35043"},{"taxonomy":"post_tag","embeddable":true,"href":"https:\/\/elterritorialweb.com.ar\/web\/wp-json\/wp\/v2\/tags?post=35043"}],"curies":[{"name":"wp","href":"https:\/\/api.w.org\/{rel}","templated":true}]}}