{"id":35053,"date":"2022-02-15T14:42:12","date_gmt":"2022-02-15T14:42:12","guid":{"rendered":"http:\/\/elterritorialweb.com.ar\/web\/?p=35053"},"modified":"2022-02-15T15:22:41","modified_gmt":"2022-02-15T15:22:41","slug":"kuflas-se-reunio-con-la-empresa-automotriz-que-producira-autos-electricos","status":"publish","type":"post","link":"https:\/\/elterritorialweb.com.ar\/web\/kuflas-se-reunio-con-la-empresa-automotriz-que-producira-autos-electricos\/","title":{"rendered":"KUFLAS SE REUNI\u00d3 CON LA EMPRESA AUTOMOTRIZ QUE PRODUCIR\u00c1 AUTOS EL\u00c9CTRICOS EN EL PA\u00cdS"},"content":{"rendered":"\n<p>En el encuentro hablaron sobre esta inversi\u00f3n, donde se refiri\u00f3 al respecto \u00ab<em>Argentina cuenta con materias primas, tecnolog\u00eda y recursos humanos y profesionales para avanzar en la movilidad sustentable\u00bb<\/em> dijo el ministro tras el encuentro.<\/p>\n\n\n\n<p><em>\u00abEsta clase de inversiones son una gran oportunidad para reposicionar nuestra industria automotriz en el mundo y generar m\u00e1s producci\u00f3n y trabajo\u00bb,<\/em> sostuvo Kuflas.<\/p>\n\n\n\n<p>El ministro posteo en sus redes sociales: \u00ab<em>La empresa @Daymak, y sus socias @EQUIPOFDC y Emerx producir\u00e1n el auto el\u00e9ctrico sport de alta gama Spiritus en el pa\u00eds\u00bb.<\/em><\/p>\n\n\n\n<figure class=\"wp-block-image size-large\"><a href=\"https:\/\/i0.wp.com\/elterritorialweb.com.ar\/web\/wp-content\/uploads\/2022\/02\/FLo6OyeWUAQcmkc.jpeg\"><img data-recalc-dims=\"1\" decoding=\"async\" width=\"640\" height=\"337\" data-src=\"https:\/\/i0.wp.com\/elterritorialweb.com.ar\/web\/wp-content\/uploads\/2022\/02\/FLo6OyeWUAQcmkc.jpeg?resize=640%2C337\" alt=\"\" class=\"wp-image-35056 lazyload\" data-srcset=\"https:\/\/i0.wp.com\/elterritorialweb.com.ar\/web\/wp-content\/uploads\/2022\/02\/FLo6OyeWUAQcmkc.jpeg?resize=1024%2C539&amp;ssl=1 1024w, https:\/\/i0.wp.com\/elterritorialweb.com.ar\/web\/wp-content\/uploads\/2022\/02\/FLo6OyeWUAQcmkc.jpeg?resize=300%2C158&amp;ssl=1 300w, https:\/\/i0.wp.com\/elterritorialweb.com.ar\/web\/wp-content\/uploads\/2022\/02\/FLo6OyeWUAQcmkc.jpeg?resize=768%2C404&amp;ssl=1 768w, https:\/\/i0.wp.com\/elterritorialweb.com.ar\/web\/wp-content\/uploads\/2022\/02\/FLo6OyeWUAQcmkc.jpeg?resize=1536%2C808&amp;ssl=1 1536w, https:\/\/i0.wp.com\/elterritorialweb.com.ar\/web\/wp-content\/uploads\/2022\/02\/FLo6OyeWUAQcmkc.jpeg?w=1600&amp;ssl=1 1600w, https:\/\/i0.wp.com\/elterritorialweb.com.ar\/web\/wp-content\/uploads\/2022\/02\/FLo6OyeWUAQcmkc.jpeg?w=1280 1280w\" data-sizes=\"(max-width: 640px) 100vw, 640px\" src=\"data:image\/svg+xml;base64,PHN2ZyB3aWR0aD0iMSIgaGVpZ2h0PSIxIiB4bWxucz0iaHR0cDovL3d3dy53My5vcmcvMjAwMC9zdmciPjwvc3ZnPg==\" style=\"--smush-placeholder-width: 640px; --smush-placeholder-aspect-ratio: 640\/337;\" \/><\/a><\/figure>\n\n\n\n<p><strong>Daymak<\/strong> es una empresa canadiense fundada en 2002 cuyo lema es ir reduciendo la huella de carbono de a un veh\u00edculo a la vez. El objetivo parece ir progresando porque hoy ofrece una gama de bicicletas, scooters, motos, fourtracks, triciclos y cuatriciclos carrozados, un veh\u00edculo volador (que parece un dron) que llegar\u00eda en 2025 y un&nbsp;<strong>deportivo de tres ruedas que ser\u00eda el producido en Argentina<\/strong>.<\/p>\n\n\n\n<p>El Spiritus vio al p\u00fablico en 2021 y su objetivo de lanzamiento era producir 50.000 unidades en Canad\u00e1 durante los siguientes a\u00f1os. El triciclo deportivo, que ser\u00e1 lanzado al p\u00fablico en 2023,&nbsp;<strong>ofrece 197 CV, alcanza 480 km de autonom\u00eda y 207 km\/h de velocidad<\/strong>&nbsp;m\u00e1xima, por lo que fue catalogado como el veh\u00edculo el\u00e9ctrico de tres puertas m\u00e1s r\u00e1pido del mundo. Tambi\u00e9n hay una versi\u00f3n m\u00e1s tranquila (Deluxe) que logra 137 km(h de velocidad punta.<\/p>\n\n\n\n<p>Las bater\u00edas del Spiritus pueden ser dos, una de 36 kWh para alimentar un motor de 100 cv durante 300 kil\u00f3metros con un precio de casi 20.000 d\u00f3lares (en origen). La segunda es de 80 kWh y alimenta dos motores, uno por eje (con lo que ser\u00eda un 3X3) para un total de 197 cv, hasta 482 km de autonom\u00eda y un precio que se va a los 150.000 d\u00f3lares. La versi\u00f3n tranquila&nbsp; acelera de 0 a 100 km\/h en 6,9 segundos, mientras que la Ultimate necesita solo 1,8 segundos para alcanzar la misma velocidad.<\/p>\n\n\n\n<p><strong>Todos los Spiritus ofrecen cuatro airbags<\/strong>, puertas tipo tijera (o Koenigsegg) y un peque\u00f1o panel solar. La diferencia de precio de la versi\u00f3n Ultimate tambi\u00e9n tiene que ver con su carrocer\u00eda de fibra de carbono, suspensiones activas, ADAS, y sistema de carga de bater\u00edas por inducci\u00f3n.<\/p>\n\n\n\n<p>Recib\u00ed a sus directivos, para quienes la capacidad tecnol\u00f3gica y la calidad de los profesionales de nuestra industria automotriz fueron clave en la decisi\u00f3n.<\/p>\n","protected":false},"excerpt":{"rendered":"<p>En la jornada de este martes el ministro de Industria de la Naci\u00f3n Matias Kuflas, recibi\u00f3 a las autoridades de la empresa automotriz que producir\u00e1 autos el\u00e9ctricos.<\/p>\n","protected":false},"author":2,"featured_media":35055,"comment_status":"open","ping_status":"open","sticky":false,"template":"","format":"standard","meta":{"om_disable_all_campaigns":false,"_monsterinsights_skip_tracking":false,"_monsterinsights_sitenote_active":false,"_monsterinsights_sitenote_note":"","_monsterinsights_sitenote_category":0,"_uf_show_specific_survey":0,"_uf_disable_surveys":false,"jetpack_post_was_ever_published":false,"_jetpack_newsletter_access":"","_jetpack_dont_email_post_to_subs":false,"_jetpack_newsletter_tier_id":0,"_jetpack_memberships_contains_paywalled_content":false,"_jetpack_memberships_contains_paid_content":false,"footnotes":"","jetpack_publicize_message":"","jetpack_publicize_feature_enabled":true,"jetpack_social_post_already_shared":false,"jetpack_social_options":{"image_generator_settings":{"template":"highway","default_image_id":0,"font":"","enabled":false},"version":2}},"categories":[7],"tags":[],"class_list":["post-35053","post","type-post","status-publish","format-standard","has-post-thumbnail","hentry","category-nacionales"],"aioseo_notices":[],"views":9,"jetpack_publicize_connections":[],"jetpack_featured_media_url":"https:\/\/i0.wp.com\/elterritorialweb.com.ar\/web\/wp-content\/uploads\/2022\/02\/FLo6PSwXsAAASWJ.jpeg?fit=680%2C453&ssl=1","jetpack_sharing_enabled":true,"_links":{"self":[{"href":"https:\/\/elterritorialweb.com.ar\/web\/wp-json\/wp\/v2\/posts\/35053","targetHints":{"allow":["GET"]}}],"collection":[{"href":"https:\/\/elterritorialweb.com.ar\/web\/wp-json\/wp\/v2\/posts"}],"about":[{"href":"https:\/\/elterritorialweb.com.ar\/web\/wp-json\/wp\/v2\/types\/post"}],"author":[{"embeddable":true,"href":"https:\/\/elterritorialweb.com.ar\/web\/wp-json\/wp\/v2\/users\/2"}],"replies":[{"embeddable":true,"href":"https:\/\/elterritorialweb.com.ar\/web\/wp-json\/wp\/v2\/comments?post=35053"}],"version-history":[{"count":2,"href":"https:\/\/elterritorialweb.com.ar\/web\/wp-json\/wp\/v2\/posts\/35053\/revisions"}],"predecessor-version":[{"id":35059,"href":"https:\/\/elterritorialweb.com.ar\/web\/wp-json\/wp\/v2\/posts\/35053\/revisions\/35059"}],"wp:featuredmedia":[{"embeddable":true,"href":"https:\/\/elterritorialweb.com.ar\/web\/wp-json\/wp\/v2\/media\/35055"}],"wp:attachment":[{"href":"https:\/\/elterritorialweb.com.ar\/web\/wp-json\/wp\/v2\/media?parent=35053"}],"wp:term":[{"taxonomy":"category","embeddable":true,"href":"https:\/\/elterritorialweb.com.ar\/web\/wp-json\/wp\/v2\/categories?post=35053"},{"taxonomy":"post_tag","embeddable":true,"href":"https:\/\/elterritorialweb.com.ar\/web\/wp-json\/wp\/v2\/tags?post=35053"}],"curies":[{"name":"wp","href":"https:\/\/api.w.org\/{rel}","templated":true}]}}