{"id":35060,"date":"2022-02-15T17:29:20","date_gmt":"2022-02-15T17:29:20","guid":{"rendered":"http:\/\/elterritorialweb.com.ar\/web\/?p=35060"},"modified":"2022-02-15T17:39:03","modified_gmt":"2022-02-15T17:39:03","slug":"se-encuentra-disponible-la-version-on-line-hoy-es-calendario-adolescente-ilustrado-2022","status":"publish","type":"post","link":"https:\/\/elterritorialweb.com.ar\/web\/se-encuentra-disponible-la-version-on-line-hoy-es-calendario-adolescente-ilustrado-2022\/","title":{"rendered":"SE ENCUENTRA DISPONIBLE LA VERSI\u00d3N ON LINE \u00abHOY ES. CALENDARIO ADOLESCENTE ILUSTRADO 2022\u00bb"},"content":{"rendered":"\n<p><em>\u201cHoy es. Calendario Adolescente Ilustrado 2022\u201d<\/em> est\u00e1 destinado a los\/as\/les adolescentes de Santiago del Estero, siendo adem\u00e1s un material de para aquellas instituciones como Escuelas, Centros de Salud, Organismos, Municipios, profesionales y personas en general que trabajen con la poblaci\u00f3n adolescente. &nbsp;<\/p>\n\n\n\n<p>Este Calendario, tiene como objetivo promocionar las fechas vinculadas a la atenci\u00f3n, el cuidado y la visibilizaci\u00f3n de la salud integral adolescente, desde su participaci\u00f3n colectiva y territorial en el reconocimiento de sus derechos.<\/p>\n\n\n\n<p>El Calendario est\u00e1 compuesto por <em>14 ilustraciones realizadas por adolescentes de Santiago de Estero<\/em> y seleccionadas a trav\u00e9s de un concurso provincial que llev\u00f3 como eje central \u201cLa Salud Integral Adolescente\u201d.<\/p>\n\n\n\n<p>Esta herramienta est\u00e1 pensada para aprovecharla al m\u00e1ximo; para seguir d\u00eda a d\u00eda todas las fechas importantes y sus efem\u00e9rides; para aprender, disfrutar y acceder, en cada p\u00e1gina, a informaci\u00f3n calificada, interesante, entretenida y \u00fatil para conocer y abordar la <em>salud Integral Adolescente<\/em> y todos los temas que conforman esta m\u00faltiple dimensi\u00f3n.<\/p>\n\n\n\n<p>Adem\u00e1s, las fechas de m\u00e1s relevancia cuentan con un C\u00f3digo QR (para escanear con un dispositivo m\u00f3vil) que ofrece un enlace directo a diferentes tipos de materiales audiovisuales (campa\u00f1as, videos, p\u00e1ginas, podcast, dise\u00f1os, redes sociales de organismos oficiales provinciales y nacionales e instituciones afines, lecturas, definiciones, leyes, entre otros).<\/p>\n\n\n\n<p>Hoy es, cuenta con el apoyo de la <em><strong>Direcci\u00f3n de la Juventud de la Municipalidad de Santiago del Estero,<\/strong> <strong>el Programa Provincial Metas Digital y el Ministerio de Justicia y Derechos Humanos de la Provincia, por la Direcci\u00f3n de Adolescencias y Juventudes (DIAJU) del Ministerio de Salud de la Naci\u00f3n y UNICEF.<\/strong><\/em><br>Para solicitar el calendario, puedes enviar un mail a <strong><a href=\"mailto:hoyescalendario@gmail.com\">hoyesc<em>alendario@gmail.com<\/em><\/a><\/strong><br><\/p>\n\n\n\n<h2 class=\"wp-block-heading\" id=\"hace-click-aqui-y-descarga-el-calendario\"><a href=\"https:\/\/drive.google.com\/file\/d\/1E2XOoLfhg1qezZdZmJHOarSNAwlTJ49m\/view?usp=sharing\"><strong>Hace click aqu\u00ed y descarga el calendario<br><\/strong><\/a><\/h2>\n","protected":false},"excerpt":{"rendered":"<p>El Calendario Ilustrado Adolescente organizado en articulaci\u00f3n con la Asociaci\u00f3n Civil Santiague\u00f1a J\u00f3venes por la Inclusi\u00f3n ya tiene disponible su versi\u00f3n on-line para descargar de forma gratuita.<\/p>\n","protected":false},"author":2,"featured_media":35061,"comment_status":"open","ping_status":"open","sticky":false,"template":"","format":"standard","meta":{"om_disable_all_campaigns":false,"_monsterinsights_skip_tracking":false,"_monsterinsights_sitenote_active":false,"_monsterinsights_sitenote_note":"","_monsterinsights_sitenote_category":0,"_uf_show_specific_survey":0,"_uf_disable_surveys":false,"jetpack_post_was_ever_published":false,"_jetpack_newsletter_access":"","_jetpack_dont_email_post_to_subs":false,"_jetpack_newsletter_tier_id":0,"_jetpack_memberships_contains_paywalled_content":false,"_jetpack_memberships_contains_paid_content":false,"footnotes":"","jetpack_publicize_message":"","jetpack_publicize_feature_enabled":true,"jetpack_social_post_already_shared":false,"jetpack_social_options":{"image_generator_settings":{"template":"highway","default_image_id":0,"font":"","enabled":false},"version":2}},"categories":[21],"tags":[],"class_list":["post-35060","post","type-post","status-publish","format-standard","has-post-thumbnail","hentry","category-locales"],"aioseo_notices":[],"views":19,"jetpack_publicize_connections":[],"jetpack_featured_media_url":"https:\/\/i0.wp.com\/elterritorialweb.com.ar\/web\/wp-content\/uploads\/2022\/02\/Screenshot_20220215-1416322.png?fit=656%2C721&ssl=1","jetpack_sharing_enabled":true,"_links":{"self":[{"href":"https:\/\/elterritorialweb.com.ar\/web\/wp-json\/wp\/v2\/posts\/35060","targetHints":{"allow":["GET"]}}],"collection":[{"href":"https:\/\/elterritorialweb.com.ar\/web\/wp-json\/wp\/v2\/posts"}],"about":[{"href":"https:\/\/elterritorialweb.com.ar\/web\/wp-json\/wp\/v2\/types\/post"}],"author":[{"embeddable":true,"href":"https:\/\/elterritorialweb.com.ar\/web\/wp-json\/wp\/v2\/users\/2"}],"replies":[{"embeddable":true,"href":"https:\/\/elterritorialweb.com.ar\/web\/wp-json\/wp\/v2\/comments?post=35060"}],"version-history":[{"count":3,"href":"https:\/\/elterritorialweb.com.ar\/web\/wp-json\/wp\/v2\/posts\/35060\/revisions"}],"predecessor-version":[{"id":35067,"href":"https:\/\/elterritorialweb.com.ar\/web\/wp-json\/wp\/v2\/posts\/35060\/revisions\/35067"}],"wp:featuredmedia":[{"embeddable":true,"href":"https:\/\/elterritorialweb.com.ar\/web\/wp-json\/wp\/v2\/media\/35061"}],"wp:attachment":[{"href":"https:\/\/elterritorialweb.com.ar\/web\/wp-json\/wp\/v2\/media?parent=35060"}],"wp:term":[{"taxonomy":"category","embeddable":true,"href":"https:\/\/elterritorialweb.com.ar\/web\/wp-json\/wp\/v2\/categories?post=35060"},{"taxonomy":"post_tag","embeddable":true,"href":"https:\/\/elterritorialweb.com.ar\/web\/wp-json\/wp\/v2\/tags?post=35060"}],"curies":[{"name":"wp","href":"https:\/\/api.w.org\/{rel}","templated":true}]}}