{"id":35068,"date":"2022-02-16T00:16:48","date_gmt":"2022-02-16T00:16:48","guid":{"rendered":"http:\/\/elterritorialweb.com.ar\/web\/?p=35068"},"modified":"2022-02-16T00:16:49","modified_gmt":"2022-02-16T00:16:49","slug":"firman-convenio-para-la-canasta-escolar-2022","status":"publish","type":"post","link":"https:\/\/elterritorialweb.com.ar\/web\/firman-convenio-para-la-canasta-escolar-2022\/","title":{"rendered":"FIRMAN CONVENIO PARA LA CANASTA ESCOLAR 2022"},"content":{"rendered":"\n<p>De la firma participaron el ministro de Econom\u00eda de la Provincia, CPN, Atilio Chara, acompa\u00f1ado por la presidenta de la C\u00e1mara de Comercio e Industria, Ing. Alejandra Rafael y representantes de papeler\u00edas y librer\u00edas de la provincia.<br>Cabe destacar que familias podr\u00e1n escoger los productos por unidad, o los que consideren necesarios en el momento, sin necesidad de adquirir la canasta completa. Este beneficio tambi\u00e9n se extender\u00e1 a comercios del interior de la Provincia.<\/p>\n\n\n\n<figure class=\"wp-block-image size-large\"><a href=\"https:\/\/i0.wp.com\/elterritorialweb.com.ar\/web\/wp-content\/uploads\/2022\/02\/canasta-escolar.jpg\"><img data-recalc-dims=\"1\" decoding=\"async\" width=\"640\" height=\"427\" data-src=\"https:\/\/i0.wp.com\/elterritorialweb.com.ar\/web\/wp-content\/uploads\/2022\/02\/canasta-escolar-1024x683.jpg?resize=640%2C427\" alt=\"\" class=\"wp-image-35070 lazyload\" data-srcset=\"https:\/\/i0.wp.com\/elterritorialweb.com.ar\/web\/wp-content\/uploads\/2022\/02\/canasta-escolar.jpg?resize=1024%2C683&amp;ssl=1 1024w, https:\/\/i0.wp.com\/elterritorialweb.com.ar\/web\/wp-content\/uploads\/2022\/02\/canasta-escolar.jpg?resize=300%2C200&amp;ssl=1 300w, https:\/\/i0.wp.com\/elterritorialweb.com.ar\/web\/wp-content\/uploads\/2022\/02\/canasta-escolar.jpg?resize=768%2C512&amp;ssl=1 768w, https:\/\/i0.wp.com\/elterritorialweb.com.ar\/web\/wp-content\/uploads\/2022\/02\/canasta-escolar.jpg?resize=1536%2C1025&amp;ssl=1 1536w, https:\/\/i0.wp.com\/elterritorialweb.com.ar\/web\/wp-content\/uploads\/2022\/02\/canasta-escolar.jpg?resize=2048%2C1367&amp;ssl=1 2048w, https:\/\/i0.wp.com\/elterritorialweb.com.ar\/web\/wp-content\/uploads\/2022\/02\/canasta-escolar.jpg?w=1280 1280w, https:\/\/i0.wp.com\/elterritorialweb.com.ar\/web\/wp-content\/uploads\/2022\/02\/canasta-escolar.jpg?w=1920 1920w\" data-sizes=\"(max-width: 640px) 100vw, 640px\" src=\"data:image\/svg+xml;base64,PHN2ZyB3aWR0aD0iMSIgaGVpZ2h0PSIxIiB4bWxucz0iaHR0cDovL3d3dy53My5vcmcvMjAwMC9zdmciPjwvc3ZnPg==\" style=\"--smush-placeholder-width: 640px; --smush-placeholder-aspect-ratio: 640\/427;\" \/><\/a><\/figure>\n\n\n\n<p>Tras la firma, el ministro de Econom\u00eda, CPN. Atilio Chara manifest\u00f3 \u201cesta canasta tiene precios inferiores a lo de la canasta nacional y queremos, de esta manera, ayudar a las familias para acceder a todos los productos y as\u00ed los ni\u00f1os puedan volver a las escuelas\u201d y agreg\u00f3 \u201cdesde el gobierno se ha hecho un esfuerzo en conjunto para llegar a estos precios, que son totalmente accesibles, acorde a los bolsillos de cada una de las familias santiague\u00f1as\u201d, resalt\u00f3 el ministro.<br>En tanto, la titular de la C\u00e1mara de Comercio e Industria, Ing. Alejandra Rafael, remarc\u00f3, \u201cse elabor\u00f3 una lista de productos con precios muy accesibles\u201d y destac\u00f3 el intenso trabajo \u201cde los \u00faltimos dos meses, buscando llegar a esta oferta de precios competitivos y muy accesible para las familias santiague\u00f1as\u201d. Asimismo explic\u00f3 que como las \u201clas librer\u00edas tienen sus sucursales, estos precios van a estar accesible en muchas localidades del interior\u201d.<\/p>\n\n\n\n<figure class=\"wp-block-image size-full\"><a href=\"https:\/\/i0.wp.com\/elterritorialweb.com.ar\/web\/wp-content\/uploads\/2022\/02\/canasta-escolar1.jpg\"><img data-recalc-dims=\"1\" decoding=\"async\" width=\"640\" height=\"901\" data-src=\"https:\/\/i0.wp.com\/elterritorialweb.com.ar\/web\/wp-content\/uploads\/2022\/02\/canasta-escolar1.jpg?resize=640%2C901\" alt=\"\" class=\"wp-image-35071 lazyload\" data-srcset=\"https:\/\/i0.wp.com\/elterritorialweb.com.ar\/web\/wp-content\/uploads\/2022\/02\/canasta-escolar1.jpg?w=678&amp;ssl=1 678w, https:\/\/i0.wp.com\/elterritorialweb.com.ar\/web\/wp-content\/uploads\/2022\/02\/canasta-escolar1.jpg?resize=213%2C300&amp;ssl=1 213w\" data-sizes=\"(max-width: 640px) 100vw, 640px\" src=\"data:image\/svg+xml;base64,PHN2ZyB3aWR0aD0iMSIgaGVpZ2h0PSIxIiB4bWxucz0iaHR0cDovL3d3dy53My5vcmcvMjAwMC9zdmciPjwvc3ZnPg==\" style=\"--smush-placeholder-width: 640px; --smush-placeholder-aspect-ratio: 640\/901;\" \/><\/a><\/figure>\n\n\n\n<p>Por \u00faltimo, Marcos Vizoso, expres\u00f3 \u201cvenimos llevando adelante este convenio con el Gobierno de la Provincia hace diez a\u00f1os, adapt\u00e1ndonos a la realidad de nuestra provincia, de los consumidores y apoyando, permanentemente, al estudio, a la capacitaci\u00f3n, al inicio de clases. Siempre estamos pendiente para llevar adelante este listado de precios sugeridos, de aproximadamente, 40 productos de primera calidad. Son marcas totalmente reconocidas y tienen la posibilidad durante estos d\u00edas de poder adquirirlos en las diferentes librer\u00edas de nuestra ciudad capital y del interior\u201d, finaliz\u00f3.<\/p>\n","protected":false},"excerpt":{"rendered":"<p>Este mediod\u00eda, se llev\u00f3 a cabo la firma de convenio entre el Ministerio de Econom\u00eda de Santiago del Estero y la C\u00e1mara de Comercio e Industria, para establecer el precio de la canasta escolar 2022, con m\u00e1s de 40 productos de primera calidad y de marcas reconocidas. <\/p>\n","protected":false},"author":2,"featured_media":35069,"comment_status":"open","ping_status":"open","sticky":false,"template":"","format":"standard","meta":{"om_disable_all_campaigns":false,"_monsterinsights_skip_tracking":false,"_monsterinsights_sitenote_active":false,"_monsterinsights_sitenote_note":"","_monsterinsights_sitenote_category":0,"_uf_show_specific_survey":0,"_uf_disable_surveys":false,"jetpack_post_was_ever_published":false,"_jetpack_newsletter_access":"","_jetpack_dont_email_post_to_subs":false,"_jetpack_newsletter_tier_id":0,"_jetpack_memberships_contains_paywalled_content":false,"_jetpack_memberships_contains_paid_content":false,"footnotes":"","jetpack_publicize_message":"","jetpack_publicize_feature_enabled":true,"jetpack_social_post_already_shared":false,"jetpack_social_options":{"image_generator_settings":{"template":"highway","default_image_id":0,"font":"","enabled":false},"version":2}},"categories":[2],"tags":[],"class_list":["post-35068","post","type-post","status-publish","format-standard","has-post-thumbnail","hentry","category-economia"],"aioseo_notices":[],"views":8,"jetpack_publicize_connections":[],"jetpack_featured_media_url":"https:\/\/i0.wp.com\/elterritorialweb.com.ar\/web\/wp-content\/uploads\/2022\/02\/canasta-.jpg?fit=2248%2C1500&ssl=1","jetpack_sharing_enabled":true,"_links":{"self":[{"href":"https:\/\/elterritorialweb.com.ar\/web\/wp-json\/wp\/v2\/posts\/35068","targetHints":{"allow":["GET"]}}],"collection":[{"href":"https:\/\/elterritorialweb.com.ar\/web\/wp-json\/wp\/v2\/posts"}],"about":[{"href":"https:\/\/elterritorialweb.com.ar\/web\/wp-json\/wp\/v2\/types\/post"}],"author":[{"embeddable":true,"href":"https:\/\/elterritorialweb.com.ar\/web\/wp-json\/wp\/v2\/users\/2"}],"replies":[{"embeddable":true,"href":"https:\/\/elterritorialweb.com.ar\/web\/wp-json\/wp\/v2\/comments?post=35068"}],"version-history":[{"count":1,"href":"https:\/\/elterritorialweb.com.ar\/web\/wp-json\/wp\/v2\/posts\/35068\/revisions"}],"predecessor-version":[{"id":35072,"href":"https:\/\/elterritorialweb.com.ar\/web\/wp-json\/wp\/v2\/posts\/35068\/revisions\/35072"}],"wp:featuredmedia":[{"embeddable":true,"href":"https:\/\/elterritorialweb.com.ar\/web\/wp-json\/wp\/v2\/media\/35069"}],"wp:attachment":[{"href":"https:\/\/elterritorialweb.com.ar\/web\/wp-json\/wp\/v2\/media?parent=35068"}],"wp:term":[{"taxonomy":"category","embeddable":true,"href":"https:\/\/elterritorialweb.com.ar\/web\/wp-json\/wp\/v2\/categories?post=35068"},{"taxonomy":"post_tag","embeddable":true,"href":"https:\/\/elterritorialweb.com.ar\/web\/wp-json\/wp\/v2\/tags?post=35068"}],"curies":[{"name":"wp","href":"https:\/\/api.w.org\/{rel}","templated":true}]}}