{"id":35073,"date":"2022-02-16T00:30:34","date_gmt":"2022-02-16T00:30:34","guid":{"rendered":"http:\/\/elterritorialweb.com.ar\/web\/?p=35073"},"modified":"2022-02-16T00:30:35","modified_gmt":"2022-02-16T00:30:35","slug":"el-equipo-del-programa-mis-primeros-1700-dias-se-reunio-con-caps-de-la-provincia","status":"publish","type":"post","link":"https:\/\/elterritorialweb.com.ar\/web\/el-equipo-del-programa-mis-primeros-1700-dias-se-reunio-con-caps-de-la-provincia\/","title":{"rendered":"EL EQUIPO DEL PROGRAMA \u00abMIS PRIMEROS 1700 D\u00cdAS\u00bb SE REUNI\u00d3 CON CAPS DE LA PROVINCIA"},"content":{"rendered":"\n<p>El Director del Programa \u201cMis Primeros 1.700 d\u00edas\u201d, Dr. Benjam\u00edn Coria acompa\u00f1ado por su equipo de trabajo y junto al director del de Salud de la Municipalidad, Dr. Antonio Palomo dialogaron con los responsables de los CAPS con el fin de coordinar acciones de trabajo y compartir experiencias para mejorar el funcionamiento del sistema en l\u00edneas generales.<br>Participaron coordinadores de los CAPS Los Flores (B\u00b0 Los Flores y parte del B\u00b0 Independencia), CAPS Nuestra Se\u00f1ora del Rosario de San Nicol\u00e1s (B\u00b0 Sol\u00eds, B\u00b0 Ampliaci\u00f3n Sol\u00eds y parte del Siglo XXI), CAPS Los Lagos (B\u00b0 Los Lagos, B\u00b0 Lomas del Golf y Pueblos Originarios Tonocotes), CAPS Hip\u00f3lito Irigoyen (B\u00b0 Tradici\u00f3n Oeste, y parte del Mariano Moreno viejo), CAPS Sant\u00edsimo Sacramento (B\u00b0 Borges), CAPS Dr. Estanislao Ponce (B\u00b0 8 de Abril parte del sector del B\u00b0 La Cat\u00f3lica, Belgrano y Sarmiento), CAPS Armando Archetti (B\u00b0 Juan XXIII, B\u00b0 Sargento Cabral, Tarapaya y Juan XXIII).<br>El Dr. Benjam\u00edn Coria manifest\u00f3 \u201cvenimos a colaborar con ustedes y ponernos a disposici\u00f3n de lo que puede hacer el programa en bienestar de las familias, las embarazadas y ni\u00f1os\u201d.<br>El Dr. Palomo recalc\u00f3 \u201cuno de los objetivos de la reuni\u00f3n es seguir coordinando, ajustando detalles para hacer m\u00e1s efectivas las acciones que venimos realizando\u201d.<\/p>\n","protected":false},"excerpt":{"rendered":"<p>En la sede de la  Direcci\u00f3n de Salud de la Municipalidad de la Capital, se llev\u00f3 a cabo una reuni\u00f3n entre el equipo del programa provincial \u201cMis Primeros 1.700 d\u00edas\u201d, junto a los referentes de los centros de atenci\u00f3n primaria de la Salud (CAPS)  que pertenecen a los distintos barrios de la ciudad capital. <\/p>\n","protected":false},"author":2,"featured_media":35074,"comment_status":"open","ping_status":"open","sticky":false,"template":"","format":"standard","meta":{"om_disable_all_campaigns":false,"_monsterinsights_skip_tracking":false,"_monsterinsights_sitenote_active":false,"_monsterinsights_sitenote_note":"","_monsterinsights_sitenote_category":0,"_uf_show_specific_survey":0,"_uf_disable_surveys":false,"jetpack_post_was_ever_published":false,"_jetpack_newsletter_access":"","_jetpack_dont_email_post_to_subs":false,"_jetpack_newsletter_tier_id":0,"_jetpack_memberships_contains_paywalled_content":false,"_jetpack_memberships_contains_paid_content":false,"footnotes":"","jetpack_publicize_message":"","jetpack_publicize_feature_enabled":true,"jetpack_social_post_already_shared":false,"jetpack_social_options":{"image_generator_settings":{"template":"highway","default_image_id":0,"font":"","enabled":false},"version":2}},"categories":[3],"tags":[],"class_list":["post-35073","post","type-post","status-publish","format-standard","has-post-thumbnail","hentry","category-salud"],"aioseo_notices":[],"views":9,"jetpack_publicize_connections":[],"jetpack_featured_media_url":"https:\/\/i0.wp.com\/elterritorialweb.com.ar\/web\/wp-content\/uploads\/2022\/02\/reunion-1-1.jpg?fit=1279%2C754&ssl=1","jetpack_sharing_enabled":true,"_links":{"self":[{"href":"https:\/\/elterritorialweb.com.ar\/web\/wp-json\/wp\/v2\/posts\/35073","targetHints":{"allow":["GET"]}}],"collection":[{"href":"https:\/\/elterritorialweb.com.ar\/web\/wp-json\/wp\/v2\/posts"}],"about":[{"href":"https:\/\/elterritorialweb.com.ar\/web\/wp-json\/wp\/v2\/types\/post"}],"author":[{"embeddable":true,"href":"https:\/\/elterritorialweb.com.ar\/web\/wp-json\/wp\/v2\/users\/2"}],"replies":[{"embeddable":true,"href":"https:\/\/elterritorialweb.com.ar\/web\/wp-json\/wp\/v2\/comments?post=35073"}],"version-history":[{"count":1,"href":"https:\/\/elterritorialweb.com.ar\/web\/wp-json\/wp\/v2\/posts\/35073\/revisions"}],"predecessor-version":[{"id":35075,"href":"https:\/\/elterritorialweb.com.ar\/web\/wp-json\/wp\/v2\/posts\/35073\/revisions\/35075"}],"wp:featuredmedia":[{"embeddable":true,"href":"https:\/\/elterritorialweb.com.ar\/web\/wp-json\/wp\/v2\/media\/35074"}],"wp:attachment":[{"href":"https:\/\/elterritorialweb.com.ar\/web\/wp-json\/wp\/v2\/media?parent=35073"}],"wp:term":[{"taxonomy":"category","embeddable":true,"href":"https:\/\/elterritorialweb.com.ar\/web\/wp-json\/wp\/v2\/categories?post=35073"},{"taxonomy":"post_tag","embeddable":true,"href":"https:\/\/elterritorialweb.com.ar\/web\/wp-json\/wp\/v2\/tags?post=35073"}],"curies":[{"name":"wp","href":"https:\/\/api.w.org\/{rel}","templated":true}]}}