{"id":35077,"date":"2022-02-16T01:41:20","date_gmt":"2022-02-16T01:41:20","guid":{"rendered":"http:\/\/elterritorialweb.com.ar\/web\/?p=35077"},"modified":"2022-02-16T01:41:21","modified_gmt":"2022-02-16T01:41:21","slug":"la-municipalidad-trabaja-con-su-programa-de-mantenimiento-de-calles-en-el-barrio-belgrano","status":"publish","type":"post","link":"https:\/\/elterritorialweb.com.ar\/web\/la-municipalidad-trabaja-con-su-programa-de-mantenimiento-de-calles-en-el-barrio-belgrano\/","title":{"rendered":"LA MUNICIPALIDAD TRABAJA CON SU PROGRAMA DE MANTENIMIENTO DE CALLES EN EL BARRIO BELGRANO"},"content":{"rendered":"\n<p>En esta oportunidad, personal de la Direcci\u00f3n de Obras P\u00fablicas, se encuentra ejecutando la puesta en condiciones de la calle Rawson entre Arturo Ilia y R\u00edo Negro del barrio Belgrano.<br>En el lugar la calzada se hab\u00eda da\u00f1ado debido a las altas temperaturas, por lo que los operarios comenzaron a remover un pa\u00f1o para colocar el hormig\u00f3n.<br>Es importante recordar a los vecinos de la ciudad que circulan por el sector, realizarlo de la manera m\u00e1s prudente ya que permanecer\u00e1 cortado de manera parcial hasta que se haya consolidado el material utilizado.<\/p>\n","protected":false},"excerpt":{"rendered":"<p>La Municipalidad contin\u00faa con el plan de mantenimiento de calles en diferentes barrios capitalinos, con reparaciones en lugares estrat\u00e9gicos por donde circulan un alto volumen de tr\u00e1nsito.<\/p>\n","protected":false},"author":2,"featured_media":35078,"comment_status":"open","ping_status":"open","sticky":false,"template":"","format":"standard","meta":{"om_disable_all_campaigns":false,"_monsterinsights_skip_tracking":false,"_monsterinsights_sitenote_active":false,"_monsterinsights_sitenote_note":"","_monsterinsights_sitenote_category":0,"_uf_show_specific_survey":0,"_uf_disable_surveys":false,"jetpack_post_was_ever_published":false,"_jetpack_newsletter_access":"","_jetpack_dont_email_post_to_subs":false,"_jetpack_newsletter_tier_id":0,"_jetpack_memberships_contains_paywalled_content":false,"_jetpack_memberships_contains_paid_content":false,"footnotes":"","jetpack_publicize_message":"","jetpack_publicize_feature_enabled":true,"jetpack_social_post_already_shared":false,"jetpack_social_options":{"image_generator_settings":{"template":"highway","default_image_id":0,"font":"","enabled":false},"version":2}},"categories":[21],"tags":[],"class_list":["post-35077","post","type-post","status-publish","format-standard","has-post-thumbnail","hentry","category-locales"],"aioseo_notices":[],"views":9,"jetpack_publicize_connections":[],"jetpack_featured_media_url":"https:\/\/i0.wp.com\/elterritorialweb.com.ar\/web\/wp-content\/uploads\/2022\/02\/calles-barrio-Belgrano.jpg?fit=1124%2C750&ssl=1","jetpack_sharing_enabled":true,"_links":{"self":[{"href":"https:\/\/elterritorialweb.com.ar\/web\/wp-json\/wp\/v2\/posts\/35077","targetHints":{"allow":["GET"]}}],"collection":[{"href":"https:\/\/elterritorialweb.com.ar\/web\/wp-json\/wp\/v2\/posts"}],"about":[{"href":"https:\/\/elterritorialweb.com.ar\/web\/wp-json\/wp\/v2\/types\/post"}],"author":[{"embeddable":true,"href":"https:\/\/elterritorialweb.com.ar\/web\/wp-json\/wp\/v2\/users\/2"}],"replies":[{"embeddable":true,"href":"https:\/\/elterritorialweb.com.ar\/web\/wp-json\/wp\/v2\/comments?post=35077"}],"version-history":[{"count":1,"href":"https:\/\/elterritorialweb.com.ar\/web\/wp-json\/wp\/v2\/posts\/35077\/revisions"}],"predecessor-version":[{"id":35079,"href":"https:\/\/elterritorialweb.com.ar\/web\/wp-json\/wp\/v2\/posts\/35077\/revisions\/35079"}],"wp:featuredmedia":[{"embeddable":true,"href":"https:\/\/elterritorialweb.com.ar\/web\/wp-json\/wp\/v2\/media\/35078"}],"wp:attachment":[{"href":"https:\/\/elterritorialweb.com.ar\/web\/wp-json\/wp\/v2\/media?parent=35077"}],"wp:term":[{"taxonomy":"category","embeddable":true,"href":"https:\/\/elterritorialweb.com.ar\/web\/wp-json\/wp\/v2\/categories?post=35077"},{"taxonomy":"post_tag","embeddable":true,"href":"https:\/\/elterritorialweb.com.ar\/web\/wp-json\/wp\/v2\/tags?post=35077"}],"curies":[{"name":"wp","href":"https:\/\/api.w.org\/{rel}","templated":true}]}}