{"id":35366,"date":"2022-02-21T03:16:53","date_gmt":"2022-02-21T03:16:53","guid":{"rendered":"http:\/\/elterritorialweb.com.ar\/web\/?p=35366"},"modified":"2022-02-21T03:16:54","modified_gmt":"2022-02-21T03:16:54","slug":"los-docentes-de-los-jardines-de-infantes-municipales-tendran-un-plazo-hasta-el-viernes-para-el-periodo-de-tachas","status":"publish","type":"post","link":"https:\/\/elterritorialweb.com.ar\/web\/los-docentes-de-los-jardines-de-infantes-municipales-tendran-un-plazo-hasta-el-viernes-para-el-periodo-de-tachas\/","title":{"rendered":"LOS DOCENTES DE LOS JARDINES DE INFANTES MUNICIPALES TENDR\u00c1N UN PLAZO HASTA EL VIERNES PARA EL PER\u00cdODO DE TACHAS"},"content":{"rendered":"\n<p>La <strong>Junta de Calificaciones y Clasificaciones de la Municipalidad de la Capital<\/strong> inform\u00f3 que el per\u00edodo de tachas correspondiente a la inscripci\u00f3n ordinaria para interinatos y suplencias del servicio de educaci\u00f3n municipal per\u00edodo 2022, <strong>se realizar\u00e1 hasta<\/strong> <strong>el viernes 25 de febrero del corriente a\u00f1o.<\/strong><\/p>\n\n\n\n<p>Los docentes inscriptos podr\u00e1n ver su puntaje a trav\u00e9s de la p\u00e1gina web <em><strong>www.santiagociudad.gov.ar\/educacion<\/strong><\/em>. Tambi\u00e9n se podr\u00e1n dirigir al local ubicado en calle <strong>C\u00f3rdoba N\u00ba 254, de lunes a viernes en el horario de 8:30 a 17:30.<\/strong><\/p>\n","protected":false},"excerpt":{"rendered":"<p>As\u00ed los inform\u00f3 la Junta de Calificaciones y Clasificaciones de la Municipalidad de la Capital.<\/p>\n","protected":false},"author":2,"featured_media":35367,"comment_status":"open","ping_status":"open","sticky":false,"template":"","format":"standard","meta":{"om_disable_all_campaigns":false,"_monsterinsights_skip_tracking":false,"_monsterinsights_sitenote_active":false,"_monsterinsights_sitenote_note":"","_monsterinsights_sitenote_category":0,"_uf_show_specific_survey":0,"_uf_disable_surveys":false,"jetpack_post_was_ever_published":false,"_jetpack_newsletter_access":"","_jetpack_dont_email_post_to_subs":false,"_jetpack_newsletter_tier_id":0,"_jetpack_memberships_contains_paywalled_content":false,"_jetpack_memberships_contains_paid_content":false,"footnotes":"","jetpack_publicize_message":"","jetpack_publicize_feature_enabled":true,"jetpack_social_post_already_shared":false,"jetpack_social_options":{"image_generator_settings":{"template":"highway","default_image_id":0,"font":"","enabled":false},"version":2}},"categories":[19],"tags":[],"class_list":["post-35366","post","type-post","status-publish","format-standard","has-post-thumbnail","hentry","category-educacion"],"aioseo_notices":[],"views":13,"jetpack_publicize_connections":[],"jetpack_featured_media_url":"https:\/\/i0.wp.com\/elterritorialweb.com.ar\/web\/wp-content\/uploads\/2022\/02\/jardin-docentes-muni.jpeg?fit=1600%2C1119&ssl=1","jetpack_sharing_enabled":true,"_links":{"self":[{"href":"https:\/\/elterritorialweb.com.ar\/web\/wp-json\/wp\/v2\/posts\/35366","targetHints":{"allow":["GET"]}}],"collection":[{"href":"https:\/\/elterritorialweb.com.ar\/web\/wp-json\/wp\/v2\/posts"}],"about":[{"href":"https:\/\/elterritorialweb.com.ar\/web\/wp-json\/wp\/v2\/types\/post"}],"author":[{"embeddable":true,"href":"https:\/\/elterritorialweb.com.ar\/web\/wp-json\/wp\/v2\/users\/2"}],"replies":[{"embeddable":true,"href":"https:\/\/elterritorialweb.com.ar\/web\/wp-json\/wp\/v2\/comments?post=35366"}],"version-history":[{"count":1,"href":"https:\/\/elterritorialweb.com.ar\/web\/wp-json\/wp\/v2\/posts\/35366\/revisions"}],"predecessor-version":[{"id":35368,"href":"https:\/\/elterritorialweb.com.ar\/web\/wp-json\/wp\/v2\/posts\/35366\/revisions\/35368"}],"wp:featuredmedia":[{"embeddable":true,"href":"https:\/\/elterritorialweb.com.ar\/web\/wp-json\/wp\/v2\/media\/35367"}],"wp:attachment":[{"href":"https:\/\/elterritorialweb.com.ar\/web\/wp-json\/wp\/v2\/media?parent=35366"}],"wp:term":[{"taxonomy":"category","embeddable":true,"href":"https:\/\/elterritorialweb.com.ar\/web\/wp-json\/wp\/v2\/categories?post=35366"},{"taxonomy":"post_tag","embeddable":true,"href":"https:\/\/elterritorialweb.com.ar\/web\/wp-json\/wp\/v2\/tags?post=35366"}],"curies":[{"name":"wp","href":"https:\/\/api.w.org\/{rel}","templated":true}]}}