{"id":35495,"date":"2022-02-22T15:44:25","date_gmt":"2022-02-22T15:44:25","guid":{"rendered":"http:\/\/elterritorialweb.com.ar\/web\/?p=35495"},"modified":"2022-02-22T15:44:25","modified_gmt":"2022-02-22T15:44:25","slug":"proyecto-de-ley-boleto-educativo-gratuito-para-toda-la-provincia","status":"publish","type":"post","link":"https:\/\/elterritorialweb.com.ar\/web\/proyecto-de-ley-boleto-educativo-gratuito-para-toda-la-provincia\/","title":{"rendered":"PROYECTO DE LEY: BOLETO EDUCATIVO GRATUITO PARA TODA LA PROVINCIA"},"content":{"rendered":"\n<p>Este martes ingresara a comisi\u00f3n en C\u00e1mara de Diputados, el proyecto de ley; \u201cBoleto educativo Gratuito\u201d con alcance a todo el territorio provincial, presentado por legisladores del bloque Juntos por el Cambio.<br>Con autor\u00eda de la diputada provincial Aldana Galina Saavedra UCR, el mismo tiene la iniciativa de garantizar el transporte p\u00fablico a todo el personal docente, no docente y estudiantes de gesti\u00f3n p\u00fablica y privada de todos los niveles educativos con alcance a todo el territorio provincial.<br>Este ambicioso proyecto, que ya se implement\u00f3 en otras provincias, con impacto favorable en la econom\u00eda familiar; tiene como objetivo cubrir los costos del transporte para los integrantes de las comunidades educativa de toda la provincia.<br>Es por ello, que desde el bloque Juntos por el Cambio, estamos dando respuesta a las preocupaciones del sector educativo provincial expresados en campa\u00f1a, e impulsando para que, desde la legislatura provincial, se generen mas herramientas que amortig\u00fcen los efectos de la inflaci\u00f3n y ayuden a la econom\u00eda familiar de los santiague\u00f1os.<\/p>\n\n\n\n<p><strong>FUNDAMENTOS<\/strong><br>La creaci\u00f3n del Boleto Educativo Gratuito destinado a estudiantes, docentes y no docentes de todos los niveles guarda \u00edntima relaci\u00f3n con el derecho a acceder a una educaci\u00f3n p\u00fablica, gratuita, laica y de calidad. La gratuidad de la educaci\u00f3n no puede basarse en el simple concepto de no arancelamiento, sino que incluye la garant\u00eda de acceso irrestricto e igualitario, derecho que se encuentra restringido para nuestros ni\u00f1os, ni\u00f1as, y j\u00f3venes santiague\u00f1os. Es conocido que la causa principal de la desigualdad educativa es la desigualdad socioecon\u00f3mica donde los hijos e hijas de las y los trabajadores, tienen menor posibilidad de acceso y permanencia.<br>Adem\u00e1s, esta instalado en el inconsciente colectivo, que aquellos alumnos que asisten a instituciones privadas, cuentan con un poder adquisitivo basto y suficiente, pero este concepto es falaz y no refleja la realidad de muchos estudiantes y sus familias.<br>Otro sector beneficiado por el R\u00e9gimen del Boleto Educativo, es el personal docente y no docente. Publica y, sobre todo, notoria, es la situaci\u00f3n laboral\/salarial de nuestros docentes, y por supuesto de todo el personal que desempe\u00f1a sus funciones en establecimientos educativos. Sabemos tambi\u00e9n, que por esa raz\u00f3n, surge en ellos la necesidad de trabajar en diferentes instituciones, a los fines de acumular horas y lograr percibir un salario mas o menos digno.<br>No podemos perder de vista, que aquellos docentes que desempe\u00f1an sus funciones en establecimientos rurales, en la mayor\u00eda de los casos, no cuentan con un medio de transporte seguro para poder arribar a su lugar de trabajo. Es por eso por lo que cotidianamente vemos situaciones de inseguridad a la que se exponen con injusta normalidad, arriesgando su integridad f\u00edsica e incluso psicol\u00f3gica. Los docentes deben llegar a transmitir sus conocimientos y formar a nuestros ni\u00f1os y j\u00f3venes, con total tranquilidad, seguridad y estabilidad. Es un Derecho fundamental y b\u00e1sico que asiste a todos los trabajadores. En este punto, instamos al ejecutivo a arbitrar los medios para que esta realidad sea inminentemente modificada.<br>La educaci\u00f3n es la base del desarrollo de la sociedad, no podemos permitir que la infancia y la juventud santiague\u00f1a, sigan quedando al costado del camino, afuera del sistema. Promover y asegurar una educaci\u00f3n digna y de calidad es nuestro deber, por esto y por todo lo expuesto, argumentado y fundamentado, solicito a mis pares su acompa\u00f1amiento para al aprobaci\u00f3n del presente proyecto.<\/p>\n","protected":false},"excerpt":{"rendered":"<p>Legisladores de Juntos por el Cambio presentaron en C\u00e1mara de Diputados importante proyecto de ley.<\/p>\n","protected":false},"author":2,"featured_media":35496,"comment_status":"open","ping_status":"open","sticky":false,"template":"","format":"standard","meta":{"om_disable_all_campaigns":false,"_monsterinsights_skip_tracking":false,"_monsterinsights_sitenote_active":false,"_monsterinsights_sitenote_note":"","_monsterinsights_sitenote_category":0,"_uf_show_specific_survey":0,"_uf_disable_surveys":false,"jetpack_post_was_ever_published":false,"_jetpack_newsletter_access":"","_jetpack_dont_email_post_to_subs":false,"_jetpack_newsletter_tier_id":0,"_jetpack_memberships_contains_paywalled_content":false,"_jetpack_memberships_contains_paid_content":false,"footnotes":"","jetpack_publicize_message":"","jetpack_publicize_feature_enabled":true,"jetpack_social_post_already_shared":false,"jetpack_social_options":{"image_generator_settings":{"template":"highway","default_image_id":0,"font":"","enabled":false},"version":2}},"categories":[18],"tags":[],"class_list":["post-35495","post","type-post","status-publish","format-standard","has-post-thumbnail","hentry","category-politica"],"aioseo_notices":[],"views":12,"jetpack_publicize_connections":[],"jetpack_featured_media_url":"https:\/\/i0.wp.com\/elterritorialweb.com.ar\/web\/wp-content\/uploads\/2022\/02\/IMG-20220222-WA0013.jpg?fit=768%2C1024&ssl=1","jetpack_sharing_enabled":true,"_links":{"self":[{"href":"https:\/\/elterritorialweb.com.ar\/web\/wp-json\/wp\/v2\/posts\/35495","targetHints":{"allow":["GET"]}}],"collection":[{"href":"https:\/\/elterritorialweb.com.ar\/web\/wp-json\/wp\/v2\/posts"}],"about":[{"href":"https:\/\/elterritorialweb.com.ar\/web\/wp-json\/wp\/v2\/types\/post"}],"author":[{"embeddable":true,"href":"https:\/\/elterritorialweb.com.ar\/web\/wp-json\/wp\/v2\/users\/2"}],"replies":[{"embeddable":true,"href":"https:\/\/elterritorialweb.com.ar\/web\/wp-json\/wp\/v2\/comments?post=35495"}],"version-history":[{"count":1,"href":"https:\/\/elterritorialweb.com.ar\/web\/wp-json\/wp\/v2\/posts\/35495\/revisions"}],"predecessor-version":[{"id":35497,"href":"https:\/\/elterritorialweb.com.ar\/web\/wp-json\/wp\/v2\/posts\/35495\/revisions\/35497"}],"wp:featuredmedia":[{"embeddable":true,"href":"https:\/\/elterritorialweb.com.ar\/web\/wp-json\/wp\/v2\/media\/35496"}],"wp:attachment":[{"href":"https:\/\/elterritorialweb.com.ar\/web\/wp-json\/wp\/v2\/media?parent=35495"}],"wp:term":[{"taxonomy":"category","embeddable":true,"href":"https:\/\/elterritorialweb.com.ar\/web\/wp-json\/wp\/v2\/categories?post=35495"},{"taxonomy":"post_tag","embeddable":true,"href":"https:\/\/elterritorialweb.com.ar\/web\/wp-json\/wp\/v2\/tags?post=35495"}],"curies":[{"name":"wp","href":"https:\/\/api.w.org\/{rel}","templated":true}]}}