{"id":35533,"date":"2022-02-23T04:37:42","date_gmt":"2022-02-23T04:37:42","guid":{"rendered":"http:\/\/elterritorialweb.com.ar\/web\/?p=35533"},"modified":"2022-02-23T04:37:43","modified_gmt":"2022-02-23T04:37:43","slug":"en-el-salon-de-acuerdos-de-la-municipalidad-se-presento-un-libro-sobre-educacion-vial-orientado-a-la-ninez","status":"publish","type":"post","link":"https:\/\/elterritorialweb.com.ar\/web\/en-el-salon-de-acuerdos-de-la-municipalidad-se-presento-un-libro-sobre-educacion-vial-orientado-a-la-ninez\/","title":{"rendered":"EN EL SAL\u00d3N DE ACUERDOS DE LA MUNICIPALIDAD SE PRESENT\u00d3 UN LIBRO SOBRE EDUCACI\u00d3N VIAL ORIENTADO A LA NI\u00d1EZ"},"content":{"rendered":"\n<p>La reuni\u00f3n de trabajo se este espacio se desarroll\u00f3 en el Sal\u00f3n de Acuerdos de la Municipalidad de la Capital, con la participaci\u00f3n de la intendente, Ing. Norma Fuentes; el defensor adjunto de los Derechos de los Ni\u00f1os, Ni\u00f1as y Adolescentes, Dr. Leandro Drube; el rector de la Universidad Nacional, Ing. H\u00e9ctor Paz; el director general de Seguridad Vial de la Polic\u00eda de la Provincia, Crio. Gral. Juan Arga\u00f1araz; el decano de la Facultad de Ciencias Exactas de la Unse, Ing. Pedro Basualdo y el asesor de ministerio de Justicia, Dr. Luis Santucho.<br>En este sentido, la jefa comunal destac\u00f3 la importancia de tratar a los ni\u00f1os como actores principales en la educaci\u00f3n vial, \u00aben consonancia con la tarea que vienen realizando las direcciones de la Ni\u00f1ez, de Educaci\u00f3n y de Tr\u00e1nsito, procurando formar ni\u00f1os que sean ciudadanos responsables\u00bb.<br>\u00abEsta mesa de gesti\u00f3n, que cada vez se va ampliando con la presencia de m\u00e1s entidades, ha puesto a la educaci\u00f3n vial como una pol\u00edtica p\u00fablica, concentrando en este documento el trabajo articulado que venimos desarrollando y que va a continuar con nuevas acciones\u00bb, agreg\u00f3.<br>La intendente Fuentes remarc\u00f3 que los libros ser\u00e1n distribuidos en todos los jardines de infantes municipales, \u00abpropiciando incorporar a cada vez m\u00e1s actores sociales que puedan sumar sus perspectivas y puntos de vista\u00bb.<br>Por su parte, Drube se\u00f1al\u00f3 que \u00abla publicaci\u00f3n est\u00e1 especialmente dise\u00f1ada para ni\u00f1os, quienes podr\u00e1n aprender sobre las normas de tr\u00e1nsito con actividades l\u00fadicas e im\u00e1genes propias de nuestra ciudad, lo que facilitar\u00e1 su comprensi\u00f3n y contextualizaci\u00f3n\u00bb.<br>A su turno, H\u00e9ctor Paz reconoci\u00f3 la predisposici\u00f3n de los gobiernos provincial y municipal para elaborar proyectos en conjunto con diferentes organismos de la comunidad, \u00abentendiendo que la educaci\u00f3n es el camino m\u00e1s eficaz para combatir los siniestros viales\u00bb.<br>\u201cDesde la Unse \u2013dijo- contamos con el \u00e1mbito de estudio e investigaci\u00f3n en lo que se refiere a la educaci\u00f3n vial, contamos con la carrera de ingenier\u00eda vial y tambi\u00e9n desde ese lugar queremos contribuir aportando a lo que hasta hoy se ha desarrollado\u201d.<\/p>\n","protected":false},"excerpt":{"rendered":"<p>La Mesa de Gesti\u00f3n de Buenas Pr\u00e1cticas con Perspectiva de Ni\u00f1ez present\u00f3 un libro para aprender y reafirmar conceptos sobre buenas conductas viales, en el marco de las permanentes acciones que se llevan adelante para reforzar y mejorar la educaci\u00f3n vial.<\/p>\n","protected":false},"author":2,"featured_media":35534,"comment_status":"open","ping_status":"open","sticky":false,"template":"","format":"standard","meta":{"om_disable_all_campaigns":false,"_monsterinsights_skip_tracking":false,"_monsterinsights_sitenote_active":false,"_monsterinsights_sitenote_note":"","_monsterinsights_sitenote_category":0,"_uf_show_specific_survey":0,"_uf_disable_surveys":false,"jetpack_post_was_ever_published":false,"_jetpack_newsletter_access":"","_jetpack_dont_email_post_to_subs":false,"_jetpack_newsletter_tier_id":0,"_jetpack_memberships_contains_paywalled_content":false,"_jetpack_memberships_contains_paid_content":false,"footnotes":"","jetpack_publicize_message":"","jetpack_publicize_feature_enabled":true,"jetpack_social_post_already_shared":false,"jetpack_social_options":{"image_generator_settings":{"template":"highway","default_image_id":0,"font":"","enabled":false},"version":2}},"categories":[19],"tags":[],"class_list":["post-35533","post","type-post","status-publish","format-standard","has-post-thumbnail","hentry","category-educacion"],"aioseo_notices":[],"views":12,"jetpack_publicize_connections":[],"jetpack_featured_media_url":"https:\/\/i0.wp.com\/elterritorialweb.com.ar\/web\/wp-content\/uploads\/2022\/02\/fuentes-libro-educacion-vial.jpeg?fit=1600%2C884&ssl=1","jetpack_sharing_enabled":true,"_links":{"self":[{"href":"https:\/\/elterritorialweb.com.ar\/web\/wp-json\/wp\/v2\/posts\/35533","targetHints":{"allow":["GET"]}}],"collection":[{"href":"https:\/\/elterritorialweb.com.ar\/web\/wp-json\/wp\/v2\/posts"}],"about":[{"href":"https:\/\/elterritorialweb.com.ar\/web\/wp-json\/wp\/v2\/types\/post"}],"author":[{"embeddable":true,"href":"https:\/\/elterritorialweb.com.ar\/web\/wp-json\/wp\/v2\/users\/2"}],"replies":[{"embeddable":true,"href":"https:\/\/elterritorialweb.com.ar\/web\/wp-json\/wp\/v2\/comments?post=35533"}],"version-history":[{"count":1,"href":"https:\/\/elterritorialweb.com.ar\/web\/wp-json\/wp\/v2\/posts\/35533\/revisions"}],"predecessor-version":[{"id":35535,"href":"https:\/\/elterritorialweb.com.ar\/web\/wp-json\/wp\/v2\/posts\/35533\/revisions\/35535"}],"wp:featuredmedia":[{"embeddable":true,"href":"https:\/\/elterritorialweb.com.ar\/web\/wp-json\/wp\/v2\/media\/35534"}],"wp:attachment":[{"href":"https:\/\/elterritorialweb.com.ar\/web\/wp-json\/wp\/v2\/media?parent=35533"}],"wp:term":[{"taxonomy":"category","embeddable":true,"href":"https:\/\/elterritorialweb.com.ar\/web\/wp-json\/wp\/v2\/categories?post=35533"},{"taxonomy":"post_tag","embeddable":true,"href":"https:\/\/elterritorialweb.com.ar\/web\/wp-json\/wp\/v2\/tags?post=35533"}],"curies":[{"name":"wp","href":"https:\/\/api.w.org\/{rel}","templated":true}]}}