{"id":35537,"date":"2022-02-23T04:53:48","date_gmt":"2022-02-23T04:53:48","guid":{"rendered":"http:\/\/elterritorialweb.com.ar\/web\/?p=35537"},"modified":"2022-02-23T05:00:14","modified_gmt":"2022-02-23T05:00:14","slug":"central-cordoba-cayo-derrotado-ante-colon-que-le-saco-el-invicto","status":"publish","type":"post","link":"https:\/\/elterritorialweb.com.ar\/web\/central-cordoba-cayo-derrotado-ante-colon-que-le-saco-el-invicto\/","title":{"rendered":"CENTRAL C\u00d3RDOBA CAY\u00d3 DERROTADO ANTE COL\u00d3N QUE LE SACO EL INVICTO"},"content":{"rendered":"\n<p><strong>El Ferro mereci\u00f3 mucho m\u00e1s, pero se qued\u00f3 sin nada<\/strong>, al perder un invicto como local de cinco encuentros, su \u00faltima derrota hab\u00eda sido ante V\u00e9lez el 19 de octubre del a\u00f1o pasado.\u00a0<\/p>\n\n\n\n<figure class=\"wp-block-image size-full\"><a href=\"https:\/\/i0.wp.com\/elterritorialweb.com.ar\/web\/wp-content\/uploads\/2022\/02\/IMG-20220222-WA0034.jpg\"><img data-recalc-dims=\"1\" decoding=\"async\" width=\"640\" height=\"640\" data-src=\"https:\/\/i0.wp.com\/elterritorialweb.com.ar\/web\/wp-content\/uploads\/2022\/02\/IMG-20220222-WA0034.jpg?resize=640%2C640\" alt=\"\" class=\"wp-image-35539 lazyload\" data-srcset=\"https:\/\/i0.wp.com\/elterritorialweb.com.ar\/web\/wp-content\/uploads\/2022\/02\/IMG-20220222-WA0034.jpg?w=897&amp;ssl=1 897w, https:\/\/i0.wp.com\/elterritorialweb.com.ar\/web\/wp-content\/uploads\/2022\/02\/IMG-20220222-WA0034.jpg?resize=300%2C300&amp;ssl=1 300w, https:\/\/i0.wp.com\/elterritorialweb.com.ar\/web\/wp-content\/uploads\/2022\/02\/IMG-20220222-WA0034.jpg?resize=150%2C150&amp;ssl=1 150w, https:\/\/i0.wp.com\/elterritorialweb.com.ar\/web\/wp-content\/uploads\/2022\/02\/IMG-20220222-WA0034.jpg?resize=768%2C768&amp;ssl=1 768w\" data-sizes=\"(max-width: 640px) 100vw, 640px\" src=\"data:image\/svg+xml;base64,PHN2ZyB3aWR0aD0iMSIgaGVpZ2h0PSIxIiB4bWxucz0iaHR0cDovL3d3dy53My5vcmcvMjAwMC9zdmciPjwvc3ZnPg==\" style=\"--smush-placeholder-width: 640px; --smush-placeholder-aspect-ratio: 640\/640;\" \/><\/a><\/figure>\n\n\n\n<p>Todo cambi\u00f3 a los 25 minutos del segundo tiempo cuando Wanchope \u00c1bila mand\u00f3 al coraz\u00f3n del \u00e1rea una pelota que hab\u00eda salido totalmente por la l\u00ednea del fondo tras perder un mano a mano con Toselli. El bal\u00f3n le qued\u00f3 de frente al&nbsp;<strong>Pulga Rodr\u00edguez que remat\u00f3 fuerte convirtiendo el 1 a 0&nbsp;<\/strong>ante la sorpresa de todo el estadio y las protestas, con raz\u00f3n, de&nbsp;<strong>Sergio Rondina<\/strong>.<\/p>\n\n\n\n<figure class=\"wp-block-embed is-type-video is-provider-youtube wp-block-embed-youtube wp-embed-aspect-16-9 wp-has-aspect-ratio\"><div class=\"wp-block-embed__wrapper\">\n<iframe title=\"\u00a1TRIUNFAZO SABALERO ante el FERROVIARIO! \u26ab\ud83d\udd34 | Central C\u00f3rdoba 0-2 Col\u00f3n | Resumen\" width=\"640\" height=\"360\" data-src=\"https:\/\/www.youtube.com\/embed\/4huILbV3SN4?feature=oembed\" frameborder=\"0\" allow=\"accelerometer; autoplay; clipboard-write; encrypted-media; gyroscope; picture-in-picture; web-share\" referrerpolicy=\"strict-origin-when-cross-origin\" allowfullscreen src=\"data:image\/svg+xml;base64,PHN2ZyB3aWR0aD0iMSIgaGVpZ2h0PSIxIiB4bWxucz0iaHR0cDovL3d3dy53My5vcmcvMjAwMC9zdmciPjwvc3ZnPg==\" class=\"lazyload\" data-load-mode=\"1\"><\/iframe>\n<\/div><\/figure>\n\n\n\n<p>Este desconcierto en el Ferro fue aprovechado por Col\u00f3n que en la siguiente jugada marc\u00f3 el 2 a 0 a trav\u00e9s de Facundo <\/p>\n\n\n\n<p>Durante el primer tiempo, el conjunto Ferrovario tuvo una muy clara con un remate franco del uruguayo\u00a0<strong>Renzo L\u00f3pez (31m.)<\/strong>, que sali\u00f3 apenas desviado, junto al poste izquierdo de su compatriota\u00a0<strong>Leonardo Buri\u00e1n<\/strong>.<\/p>\n\n\n\n<figure class=\"wp-block-image size-full\"><a href=\"https:\/\/i0.wp.com\/elterritorialweb.com.ar\/web\/wp-content\/uploads\/2022\/02\/FB_IMG_1645592252917.jpg\"><img data-recalc-dims=\"1\" decoding=\"async\" width=\"640\" height=\"640\" data-src=\"https:\/\/i0.wp.com\/elterritorialweb.com.ar\/web\/wp-content\/uploads\/2022\/02\/FB_IMG_1645592252917.jpg?resize=640%2C640\" alt=\"\" class=\"wp-image-35545 lazyload\" data-srcset=\"https:\/\/i0.wp.com\/elterritorialweb.com.ar\/web\/wp-content\/uploads\/2022\/02\/FB_IMG_1645592252917.jpg?w=720&amp;ssl=1 720w, https:\/\/i0.wp.com\/elterritorialweb.com.ar\/web\/wp-content\/uploads\/2022\/02\/FB_IMG_1645592252917.jpg?resize=300%2C300&amp;ssl=1 300w, https:\/\/i0.wp.com\/elterritorialweb.com.ar\/web\/wp-content\/uploads\/2022\/02\/FB_IMG_1645592252917.jpg?resize=150%2C150&amp;ssl=1 150w\" data-sizes=\"(max-width: 640px) 100vw, 640px\" src=\"data:image\/svg+xml;base64,PHN2ZyB3aWR0aD0iMSIgaGVpZ2h0PSIxIiB4bWxucz0iaHR0cDovL3d3dy53My5vcmcvMjAwMC9zdmciPjwvc3ZnPg==\" style=\"--smush-placeholder-width: 640px; --smush-placeholder-aspect-ratio: 640\/640;\" \/><\/a><\/figure>\n\n\n\n<p>En el complemento Central C\u00f3rdoba se adelant\u00f3 unos metros para intentar conseguir el desnivel. As\u00ed, a los 15\u00a0<strong>Alejandro Mart\u00ednez\u00a0<\/strong>elev\u00f3 el disparo final, desde una posici\u00f3n propicia.<\/p>\n\n\n\n<figure class=\"wp-block-image size-large\"><a href=\"https:\/\/i0.wp.com\/elterritorialweb.com.ar\/web\/wp-content\/uploads\/2022\/02\/IMG-20220222-WA0041.jpg\"><img data-recalc-dims=\"1\" decoding=\"async\" width=\"640\" height=\"421\" data-src=\"https:\/\/i0.wp.com\/elterritorialweb.com.ar\/web\/wp-content\/uploads\/2022\/02\/IMG-20220222-WA0041.jpg?resize=640%2C421\" alt=\"\" class=\"wp-image-35540 lazyload\" data-srcset=\"https:\/\/i0.wp.com\/elterritorialweb.com.ar\/web\/wp-content\/uploads\/2022\/02\/IMG-20220222-WA0041.jpg?resize=1024%2C674&amp;ssl=1 1024w, https:\/\/i0.wp.com\/elterritorialweb.com.ar\/web\/wp-content\/uploads\/2022\/02\/IMG-20220222-WA0041.jpg?resize=300%2C197&amp;ssl=1 300w, https:\/\/i0.wp.com\/elterritorialweb.com.ar\/web\/wp-content\/uploads\/2022\/02\/IMG-20220222-WA0041.jpg?resize=768%2C505&amp;ssl=1 768w, https:\/\/i0.wp.com\/elterritorialweb.com.ar\/web\/wp-content\/uploads\/2022\/02\/IMG-20220222-WA0041.jpg?w=1280&amp;ssl=1 1280w\" data-sizes=\"(max-width: 640px) 100vw, 640px\" src=\"data:image\/svg+xml;base64,PHN2ZyB3aWR0aD0iMSIgaGVpZ2h0PSIxIiB4bWxucz0iaHR0cDovL3d3dy53My5vcmcvMjAwMC9zdmciPjwvc3ZnPg==\" style=\"--smush-placeholder-width: 640px; --smush-placeholder-aspect-ratio: 640\/421;\" \/><\/a><\/figure>\n\n\n\n<p>Y a los 25 con Abila ya en cancha,\u00a0<strong>sobrevino la pol\u00e9mica de la jornada en el Madre de Ciudades de Santiago del Estero<\/strong>. El ex Hurac\u00e1n escap\u00f3 a la marca de Pereyra, pero no pudo controlar antes de que el bal\u00f3n traspusiese la l\u00ednea de fondo. El posterior centro le permiti\u00f3 al \u2018Pulga\u2019 abrir la cuenta.\u00a0<strong>Los jueces omitieron la acci\u00f3n y convalidaron la conquista<\/strong>.<\/p>\n\n\n\n<figure class=\"wp-block-image size-full\"><a href=\"https:\/\/i0.wp.com\/elterritorialweb.com.ar\/web\/wp-content\/uploads\/2022\/02\/FB_IMG_1645592249453.jpg\"><img data-recalc-dims=\"1\" decoding=\"async\" width=\"640\" height=\"640\" data-src=\"https:\/\/i0.wp.com\/elterritorialweb.com.ar\/web\/wp-content\/uploads\/2022\/02\/FB_IMG_1645592249453.jpg?resize=640%2C640\" alt=\"\" class=\"wp-image-35544 lazyload\" data-srcset=\"https:\/\/i0.wp.com\/elterritorialweb.com.ar\/web\/wp-content\/uploads\/2022\/02\/FB_IMG_1645592249453.jpg?w=720&amp;ssl=1 720w, https:\/\/i0.wp.com\/elterritorialweb.com.ar\/web\/wp-content\/uploads\/2022\/02\/FB_IMG_1645592249453.jpg?resize=300%2C300&amp;ssl=1 300w, https:\/\/i0.wp.com\/elterritorialweb.com.ar\/web\/wp-content\/uploads\/2022\/02\/FB_IMG_1645592249453.jpg?resize=150%2C150&amp;ssl=1 150w\" data-sizes=\"(max-width: 640px) 100vw, 640px\" src=\"data:image\/svg+xml;base64,PHN2ZyB3aWR0aD0iMSIgaGVpZ2h0PSIxIiB4bWxucz0iaHR0cDovL3d3dy53My5vcmcvMjAwMC9zdmciPjwvc3ZnPg==\" style=\"--smush-placeholder-width: 640px; --smush-placeholder-aspect-ratio: 640\/640;\" \/><\/a><\/figure>\n\n\n\n<p><br>El posterior gol de Garc\u00e9s puso una distancia enorme en el tanteador, cuando<strong>\u00a0el equipo del DT Sergio Rondina hab\u00eda hecho m\u00e9ritos como para \u2013por lo menos- acreditar una igualdad<\/strong>.<br><br>En la pr\u00f3xima jornada, Central C\u00f3rdoba visitar\u00e1 a Aldosivi en Mar del Plata este s\u00e1bado, mientras que Col\u00f3n, ese mismo d\u00eda, enfrentar\u00e1 al colista Barracas Central, en el estadio Presb\u00edtero Grella de la ciudad de Paran\u00e1. Ambos encuentros comenzar\u00e1n a las 19.15.<\/p>\n","protected":false},"excerpt":{"rendered":"<p>El sabalero supo aprovechar en los momentos justos y se lleva un importante triunfo del Madre de Ciudades.<\/p>\n","protected":false},"author":2,"featured_media":35538,"comment_status":"open","ping_status":"open","sticky":false,"template":"","format":"standard","meta":{"om_disable_all_campaigns":false,"_monsterinsights_skip_tracking":false,"_monsterinsights_sitenote_active":false,"_monsterinsights_sitenote_note":"","_monsterinsights_sitenote_category":0,"_uf_show_specific_survey":0,"_uf_disable_surveys":false,"jetpack_post_was_ever_published":false,"_jetpack_newsletter_access":"","_jetpack_dont_email_post_to_subs":false,"_jetpack_newsletter_tier_id":0,"_jetpack_memberships_contains_paywalled_content":false,"_jetpack_memberships_contains_paid_content":false,"footnotes":"","jetpack_publicize_message":"","jetpack_publicize_feature_enabled":true,"jetpack_social_post_already_shared":false,"jetpack_social_options":{"image_generator_settings":{"template":"highway","default_image_id":0,"font":"","enabled":false},"version":2}},"categories":[6],"tags":[],"class_list":["post-35537","post","type-post","status-publish","format-standard","has-post-thumbnail","hentry","category-deportes"],"aioseo_notices":[],"views":10,"jetpack_publicize_connections":[],"jetpack_featured_media_url":"https:\/\/i0.wp.com\/elterritorialweb.com.ar\/web\/wp-content\/uploads\/2022\/02\/IMG-20220222-WA0035.jpg?fit=896%2C896&ssl=1","jetpack_sharing_enabled":true,"_links":{"self":[{"href":"https:\/\/elterritorialweb.com.ar\/web\/wp-json\/wp\/v2\/posts\/35537","targetHints":{"allow":["GET"]}}],"collection":[{"href":"https:\/\/elterritorialweb.com.ar\/web\/wp-json\/wp\/v2\/posts"}],"about":[{"href":"https:\/\/elterritorialweb.com.ar\/web\/wp-json\/wp\/v2\/types\/post"}],"author":[{"embeddable":true,"href":"https:\/\/elterritorialweb.com.ar\/web\/wp-json\/wp\/v2\/users\/2"}],"replies":[{"embeddable":true,"href":"https:\/\/elterritorialweb.com.ar\/web\/wp-json\/wp\/v2\/comments?post=35537"}],"version-history":[{"count":4,"href":"https:\/\/elterritorialweb.com.ar\/web\/wp-json\/wp\/v2\/posts\/35537\/revisions"}],"predecessor-version":[{"id":35547,"href":"https:\/\/elterritorialweb.com.ar\/web\/wp-json\/wp\/v2\/posts\/35537\/revisions\/35547"}],"wp:featuredmedia":[{"embeddable":true,"href":"https:\/\/elterritorialweb.com.ar\/web\/wp-json\/wp\/v2\/media\/35538"}],"wp:attachment":[{"href":"https:\/\/elterritorialweb.com.ar\/web\/wp-json\/wp\/v2\/media?parent=35537"}],"wp:term":[{"taxonomy":"category","embeddable":true,"href":"https:\/\/elterritorialweb.com.ar\/web\/wp-json\/wp\/v2\/categories?post=35537"},{"taxonomy":"post_tag","embeddable":true,"href":"https:\/\/elterritorialweb.com.ar\/web\/wp-json\/wp\/v2\/tags?post=35537"}],"curies":[{"name":"wp","href":"https:\/\/api.w.org\/{rel}","templated":true}]}}