{"id":35548,"date":"2022-02-23T06:24:13","date_gmt":"2022-02-23T06:24:13","guid":{"rendered":"http:\/\/elterritorialweb.com.ar\/web\/?p=35548"},"modified":"2022-02-23T06:25:07","modified_gmt":"2022-02-23T06:25:07","slug":"zamora-participo-de-una-reunion-con-los-gobernadores-de-la-region-norte-grande","status":"publish","type":"post","link":"https:\/\/elterritorialweb.com.ar\/web\/zamora-participo-de-una-reunion-con-los-gobernadores-de-la-region-norte-grande\/","title":{"rendered":"ZAMORA PARTICIP\u00d3 DE UNA REUNI\u00d3N CON LOS GOBERNADORES DE LA REGI\u00d3N NORTE GRANDE"},"content":{"rendered":"\n<p>El gobernador Zamora particip\u00f3 de una reuni\u00f3n v\u00eda Zoom con sus pares gobernadores del norte grande.<br><br><em>\u201cLos gobernadores del Norte Grande hemos mantenido una reuni\u00f3n v\u00eda zoom con el objeto de expresar nuestra solidaridad con la provincia de Corrientes, en virtud de la cat\u00e1strofe ambiental producto de incendios forestales y de pastizales\u00bb <\/em>comenzo diciendo el jefe provincial.<\/p>\n\n\n\n<figure class=\"wp-block-image size-full\"><a href=\"https:\/\/i0.wp.com\/elterritorialweb.com.ar\/web\/wp-content\/uploads\/2022\/02\/FB_IMG_1645595313630.jpg\"><img data-recalc-dims=\"1\" decoding=\"async\" width=\"640\" height=\"315\" data-src=\"https:\/\/i0.wp.com\/elterritorialweb.com.ar\/web\/wp-content\/uploads\/2022\/02\/FB_IMG_1645595313630.jpg?resize=640%2C315\" alt=\"\" class=\"wp-image-35550 lazyload\" data-srcset=\"https:\/\/i0.wp.com\/elterritorialweb.com.ar\/web\/wp-content\/uploads\/2022\/02\/FB_IMG_1645595313630.jpg?w=720&amp;ssl=1 720w, https:\/\/i0.wp.com\/elterritorialweb.com.ar\/web\/wp-content\/uploads\/2022\/02\/FB_IMG_1645595313630.jpg?resize=300%2C148&amp;ssl=1 300w\" data-sizes=\"(max-width: 640px) 100vw, 640px\" src=\"data:image\/svg+xml;base64,PHN2ZyB3aWR0aD0iMSIgaGVpZ2h0PSIxIiB4bWxucz0iaHR0cDovL3d3dy53My5vcmcvMjAwMC9zdmciPjwvc3ZnPg==\" style=\"--smush-placeholder-width: 640px; --smush-placeholder-aspect-ratio: 640\/315;\" \/><\/a><\/figure>\n\n\n\n<p><em>\u00abEsta reuni\u00f3n de trabajo puso el foco en fortalecer acciones concretas con la provincia esa hermana, pero al mismo tiempo haremos todas las gestiones para desarrollar un plan estrat\u00e9gico destinado al sistema de manejo de fuego con equipamiento adecuado con medidas concretas en materia de emergencia agropecuaria y forestal que deben incluir obras de infraestructura, asistencia crediticia y subsidios directos para resolver los problemas concretos\u00bb<\/em> asegur\u00f3 Zamora.<\/p>\n\n\n\n<figure class=\"wp-block-image size-full\"><a href=\"https:\/\/i0.wp.com\/elterritorialweb.com.ar\/web\/wp-content\/uploads\/2022\/02\/FB_IMG_1645595307597.jpg\"><img data-recalc-dims=\"1\" decoding=\"async\" width=\"640\" height=\"327\" data-src=\"https:\/\/i0.wp.com\/elterritorialweb.com.ar\/web\/wp-content\/uploads\/2022\/02\/FB_IMG_1645595307597.jpg?resize=640%2C327\" alt=\"\" class=\"wp-image-35551 lazyload\" data-srcset=\"https:\/\/i0.wp.com\/elterritorialweb.com.ar\/web\/wp-content\/uploads\/2022\/02\/FB_IMG_1645595307597.jpg?w=720&amp;ssl=1 720w, https:\/\/i0.wp.com\/elterritorialweb.com.ar\/web\/wp-content\/uploads\/2022\/02\/FB_IMG_1645595307597.jpg?resize=300%2C153&amp;ssl=1 300w\" data-sizes=\"(max-width: 640px) 100vw, 640px\" src=\"data:image\/svg+xml;base64,PHN2ZyB3aWR0aD0iMSIgaGVpZ2h0PSIxIiB4bWxucz0iaHR0cDovL3d3dy53My5vcmcvMjAwMC9zdmciPjwvc3ZnPg==\" style=\"--smush-placeholder-width: 640px; --smush-placeholder-aspect-ratio: 640\/327;\" \/><\/a><\/figure>\n\n\n\n<p>Cabe destacar que la situaci\u00f3n que est\u00e1 viviendo Corrientes se torna desesperante por la cat\u00e1strofe que est\u00e1 sufriendo est\u00e1 provincia.<\/p>\n\n\n\n<p>Asimismo:<em> \u00abexpresamos como regi\u00f3n, que no podemos soslayar, que nos encontramos en una situaci\u00f3n cada vez m\u00e1s grave, por la merma de agua en todas nuestras cuencas y la pocas precipitaciones, algo que no s\u00f3lo est\u00e1 generando perjuicios en el sistema productivo, agr\u00edcola y ganadero en nuestras provincias, sino que tambi\u00e9n est\u00e1 afectado el el acceso del agua para consumo humano en muchas poblaciones\u00bb<\/em>, expreso el gobernador <\/p>\n\n\n\n<p><em>\u00abEsta situaci\u00f3n es producto de un fen\u00f3meno clim\u00e1tico que parece extenderse en el tiempo, en forma m\u00e1s que preocupante\u00bb, <\/em>sostuvo Zamora.<br><\/p>\n\n\n\n<figure class=\"wp-block-image size-full\"><a href=\"https:\/\/i0.wp.com\/elterritorialweb.com.ar\/web\/wp-content\/uploads\/2022\/02\/FB_IMG_1645597353431.jpg\"><img data-recalc-dims=\"1\" decoding=\"async\" width=\"640\" height=\"195\" data-src=\"https:\/\/i0.wp.com\/elterritorialweb.com.ar\/web\/wp-content\/uploads\/2022\/02\/FB_IMG_1645597353431.jpg?resize=640%2C195\" alt=\"\" class=\"wp-image-35552 lazyload\" data-srcset=\"https:\/\/i0.wp.com\/elterritorialweb.com.ar\/web\/wp-content\/uploads\/2022\/02\/FB_IMG_1645597353431.jpg?w=720&amp;ssl=1 720w, https:\/\/i0.wp.com\/elterritorialweb.com.ar\/web\/wp-content\/uploads\/2022\/02\/FB_IMG_1645597353431.jpg?resize=300%2C91&amp;ssl=1 300w\" data-sizes=\"(max-width: 640px) 100vw, 640px\" src=\"data:image\/svg+xml;base64,PHN2ZyB3aWR0aD0iMSIgaGVpZ2h0PSIxIiB4bWxucz0iaHR0cDovL3d3dy53My5vcmcvMjAwMC9zdmciPjwvc3ZnPg==\" style=\"--smush-placeholder-width: 640px; --smush-placeholder-aspect-ratio: 640\/195;\" \/><\/a><\/figure>\n\n\n\n<p>En ese sentido, el mandatario provincial afirm\u00f3 que: <em>\u00abse acord\u00f3 la elaboraci\u00f3n de un estado de situaci\u00f3n y una consecuente planificaci\u00f3n, para afrontar en forma urgente este problema, algo que presentaremos en forma conjunta las provincias del Norte Grande, en los pr\u00f3ximos d\u00edas a distintos ministerios de la naci\u00f3n\u201d .<\/em><\/p>\n","protected":false},"excerpt":{"rendered":"<p>De manera virtual, el mandatario provincial se reuni\u00f3 hoy con los gobernadores que pretenden a la regi\u00f3n norte.<\/p>\n","protected":false},"author":2,"featured_media":35549,"comment_status":"open","ping_status":"open","sticky":false,"template":"","format":"standard","meta":{"om_disable_all_campaigns":false,"_monsterinsights_skip_tracking":false,"_monsterinsights_sitenote_active":false,"_monsterinsights_sitenote_note":"","_monsterinsights_sitenote_category":0,"_uf_show_specific_survey":0,"_uf_disable_surveys":false,"jetpack_post_was_ever_published":false,"_jetpack_newsletter_access":"","_jetpack_dont_email_post_to_subs":false,"_jetpack_newsletter_tier_id":0,"_jetpack_memberships_contains_paywalled_content":false,"_jetpack_memberships_contains_paid_content":false,"footnotes":"","jetpack_publicize_message":"","jetpack_publicize_feature_enabled":true,"jetpack_social_post_already_shared":false,"jetpack_social_options":{"image_generator_settings":{"template":"highway","default_image_id":0,"font":"","enabled":false},"version":2}},"categories":[18],"tags":[],"class_list":["post-35548","post","type-post","status-publish","format-standard","has-post-thumbnail","hentry","category-politica"],"aioseo_notices":[],"views":6,"jetpack_publicize_connections":[],"jetpack_featured_media_url":"https:\/\/i0.wp.com\/elterritorialweb.com.ar\/web\/wp-content\/uploads\/2022\/02\/FB_IMG_1645595291754.jpg?fit=720%2C557&ssl=1","jetpack_sharing_enabled":true,"_links":{"self":[{"href":"https:\/\/elterritorialweb.com.ar\/web\/wp-json\/wp\/v2\/posts\/35548","targetHints":{"allow":["GET"]}}],"collection":[{"href":"https:\/\/elterritorialweb.com.ar\/web\/wp-json\/wp\/v2\/posts"}],"about":[{"href":"https:\/\/elterritorialweb.com.ar\/web\/wp-json\/wp\/v2\/types\/post"}],"author":[{"embeddable":true,"href":"https:\/\/elterritorialweb.com.ar\/web\/wp-json\/wp\/v2\/users\/2"}],"replies":[{"embeddable":true,"href":"https:\/\/elterritorialweb.com.ar\/web\/wp-json\/wp\/v2\/comments?post=35548"}],"version-history":[{"count":1,"href":"https:\/\/elterritorialweb.com.ar\/web\/wp-json\/wp\/v2\/posts\/35548\/revisions"}],"predecessor-version":[{"id":35553,"href":"https:\/\/elterritorialweb.com.ar\/web\/wp-json\/wp\/v2\/posts\/35548\/revisions\/35553"}],"wp:featuredmedia":[{"embeddable":true,"href":"https:\/\/elterritorialweb.com.ar\/web\/wp-json\/wp\/v2\/media\/35549"}],"wp:attachment":[{"href":"https:\/\/elterritorialweb.com.ar\/web\/wp-json\/wp\/v2\/media?parent=35548"}],"wp:term":[{"taxonomy":"category","embeddable":true,"href":"https:\/\/elterritorialweb.com.ar\/web\/wp-json\/wp\/v2\/categories?post=35548"},{"taxonomy":"post_tag","embeddable":true,"href":"https:\/\/elterritorialweb.com.ar\/web\/wp-json\/wp\/v2\/tags?post=35548"}],"curies":[{"name":"wp","href":"https:\/\/api.w.org\/{rel}","templated":true}]}}