{"id":35555,"date":"2022-02-23T16:38:59","date_gmt":"2022-02-23T16:38:59","guid":{"rendered":"http:\/\/elterritorialweb.com.ar\/web\/?p=35555"},"modified":"2022-02-23T16:39:00","modified_gmt":"2022-02-23T16:39:00","slug":"mirolo-lanzo-el-boleto-estudiantil-gratuito-por-sexto-ano-consecutivo-en-la-banda","status":"publish","type":"post","link":"https:\/\/elterritorialweb.com.ar\/web\/mirolo-lanzo-el-boleto-estudiantil-gratuito-por-sexto-ano-consecutivo-en-la-banda\/","title":{"rendered":"MIROLO LANZ\u00d3 EL BOLETO ESTUDIANTIL GRATUITO POR SEXTO A\u00d1O CONSECUTIVO EN LA BANDA"},"content":{"rendered":"\n<p>El jefe comunal realiz\u00f3 el anuncio acompa\u00f1ado por padres y la comunidad educativa de la ciudad; el viceintendente, Roger Nediani; el coordinador de Tr\u00e1nsito, Mat\u00edas Lezcano; el secretario de Desarrollo Humano, Ramiro Barrera y la subsecretaria, Valeria Chazarreta; el secretario de Obras P\u00fablicas y Planeamiento Urbano, Cristian Alzamora; subsecretario de Seguridad y Ordenamiento Urbano, Joaqu\u00edn Romano Norris; subsecretario de Gobierno, Diego Ju\u00e1rez; la directora de la Juventud, Florencia Ledesma; la diputada Provincial, Mariana Morales; la diputada Provincial, Ver\u00f3nica Larcher; el concejal, Gabriel Santill\u00e1n, y dem\u00e1s autoridades.<br>En la oportunidad, se indic\u00f3 que el tr\u00e1mite de solicitud del beneficio deber\u00e1 ser tramitado exclusivamente por un solo padre o tutor por familia, quien podr\u00e1 inscribir a la cantidad de alumnos que desee. El mismo, podr\u00e1 ser iniciado a partir del jueves 24, solicitando el turno online en la p\u00e1gina oficial del municipio, donde se otorgar\u00e1n 100 cupos diarios.<br>Los requisitos podr\u00e1n ser visualizados en la misma p\u00e1gina, o podr\u00e1n retirarlos de manera presencial desde la oficina, sita en la Terminal de \u00d3mnibus, en el horario de 8 a 13 y de 14 a 20.<br>En este sentido, Mirolo dijo: \u00abPrevio al inicio de clases, donde sabemos que es una semana muy importante donde todas las familias se preparan para que los ni\u00f1os vuelvan a las escuelas, nosotros lanzamos este programa que dio tanta satisfacci\u00f3n en la ciudad, que comenz\u00f3 en nuestra gesti\u00f3n y que es el sexto a\u00f1o consecutivo que el municipio apuesta a la educaci\u00f3n, para que todos nuestros chicos y chicas tengan acceso al sistema educativo, para viajar gratis en el transporte urbano\u00bb.<br>Adem\u00e1s, agreg\u00f3: \u00abGracias a esto, m\u00e1s de seis mil estudiantes ser\u00e1n benefiados con este programa en la ciudad, felicitando el gran trabajo realizado por la Direcci\u00f3n de Tr\u00e1nsito del municipio, como tambi\u00e9n agradecer a las empresas, con quienes venimos trabajando en conjunto, lo que nos permiti\u00f3 llevar adelante este programa tan beneficioso para los j\u00f3venes de La Banda\u00bb.<\/p>\n","protected":false},"excerpt":{"rendered":"<p>En la ma\u00f1ana del mi\u00e9rcoles, el intendente de la ciudad de La Banda, Pablo Mirolo anunci\u00f3 por sexto a\u00f1o consecutivo, el Boleto Estudiantil Gratuito que beneficiar\u00e1 a casi 6 mil estudiantes bande\u00f1os de todos los niveles educativos.<\/p>\n","protected":false},"author":2,"featured_media":35556,"comment_status":"open","ping_status":"open","sticky":false,"template":"","format":"standard","meta":{"om_disable_all_campaigns":false,"_monsterinsights_skip_tracking":false,"_monsterinsights_sitenote_active":false,"_monsterinsights_sitenote_note":"","_monsterinsights_sitenote_category":0,"_uf_show_specific_survey":0,"_uf_disable_surveys":false,"jetpack_post_was_ever_published":false,"_jetpack_newsletter_access":"","_jetpack_dont_email_post_to_subs":false,"_jetpack_newsletter_tier_id":0,"_jetpack_memberships_contains_paywalled_content":false,"_jetpack_memberships_contains_paid_content":false,"footnotes":"","jetpack_publicize_message":"","jetpack_publicize_feature_enabled":true,"jetpack_social_post_already_shared":false,"jetpack_social_options":{"image_generator_settings":{"template":"highway","default_image_id":0,"font":"","enabled":false},"version":2}},"categories":[21],"tags":[],"class_list":["post-35555","post","type-post","status-publish","format-standard","has-post-thumbnail","hentry","category-locales"],"aioseo_notices":[],"views":8,"jetpack_publicize_connections":[],"jetpack_featured_media_url":"https:\/\/i0.wp.com\/elterritorialweb.com.ar\/web\/wp-content\/uploads\/2022\/02\/IMG-20220223-WA0013.jpg?fit=1069%2C713&ssl=1","jetpack_sharing_enabled":true,"_links":{"self":[{"href":"https:\/\/elterritorialweb.com.ar\/web\/wp-json\/wp\/v2\/posts\/35555","targetHints":{"allow":["GET"]}}],"collection":[{"href":"https:\/\/elterritorialweb.com.ar\/web\/wp-json\/wp\/v2\/posts"}],"about":[{"href":"https:\/\/elterritorialweb.com.ar\/web\/wp-json\/wp\/v2\/types\/post"}],"author":[{"embeddable":true,"href":"https:\/\/elterritorialweb.com.ar\/web\/wp-json\/wp\/v2\/users\/2"}],"replies":[{"embeddable":true,"href":"https:\/\/elterritorialweb.com.ar\/web\/wp-json\/wp\/v2\/comments?post=35555"}],"version-history":[{"count":1,"href":"https:\/\/elterritorialweb.com.ar\/web\/wp-json\/wp\/v2\/posts\/35555\/revisions"}],"predecessor-version":[{"id":35557,"href":"https:\/\/elterritorialweb.com.ar\/web\/wp-json\/wp\/v2\/posts\/35555\/revisions\/35557"}],"wp:featuredmedia":[{"embeddable":true,"href":"https:\/\/elterritorialweb.com.ar\/web\/wp-json\/wp\/v2\/media\/35556"}],"wp:attachment":[{"href":"https:\/\/elterritorialweb.com.ar\/web\/wp-json\/wp\/v2\/media?parent=35555"}],"wp:term":[{"taxonomy":"category","embeddable":true,"href":"https:\/\/elterritorialweb.com.ar\/web\/wp-json\/wp\/v2\/categories?post=35555"},{"taxonomy":"post_tag","embeddable":true,"href":"https:\/\/elterritorialweb.com.ar\/web\/wp-json\/wp\/v2\/tags?post=35555"}],"curies":[{"name":"wp","href":"https:\/\/api.w.org\/{rel}","templated":true}]}}