{"id":35559,"date":"2022-02-23T21:21:54","date_gmt":"2022-02-23T21:21:54","guid":{"rendered":"http:\/\/elterritorialweb.com.ar\/web\/?p=35559"},"modified":"2022-02-23T21:21:55","modified_gmt":"2022-02-23T21:21:55","slug":"fernandez-para-desarrollarnos-tenemos-que-distribuir-trabajo-el-inversion","status":"publish","type":"post","link":"https:\/\/elterritorialweb.com.ar\/web\/fernandez-para-desarrollarnos-tenemos-que-distribuir-trabajo-el-inversion\/","title":{"rendered":"FERN\u00c1NDEZ: \u00bb PARA DESARROLLARNOS TENEMOS QUE DISTRIBUIR TRABAJO EL INVERSI\u00d3N\u00bb"},"content":{"rendered":"\n<p>Fue al encabezar en el Edificio \u201cCero + Infinito\u201d de la UBA en Ciudad Universitaria el acto de presentaci\u00f3n del plan de inversiones por alrededor de 15 mil millones de pesos que se impulsar\u00e1 desde la Agencia Nacional de Promoci\u00f3n de la Investigaci\u00f3n, el Desarrollo Tecnol\u00f3gico y la Innovaci\u00f3n (Agencia I+D+i) durante este a\u00f1o.<\/p>\n\n\n\n<p>\u201cEl futuro est\u00e1 en la educaci\u00f3n, el conocimiento, en el desarrollo de la ciencia y la tecnolog\u00eda. Las sociedades ricas se miden hoy por lo que saben y conocen, y por lo tanto no hay mejor dinero invertido\u201d que en esas \u00e1reas, asegur\u00f3 el mandatario.<\/p>\n\n\n\n<p>\u201cNosotros, como peronistas que somos, somos desarrollistas. A nosotros no nos interesa el crecimiento, nos interesa el desarrollo, son dos cosas distintas\u201d, remarc\u00f3 acompa\u00f1ado por el ministro de Ciencia, Tecnolog\u00eda e Innovaci\u00f3n, Daniel Filmus; el titular de la Agencia I+D+i, Fernando Peirano; la vocal de dicha instituci\u00f3n y vicerrectora de la Universidad de Nacional de Quilmes, Alejandra Zinni, y la presidenta del Conicet, Ana Franchi.<\/p>\n\n\n\n<p>El presidente explic\u00f3 que \u201clo que necesitamos es hacer que detr\u00e1s de esos n\u00fameros que muestran crecimiento, venga un desarrollo real de nuestras sociedades, y eso tiene que ver con que no solo invirtamos en la Capital, sino en toda la Argentina\u201d.<\/p>\n\n\n\n<p>Al presentar el plan de inversi\u00f3n que busca impulsar la innovaci\u00f3n en la producci\u00f3n nacional, el presidente destac\u00f3 el rol del Estado en el cuidado de los que m\u00e1s lo necesitan.<\/p>\n\n\n\n<p>\u201cLos que necesitan no son solo los que est\u00e1n atrapados en la pobreza, son tambi\u00e9n las peque\u00f1as y medianas empresas que pueden producir y dar trabajo, que es lo que a nosotros m\u00e1s nos preocupa\u201d, enfatiz\u00f3.<\/p>\n\n\n\n<p>El jefe de Estado afirm\u00f3 que los argentinos y argentinas tenemos \u201cel deber moral de dejar de ser el granero del mundo para tener ciencia, tecnolog\u00eda e industria\u201d.<\/p>\n\n\n\n<p>Adem\u00e1s, el Presidente asegur\u00f3 que la comunidad cient\u00edfica argentina est\u00e1 compuesta por \u201cseres excepcionales\u201d cuya val\u00eda qued\u00f3 demostrada en los tiempos de la pandemia de Covid-19.<\/p>\n\n\n\n<p>Al exponer, el ministro Filmus dijo que \u201ceste gobierno viene planteando la centralidad del modelo de desarrollo: si queremos uno que sea inclusivo para todos y todas, hay que generar trabajo y desarrollo productivo, y eso tiene que ver con cambiar la matriz con el aporte de la ciencia y la tecnolog\u00eda\u201d.<\/p>\n\n\n\n<p>El titular de la Agencia I+D+i, Fernando Peirano, detall\u00f3 que este Plan busca \u201cconstruir un futuro inclusivo y soberano\u201d que en el a\u00f1o 2022 se va a \u201creforzar el impulso de nuestra econom\u00eda y la capacidad de nuestros cient\u00edficos y cient\u00edficas movilizando 15 mil millones de pesos para impulsar nuestro sistema de innovaci\u00f3n que se van a distribuir en 32 nuevos llamados y convocatorias que se suman a las 42 convocatorias desde diciembre de 2019\u201d.<\/p>\n\n\n\n<figure class=\"wp-block-image size-large\"><a href=\"https:\/\/i0.wp.com\/elterritorialweb.com.ar\/web\/wp-content\/uploads\/2022\/02\/cienciaa2.jpg\"><img data-recalc-dims=\"1\" decoding=\"async\" width=\"640\" height=\"426\" data-src=\"https:\/\/i0.wp.com\/elterritorialweb.com.ar\/web\/wp-content\/uploads\/2022\/02\/cienciaa2.jpg?resize=640%2C426\" alt=\"\" class=\"wp-image-35561 lazyload\" data-srcset=\"https:\/\/i0.wp.com\/elterritorialweb.com.ar\/web\/wp-content\/uploads\/2022\/02\/cienciaa2.jpg?resize=1024%2C682&amp;ssl=1 1024w, https:\/\/i0.wp.com\/elterritorialweb.com.ar\/web\/wp-content\/uploads\/2022\/02\/cienciaa2.jpg?resize=300%2C200&amp;ssl=1 300w, https:\/\/i0.wp.com\/elterritorialweb.com.ar\/web\/wp-content\/uploads\/2022\/02\/cienciaa2.jpg?resize=768%2C512&amp;ssl=1 768w, https:\/\/i0.wp.com\/elterritorialweb.com.ar\/web\/wp-content\/uploads\/2022\/02\/cienciaa2.jpg?resize=1536%2C1024&amp;ssl=1 1536w, https:\/\/i0.wp.com\/elterritorialweb.com.ar\/web\/wp-content\/uploads\/2022\/02\/cienciaa2.jpg?w=1940&amp;ssl=1 1940w, https:\/\/i0.wp.com\/elterritorialweb.com.ar\/web\/wp-content\/uploads\/2022\/02\/cienciaa2.jpg?w=1280 1280w\" data-sizes=\"(max-width: 640px) 100vw, 640px\" src=\"data:image\/svg+xml;base64,PHN2ZyB3aWR0aD0iMSIgaGVpZ2h0PSIxIiB4bWxucz0iaHR0cDovL3d3dy53My5vcmcvMjAwMC9zdmciPjwvc3ZnPg==\" style=\"--smush-placeholder-width: 640px; --smush-placeholder-aspect-ratio: 640\/426;\" \/><\/a><\/figure>\n\n\n\n<p>Alejandra Zinni, por su parte, realiz\u00f3 una comparaci\u00f3n entre diferentes matrices de pol\u00edticas en el \u00e1rea cient\u00edfica. Record\u00f3 cuando \u201cun ministro mandaba a lavar los platos\u201d a los investigadores y lo contrast\u00f3 con \u201clas pol\u00edticas p\u00fablicas que fortalecieron el sistema cient\u00edfico tecnol\u00f3gico\u201d y \u201cnos pusieron en lo m\u00e1s alto de la ciencia a nivel mundial\u201d.<\/p>\n\n\n\n<p>Tambi\u00e9n formaron parte del evento el gobernador de Formosa, Gildo Insfr\u00e1n; la ministra de las Mujeres, G\u00e9neros y Diversidad, Elizabeth G\u00f3mez Alcorta; el ministro de Econom\u00eda, Mart\u00edn Guzm\u00e1n; el rector de la UBA, Alberto Barbieri, y el decano de la Facultad de Ciencias Exactas y Naturales de esa casa de altos estudios, Juan Carlos Reboreda, entre otros miembros de la comunidad cient\u00edfica y acad\u00e9mica nacional.<\/p>\n\n\n\n<p>En representaci\u00f3n del sector productivo participaron del acto el titular de la Asociaci\u00f3n de Industriales Metal\u00fargicos de la Rep\u00fablica Argentina (Adimra), Orlando Castellani, y el titular de la firma ADOX, Javier Viqueira, que dise\u00f1a, desarrolla y fabrica insumos, equipamiento y software innovador.<\/p>\n\n\n\n<p>El titular de Adimra, Orlando Castellani, mostr\u00f3 la importancia de trabajar articuladamente con la cartera de Ciencia y la Agencia y dijo que la rama de la producci\u00f3n a la que representa cuenta con \u201cuna reactivaci\u00f3n hist\u00f3rica en muchos sectores\u201d y que est\u00e1 \u201cincorporando mucha gente, muchas empresas\u201d.<\/p>\n\n\n\n<p>El titular de la firma ADOX y miembro de Adimra, Javier Viqueira, inform\u00f3 que esa asociaci\u00f3n cuenta con \u201c19 centros tecnol\u00f3gicos, que antes eran centros de servicios, y gracias al apoyo del Ministerio de Ciencia se est\u00e1n convirtiendo en herramientas de inversi\u00f3n directa\u201d.<\/p>\n\n\n\n<p>\u201cCuando se inici\u00f3 esta gesti\u00f3n y la pandemia empez\u00f3, el Gobierno puso todos sus instrumentos para defender el trabajo, y ya los resultados de esta pol\u00edtica empiezan a impactar: de los 190 mil empleos que hab\u00edan quedado en este sector, ya estamos en 210 mil, hemos crecido un 7 por ciento\u201d, detall\u00f3 Viqueira.<\/p>\n\n\n\n<p>El plan que present\u00f3 este mediod\u00eda el Jefe de Estado comenz\u00f3 a ejecutarse con la adjudicaci\u00f3n de 6.000 millones de pesos a proyectos que se llevar\u00e1n a cabo en instituciones cient\u00edficas y Universidades de todo el pa\u00eds.<\/p>\n\n\n\n<p>Tambi\u00e9n impulsar\u00e1 acciones destinadas a pymes e iniciativas tecnol\u00f3gicas que puedan brindar soluciones a los problemas estructurales de nuestro desarrollo social y econ\u00f3mico.<\/p>\n\n\n\n<p>Previo a comenzar el acto, el presidente Alberto Fern\u00e1ndez recorri\u00f3 las instalaciones de \u201cCero + Infinito\u201d, un edificio de \u00faltima generaci\u00f3n destinado a fortalecer la ciencia y la investigaci\u00f3n argentina.<\/p>\n\n\n\n<p>La construcci\u00f3n posee 17.200 metros cuadrados y cuenta con un dise\u00f1o sustentable y capacidad para alojar a m\u00e1s de 3.000 investigadores y estudiantes.<\/p>\n","protected":false},"excerpt":{"rendered":"<p>El presidente Alberto Fern\u00e1ndez dijo este mediod\u00eda que \u201cpara desarrollarnos no tenemos que distribuir asistencia social, tenemos que distribuir trabajo e inversi\u00f3n. Y en los tiempos que vivimos la inversi\u00f3n est\u00e1 ligada indefectiblemente a la ciencia y la tecnolog\u00eda\u201d.<\/p>\n","protected":false},"author":2,"featured_media":35560,"comment_status":"open","ping_status":"open","sticky":false,"template":"","format":"standard","meta":{"om_disable_all_campaigns":false,"_monsterinsights_skip_tracking":false,"_monsterinsights_sitenote_active":false,"_monsterinsights_sitenote_note":"","_monsterinsights_sitenote_category":0,"_uf_show_specific_survey":0,"_uf_disable_surveys":false,"jetpack_post_was_ever_published":false,"_jetpack_newsletter_access":"","_jetpack_dont_email_post_to_subs":false,"_jetpack_newsletter_tier_id":0,"_jetpack_memberships_contains_paywalled_content":false,"_jetpack_memberships_contains_paid_content":false,"footnotes":"","jetpack_publicize_message":"","jetpack_publicize_feature_enabled":true,"jetpack_social_post_already_shared":false,"jetpack_social_options":{"image_generator_settings":{"template":"highway","default_image_id":0,"font":"","enabled":false},"version":2}},"categories":[18],"tags":[],"class_list":["post-35559","post","type-post","status-publish","format-standard","has-post-thumbnail","hentry","category-politica"],"aioseo_notices":[],"views":5,"jetpack_publicize_connections":[],"jetpack_featured_media_url":"https:\/\/i0.wp.com\/elterritorialweb.com.ar\/web\/wp-content\/uploads\/2022\/02\/cienciaa1.jpg?fit=1940%2C1293&ssl=1","jetpack_sharing_enabled":true,"_links":{"self":[{"href":"https:\/\/elterritorialweb.com.ar\/web\/wp-json\/wp\/v2\/posts\/35559","targetHints":{"allow":["GET"]}}],"collection":[{"href":"https:\/\/elterritorialweb.com.ar\/web\/wp-json\/wp\/v2\/posts"}],"about":[{"href":"https:\/\/elterritorialweb.com.ar\/web\/wp-json\/wp\/v2\/types\/post"}],"author":[{"embeddable":true,"href":"https:\/\/elterritorialweb.com.ar\/web\/wp-json\/wp\/v2\/users\/2"}],"replies":[{"embeddable":true,"href":"https:\/\/elterritorialweb.com.ar\/web\/wp-json\/wp\/v2\/comments?post=35559"}],"version-history":[{"count":1,"href":"https:\/\/elterritorialweb.com.ar\/web\/wp-json\/wp\/v2\/posts\/35559\/revisions"}],"predecessor-version":[{"id":35562,"href":"https:\/\/elterritorialweb.com.ar\/web\/wp-json\/wp\/v2\/posts\/35559\/revisions\/35562"}],"wp:featuredmedia":[{"embeddable":true,"href":"https:\/\/elterritorialweb.com.ar\/web\/wp-json\/wp\/v2\/media\/35560"}],"wp:attachment":[{"href":"https:\/\/elterritorialweb.com.ar\/web\/wp-json\/wp\/v2\/media?parent=35559"}],"wp:term":[{"taxonomy":"category","embeddable":true,"href":"https:\/\/elterritorialweb.com.ar\/web\/wp-json\/wp\/v2\/categories?post=35559"},{"taxonomy":"post_tag","embeddable":true,"href":"https:\/\/elterritorialweb.com.ar\/web\/wp-json\/wp\/v2\/tags?post=35559"}],"curies":[{"name":"wp","href":"https:\/\/api.w.org\/{rel}","templated":true}]}}