{"id":35563,"date":"2022-02-23T21:32:55","date_gmt":"2022-02-23T21:32:55","guid":{"rendered":"http:\/\/elterritorialweb.com.ar\/web\/?p=35563"},"modified":"2022-02-23T21:32:56","modified_gmt":"2022-02-23T21:32:56","slug":"la-actividad-economica-subio-un-103-en-2021","status":"publish","type":"post","link":"https:\/\/elterritorialweb.com.ar\/web\/la-actividad-economica-subio-un-103-en-2021\/","title":{"rendered":"LA ACTIVIDAD ECON\u00d3MICA SUBI\u00d3 UN 10,3% EN 2021"},"content":{"rendered":"\n<p>El Estimador Mensual de Actividad Econ\u00f3mica (<strong>EMAE<\/strong>) volvi\u00f3 a crecer&nbsp;<strong>0,9% mensual<\/strong>&nbsp;sin estacionalidad en diciembre y registr\u00f3 un crecimiento interanual de 9,8%, mientras que&nbsp;<strong>el promedio anual de la actividad econ\u00f3mica en 2021 fue de 10,3%, la m\u00e1xima suba desde el inicio de la serie en 2004 y superando al m\u00e1ximo anterior de 10,1% en 2010<\/strong>.<\/p>\n\n\n\n<p>En ese sentido, el incremento mensual de actividad de diciembre fue el segundo consecutivo (frente al 1,3% de noviembre) y&nbsp;<strong>super\u00f3 por sexto mes consecutivo el nivel pre-covid de febrero de 2020 (4,9%)<\/strong>, mientras que el incremento de actividad interanual fue la d\u00e9cima suba consecutiva, seg\u00fan el informe del EMAE publicado por el Indec.<\/p>\n\n\n\n<p>Con estos datos, el cuarto trimestre de 2021 cierra con subas de 1,7% trimestral sin estacionalidad y 8,7% interanual, completando 2021 con un crecimiento de 10,3% promedio anual, la m\u00e1xima suba desde el inicio de la serie en 2004 y superando al m\u00e1ximo anterior de 10,1% en 2010.<\/p>\n\n\n\n<p>\u00abEn diciembre, con relaci\u00f3n a igual mes de 2020, 13 de los 15 sectores que conforman el EMAE registraron subas, destac\u00e1ndose el alza de&nbsp;<strong>Hoteles y restaurantes<\/strong>&nbsp;(+43,5% ia) y&nbsp;<strong>Transporte y comunicaciones<\/strong>&nbsp;(+16,9% ia)\u00bb, se\u00f1al\u00f3 el informe.<\/p>\n\n\n\n<p>S\u00f3lo\u00a0<strong>Intermediaci\u00f3n financiera<\/strong>\u00a0se mantuvo pr\u00e1cticamente sin cambios respecto de diciembre de 2020, mientras que\u00a0<strong>Pesca\u00a0<\/strong>registr\u00f3 una contracci\u00f3n de 4,7%, lo cual rest\u00f3 0,01 puntos porcentuales a la variaci\u00f3n interanual del indicador.<\/p>\n\n\n\n<figure class=\"wp-block-image size-full is-resized\"><a href=\"https:\/\/i0.wp.com\/elterritorialweb.com.ar\/web\/wp-content\/uploads\/2022\/02\/images-6.jpeg\"><img data-recalc-dims=\"1\" decoding=\"async\" data-src=\"https:\/\/i0.wp.com\/elterritorialweb.com.ar\/web\/wp-content\/uploads\/2022\/02\/images-6.jpeg?resize=400%2C224\" alt=\"\" class=\"wp-image-35565 lazyload\" width=\"400\" height=\"224\" src=\"data:image\/svg+xml;base64,PHN2ZyB3aWR0aD0iMSIgaGVpZ2h0PSIxIiB4bWxucz0iaHR0cDovL3d3dy53My5vcmcvMjAwMC9zdmciPjwvc3ZnPg==\" style=\"--smush-placeholder-width: 400px; --smush-placeholder-aspect-ratio: 400\/224;\" \/><\/a><\/figure>\n\n\n\n<p>El sector de Transporte y comunicaciones fue, de acuerdo con el Indec, uno de los de mayor incidencia en el crecimiento del a\u00f1o pasado, junto con la Industria manufacturera, ya que entre los dos aportaron 2,9 puntos porcentuales al incremento del \u00edndice total del EMAE.<\/p>\n\n\n\n<p>Puntualmente,&nbsp;<strong>Industria&nbsp;<\/strong>creci\u00f3 +9,9% interanual y aport\u00f3 1,7 p.p, a lo que se sum\u00f3 el Agro (+9,9% interanual; aporte 0,6 p.p.),&nbsp;<strong>Transporte y Telecomunicaciones<\/strong>&nbsp;(+ 16,9% interanual; aporte 1,17 p.p.), el&nbsp;<strong>Comercio&nbsp;<\/strong>(+5,6% interanual; aporte 0,7 p.p.) y la&nbsp;<strong>Construcci\u00f3n&nbsp;<\/strong>(+4,4% interanual; aporte 0,1 p.p.).<\/p>\n\n\n\n<p>Sumaron al crecimiento&nbsp;<strong>Minas y canteras<\/strong>&nbsp;(+16,8% interanual; aporte 0,5 p.p.),&nbsp;<strong>Administraci\u00f3n p\u00fablica<\/strong>&nbsp;(+11,8% interanual; aporte 0,6 p.p.) y&nbsp;<strong>Otras actividades de servicios<\/strong>&nbsp;(+10,9% interanual; aporte 0,2 p.p.)<\/p>\n\n\n\n<p>Comparado contra diciembre de 2019,&nbsp;<strong>crecen 11 de 15 sectores<\/strong>.<\/p>\n\n\n\n<p>Las mayores subas se dieron en Construcci\u00f3n (+17,3%), Industria (+15,3%) y Comercio (+13,8%), con ca\u00eddas en Pesca, Hoteles y restaurantes, Transporte y comunicaciones y Otras actividades de servicios. Comparado contra diciembre de 2018, tambi\u00e9n crecen 11 sectores, con mayores subas en los mismos sectores (Industria +16,5%, Comercio +14,0%, Construcci\u00f3n +13,1%).<\/p>\n","protected":false},"excerpt":{"rendered":"<p>Diciembre super\u00f3 por sexto mes consecutivo el nivel pre-covid de febrero de 2020, alcanz\u00f3 una mejora de 0,9% respecto del mes anterior y un 9,8% frente a mismo mes de 2020, inform\u00f3 el Indec.<\/p>\n","protected":false},"author":2,"featured_media":35564,"comment_status":"open","ping_status":"open","sticky":false,"template":"","format":"standard","meta":{"om_disable_all_campaigns":false,"_monsterinsights_skip_tracking":false,"_monsterinsights_sitenote_active":false,"_monsterinsights_sitenote_note":"","_monsterinsights_sitenote_category":0,"_uf_show_specific_survey":0,"_uf_disable_surveys":false,"jetpack_post_was_ever_published":false,"_jetpack_newsletter_access":"","_jetpack_dont_email_post_to_subs":false,"_jetpack_newsletter_tier_id":0,"_jetpack_memberships_contains_paywalled_content":false,"_jetpack_memberships_contains_paid_content":false,"footnotes":"","jetpack_publicize_message":"","jetpack_publicize_feature_enabled":true,"jetpack_social_post_already_shared":false,"jetpack_social_options":{"image_generator_settings":{"template":"highway","default_image_id":0,"font":"","enabled":false},"version":2}},"categories":[2],"tags":[],"class_list":["post-35563","post","type-post","status-publish","format-standard","has-post-thumbnail","hentry","category-economia"],"aioseo_notices":[],"views":9,"jetpack_publicize_connections":[],"jetpack_featured_media_url":"https:\/\/i0.wp.com\/elterritorialweb.com.ar\/web\/wp-content\/uploads\/2022\/02\/images-5.jpeg?fit=275%2C183&ssl=1","jetpack_sharing_enabled":true,"_links":{"self":[{"href":"https:\/\/elterritorialweb.com.ar\/web\/wp-json\/wp\/v2\/posts\/35563","targetHints":{"allow":["GET"]}}],"collection":[{"href":"https:\/\/elterritorialweb.com.ar\/web\/wp-json\/wp\/v2\/posts"}],"about":[{"href":"https:\/\/elterritorialweb.com.ar\/web\/wp-json\/wp\/v2\/types\/post"}],"author":[{"embeddable":true,"href":"https:\/\/elterritorialweb.com.ar\/web\/wp-json\/wp\/v2\/users\/2"}],"replies":[{"embeddable":true,"href":"https:\/\/elterritorialweb.com.ar\/web\/wp-json\/wp\/v2\/comments?post=35563"}],"version-history":[{"count":1,"href":"https:\/\/elterritorialweb.com.ar\/web\/wp-json\/wp\/v2\/posts\/35563\/revisions"}],"predecessor-version":[{"id":35566,"href":"https:\/\/elterritorialweb.com.ar\/web\/wp-json\/wp\/v2\/posts\/35563\/revisions\/35566"}],"wp:featuredmedia":[{"embeddable":true,"href":"https:\/\/elterritorialweb.com.ar\/web\/wp-json\/wp\/v2\/media\/35564"}],"wp:attachment":[{"href":"https:\/\/elterritorialweb.com.ar\/web\/wp-json\/wp\/v2\/media?parent=35563"}],"wp:term":[{"taxonomy":"category","embeddable":true,"href":"https:\/\/elterritorialweb.com.ar\/web\/wp-json\/wp\/v2\/categories?post=35563"},{"taxonomy":"post_tag","embeddable":true,"href":"https:\/\/elterritorialweb.com.ar\/web\/wp-json\/wp\/v2\/tags?post=35563"}],"curies":[{"name":"wp","href":"https:\/\/api.w.org\/{rel}","templated":true}]}}