{"id":35567,"date":"2022-02-24T01:30:55","date_gmt":"2022-02-24T01:30:55","guid":{"rendered":"http:\/\/elterritorialweb.com.ar\/web\/?p=35567"},"modified":"2022-02-24T01:30:56","modified_gmt":"2022-02-24T01:30:56","slug":"el-municipio-denuncio-la-destruccion-de-camaras-de-monitoreo-de-alerta-banda","status":"publish","type":"post","link":"https:\/\/elterritorialweb.com.ar\/web\/el-municipio-denuncio-la-destruccion-de-camaras-de-monitoreo-de-alerta-banda\/","title":{"rendered":"EL MUNICIPIO DENUNCI\u00d3 LA DESTRUCCI\u00d3N DE C\u00c1MARAS DE MONITOREO DE ALERTA BANDA"},"content":{"rendered":"\n<p>Estos hechos vienen ocurriendo hace un tiempo y en algunos casos los responsables fueron captados por las propias c\u00e1maras que luego terminaron destruidas con alg\u00fan objeto contundente.<br>Teniendo en cuenta esta situaci\u00f3n, las autoridades municipales solicitaron a los vecinos denunciar estos hechos en el Centro de Monitoreo situado en avenida Besares y Avellaneda.<br>Las c\u00e1maras de seguridad de Alerta Banda demostraron ser muy eficientes a la hora de prevenir delitos y sus im\u00e1genes sirven como material probatorio cuando un delito es consumado y se abre una investigaci\u00f3n.<br>Lo mismo ocurre con c\u00e1maras particulares de vecinos colocadas en sus propiedades, son destruidas para cometer delitos sin que los malvivientes sean detectados o identificados.<\/p>\n","protected":false},"excerpt":{"rendered":"<p>La Municipalidad de La Banda a trav\u00e9s de Autoridades del Programa Municipal de Seguridad \u201cAlerta Banda\u201d repudi\u00f3 y denunci\u00f3 la destrucci\u00f3n de varias c\u00e1maras de seguridad en diferentes sectores de la ciudad que son herramientas fundamentales para prevenir delitos y patrimonio de toda la comunidad.<\/p>\n","protected":false},"author":2,"featured_media":35568,"comment_status":"open","ping_status":"open","sticky":false,"template":"","format":"standard","meta":{"om_disable_all_campaigns":false,"_monsterinsights_skip_tracking":false,"_monsterinsights_sitenote_active":false,"_monsterinsights_sitenote_note":"","_monsterinsights_sitenote_category":0,"_uf_show_specific_survey":0,"_uf_disable_surveys":false,"jetpack_post_was_ever_published":false,"_jetpack_newsletter_access":"","_jetpack_dont_email_post_to_subs":false,"_jetpack_newsletter_tier_id":0,"_jetpack_memberships_contains_paywalled_content":false,"_jetpack_memberships_contains_paid_content":false,"footnotes":"","jetpack_publicize_message":"","jetpack_publicize_feature_enabled":true,"jetpack_social_post_already_shared":false,"jetpack_social_options":{"image_generator_settings":{"template":"highway","default_image_id":0,"font":"","enabled":false},"version":2}},"categories":[21],"tags":[],"class_list":["post-35567","post","type-post","status-publish","format-standard","has-post-thumbnail","hentry","category-locales"],"aioseo_notices":[],"views":9,"jetpack_publicize_connections":[],"jetpack_featured_media_url":"https:\/\/i0.wp.com\/elterritorialweb.com.ar\/web\/wp-content\/uploads\/2022\/02\/IMG-20220223-WA0023.jpg?fit=710%2C381&ssl=1","jetpack_sharing_enabled":true,"_links":{"self":[{"href":"https:\/\/elterritorialweb.com.ar\/web\/wp-json\/wp\/v2\/posts\/35567","targetHints":{"allow":["GET"]}}],"collection":[{"href":"https:\/\/elterritorialweb.com.ar\/web\/wp-json\/wp\/v2\/posts"}],"about":[{"href":"https:\/\/elterritorialweb.com.ar\/web\/wp-json\/wp\/v2\/types\/post"}],"author":[{"embeddable":true,"href":"https:\/\/elterritorialweb.com.ar\/web\/wp-json\/wp\/v2\/users\/2"}],"replies":[{"embeddable":true,"href":"https:\/\/elterritorialweb.com.ar\/web\/wp-json\/wp\/v2\/comments?post=35567"}],"version-history":[{"count":1,"href":"https:\/\/elterritorialweb.com.ar\/web\/wp-json\/wp\/v2\/posts\/35567\/revisions"}],"predecessor-version":[{"id":35569,"href":"https:\/\/elterritorialweb.com.ar\/web\/wp-json\/wp\/v2\/posts\/35567\/revisions\/35569"}],"wp:featuredmedia":[{"embeddable":true,"href":"https:\/\/elterritorialweb.com.ar\/web\/wp-json\/wp\/v2\/media\/35568"}],"wp:attachment":[{"href":"https:\/\/elterritorialweb.com.ar\/web\/wp-json\/wp\/v2\/media?parent=35567"}],"wp:term":[{"taxonomy":"category","embeddable":true,"href":"https:\/\/elterritorialweb.com.ar\/web\/wp-json\/wp\/v2\/categories?post=35567"},{"taxonomy":"post_tag","embeddable":true,"href":"https:\/\/elterritorialweb.com.ar\/web\/wp-json\/wp\/v2\/tags?post=35567"}],"curies":[{"name":"wp","href":"https:\/\/api.w.org\/{rel}","templated":true}]}}