{"id":35571,"date":"2022-02-24T02:44:03","date_gmt":"2022-02-24T02:44:03","guid":{"rendered":"http:\/\/elterritorialweb.com.ar\/web\/?p=35571"},"modified":"2022-02-24T02:44:04","modified_gmt":"2022-02-24T02:44:04","slug":"fuentes-y-el-secretario-de-deportes-participaron-de-la-ultima-jornada-de-la-colonia-de-vacaciones-inclusiva","status":"publish","type":"post","link":"https:\/\/elterritorialweb.com.ar\/web\/fuentes-y-el-secretario-de-deportes-participaron-de-la-ultima-jornada-de-la-colonia-de-vacaciones-inclusiva\/","title":{"rendered":"FUENTES Y EL SECRETARIO DE DEPORTES PARTICIPARON DE LA \u00daLTIMA JORNADA DE LA COLONIA DE VACACIONES INCLUSIVA"},"content":{"rendered":"\n<p>Las actividades incluyeron la participaci\u00f3n de 180 ni\u00f1os, ni\u00f1as y adolescentes que pudieron compartir pr\u00e1cticas deportivas, como equitaci\u00f3n y nataci\u00f3n, expresiones art\u00edsticas, danzas y visitar distintos lugares de la ciudad, en donde se realizaron los encuentros.<br>Desde el \u00f3valo del Parque Sur, la jefa comunal remarc\u00f3 que por cuarto a\u00f1o se realizan las colonias de vacaciones inclusivas en una tarea conjunta con la Asociaci\u00f3n Sonckoy Manta, que encabeza Yanina Toscano, y el Gobierno de la Provincia a trav\u00e9s de la Secretaria de Deportes.<br>\u00abHay un equipo enorme de profesores que trabajaban en la inclusi\u00f3n, que es el derecho de los ni\u00f1os y propiciamos desde el municipio este trabajo en conjunto para garantizar esos derechos. Conozco a muchos de ellos, esto empez\u00f3 con una propuesta peque\u00f1a que fue creciendo\u201d, expres\u00f3 la intendente.<br>La Ing. Fuentes remarc\u00f3 que el \u201cobjetivo primordial se pudo cumplir porque pudieron disfrutar del arte, la pintura, danza y las visitas\u201d, acompa\u00f1ados por un gabinete de profesionales.<br>Por su parte, Dapello agreg\u00f3 que \u00abnuevamente venimos trabajando con la municipalidad por iniciativa de la intendente Fuentes, haciendo las colonias inclusivas. Deporte de la Provincia acompa\u00f1a con toda la log\u00edstica, en cuanto a entrega de materiales deportivos y forma conjunta llevamos esta actividad que es extraordinaria\u00bb.<br>A su turno, la presidenta de la Asociaci\u00f3n Sonckoy Manta, Yanina Toscano, destac\u00f3 el acompa\u00f1amiento permanente de la Municipalidad y de la Secretar\u00eda de Deportes para desarrollar las actividades en favor de las personas con discapacidad.<\/p>\n","protected":false},"excerpt":{"rendered":"<p>La intendente de la Capital, Ing. Norma Fuentes, junto al secretario de Deportes de la Provincia, Prof. Carlos Dapello, concurrieron a la jornada final de la colonia de vacaciones inclusiva que realiz\u00f3 la Asociaci\u00f3n Sonckoy Manta.<\/p>\n","protected":false},"author":2,"featured_media":35572,"comment_status":"open","ping_status":"open","sticky":false,"template":"","format":"standard","meta":{"om_disable_all_campaigns":false,"_monsterinsights_skip_tracking":false,"_monsterinsights_sitenote_active":false,"_monsterinsights_sitenote_note":"","_monsterinsights_sitenote_category":0,"_uf_show_specific_survey":0,"_uf_disable_surveys":false,"jetpack_post_was_ever_published":false,"_jetpack_newsletter_access":"","_jetpack_dont_email_post_to_subs":false,"_jetpack_newsletter_tier_id":0,"_jetpack_memberships_contains_paywalled_content":false,"_jetpack_memberships_contains_paid_content":false,"footnotes":"","jetpack_publicize_message":"","jetpack_publicize_feature_enabled":true,"jetpack_social_post_already_shared":false,"jetpack_social_options":{"image_generator_settings":{"template":"highway","default_image_id":0,"font":"","enabled":false},"version":2}},"categories":[21],"tags":[],"class_list":["post-35571","post","type-post","status-publish","format-standard","has-post-thumbnail","hentry","category-locales"],"aioseo_notices":[],"views":12,"jetpack_publicize_connections":[],"jetpack_featured_media_url":"https:\/\/i0.wp.com\/elterritorialweb.com.ar\/web\/wp-content\/uploads\/2022\/02\/Intendente-Dapello.jpeg?fit=1599%2C1127&ssl=1","jetpack_sharing_enabled":true,"_links":{"self":[{"href":"https:\/\/elterritorialweb.com.ar\/web\/wp-json\/wp\/v2\/posts\/35571","targetHints":{"allow":["GET"]}}],"collection":[{"href":"https:\/\/elterritorialweb.com.ar\/web\/wp-json\/wp\/v2\/posts"}],"about":[{"href":"https:\/\/elterritorialweb.com.ar\/web\/wp-json\/wp\/v2\/types\/post"}],"author":[{"embeddable":true,"href":"https:\/\/elterritorialweb.com.ar\/web\/wp-json\/wp\/v2\/users\/2"}],"replies":[{"embeddable":true,"href":"https:\/\/elterritorialweb.com.ar\/web\/wp-json\/wp\/v2\/comments?post=35571"}],"version-history":[{"count":1,"href":"https:\/\/elterritorialweb.com.ar\/web\/wp-json\/wp\/v2\/posts\/35571\/revisions"}],"predecessor-version":[{"id":35573,"href":"https:\/\/elterritorialweb.com.ar\/web\/wp-json\/wp\/v2\/posts\/35571\/revisions\/35573"}],"wp:featuredmedia":[{"embeddable":true,"href":"https:\/\/elterritorialweb.com.ar\/web\/wp-json\/wp\/v2\/media\/35572"}],"wp:attachment":[{"href":"https:\/\/elterritorialweb.com.ar\/web\/wp-json\/wp\/v2\/media?parent=35571"}],"wp:term":[{"taxonomy":"category","embeddable":true,"href":"https:\/\/elterritorialweb.com.ar\/web\/wp-json\/wp\/v2\/categories?post=35571"},{"taxonomy":"post_tag","embeddable":true,"href":"https:\/\/elterritorialweb.com.ar\/web\/wp-json\/wp\/v2\/tags?post=35571"}],"curies":[{"name":"wp","href":"https:\/\/api.w.org\/{rel}","templated":true}]}}