{"id":35574,"date":"2022-02-24T04:22:33","date_gmt":"2022-02-24T04:22:33","guid":{"rendered":"http:\/\/elterritorialweb.com.ar\/web\/?p=35574"},"modified":"2022-02-24T04:22:34","modified_gmt":"2022-02-24T04:22:34","slug":"la-intendente-fuentes-firmo-el-secreto-del-boleto-estudiantil-gratuito","status":"publish","type":"post","link":"https:\/\/elterritorialweb.com.ar\/web\/la-intendente-fuentes-firmo-el-secreto-del-boleto-estudiantil-gratuito\/","title":{"rendered":"LA INTENDENTE FUENTES FIRMO EL SECRETO DEL BOLETO ESTUDIANTIL GRATUITO"},"content":{"rendered":"\n<p>Ante la consulta period\u00edstica, la jefa comunal explic\u00f3 que la medida se trata de una \u201cpol\u00edtica p\u00fablica y de estado de garantizar la accesibilidad al boleto totalmente gratuito, como ocurri\u00f3 a\u00f1os anteriores. Est\u00e1n siendo notificadas las empresas de transporte para que con el inicio del ciclo lectivo garanticemos esta medida para todos los estudiantes de la ciudad Capital\u201d.<br>\u201cEsto es continuar una pol\u00edtica que se viene instrumentando con un aporte importante de fondos del municipio que se complementa a otra parte que aportan las empresas\u201d, indic\u00f3 la Ing. Fuentes quien firm\u00f3 el decreto correspondiente.<\/p>\n","protected":false},"excerpt":{"rendered":"<p>La intendente de la Capital, Ing. Norma Fuentes, ratific\u00f3 la continuidad del boleto estudiantil gratuito para los niveles primarios y secundarios en las empresas del transporte urbano de colectivos.<\/p>\n","protected":false},"author":2,"featured_media":35575,"comment_status":"open","ping_status":"open","sticky":false,"template":"","format":"standard","meta":{"om_disable_all_campaigns":false,"_monsterinsights_skip_tracking":false,"_monsterinsights_sitenote_active":false,"_monsterinsights_sitenote_note":"","_monsterinsights_sitenote_category":0,"_uf_show_specific_survey":0,"_uf_disable_surveys":false,"jetpack_post_was_ever_published":false,"_jetpack_newsletter_access":"","_jetpack_dont_email_post_to_subs":false,"_jetpack_newsletter_tier_id":0,"_jetpack_memberships_contains_paywalled_content":false,"_jetpack_memberships_contains_paid_content":false,"footnotes":"","jetpack_publicize_message":"","jetpack_publicize_feature_enabled":true,"jetpack_social_post_already_shared":false,"jetpack_social_options":{"image_generator_settings":{"template":"highway","default_image_id":0,"font":"","enabled":false},"version":2}},"categories":[21],"tags":[],"class_list":["post-35574","post","type-post","status-publish","format-standard","has-post-thumbnail","hentry","category-locales"],"aioseo_notices":[],"views":8,"jetpack_publicize_connections":[],"jetpack_featured_media_url":"https:\/\/i0.wp.com\/elterritorialweb.com.ar\/web\/wp-content\/uploads\/2022\/02\/Intendente-Nassif.jpeg?fit=1600%2C1067&ssl=1","jetpack_sharing_enabled":true,"_links":{"self":[{"href":"https:\/\/elterritorialweb.com.ar\/web\/wp-json\/wp\/v2\/posts\/35574","targetHints":{"allow":["GET"]}}],"collection":[{"href":"https:\/\/elterritorialweb.com.ar\/web\/wp-json\/wp\/v2\/posts"}],"about":[{"href":"https:\/\/elterritorialweb.com.ar\/web\/wp-json\/wp\/v2\/types\/post"}],"author":[{"embeddable":true,"href":"https:\/\/elterritorialweb.com.ar\/web\/wp-json\/wp\/v2\/users\/2"}],"replies":[{"embeddable":true,"href":"https:\/\/elterritorialweb.com.ar\/web\/wp-json\/wp\/v2\/comments?post=35574"}],"version-history":[{"count":1,"href":"https:\/\/elterritorialweb.com.ar\/web\/wp-json\/wp\/v2\/posts\/35574\/revisions"}],"predecessor-version":[{"id":35576,"href":"https:\/\/elterritorialweb.com.ar\/web\/wp-json\/wp\/v2\/posts\/35574\/revisions\/35576"}],"wp:featuredmedia":[{"embeddable":true,"href":"https:\/\/elterritorialweb.com.ar\/web\/wp-json\/wp\/v2\/media\/35575"}],"wp:attachment":[{"href":"https:\/\/elterritorialweb.com.ar\/web\/wp-json\/wp\/v2\/media?parent=35574"}],"wp:term":[{"taxonomy":"category","embeddable":true,"href":"https:\/\/elterritorialweb.com.ar\/web\/wp-json\/wp\/v2\/categories?post=35574"},{"taxonomy":"post_tag","embeddable":true,"href":"https:\/\/elterritorialweb.com.ar\/web\/wp-json\/wp\/v2\/tags?post=35574"}],"curies":[{"name":"wp","href":"https:\/\/api.w.org\/{rel}","templated":true}]}}