{"id":35577,"date":"2022-02-24T05:34:51","date_gmt":"2022-02-24T05:34:51","guid":{"rendered":"http:\/\/elterritorialweb.com.ar\/web\/?p=35577"},"modified":"2022-02-24T05:34:52","modified_gmt":"2022-02-24T05:34:52","slug":"juntos-por-el-cambio-celebra-la-adhesion-de-la-comuna-capitalina-al-boleto-gratuito","status":"publish","type":"post","link":"https:\/\/elterritorialweb.com.ar\/web\/juntos-por-el-cambio-celebra-la-adhesion-de-la-comuna-capitalina-al-boleto-gratuito\/","title":{"rendered":"JUNTOS POR EL CAMBIO CELEBRA LA ADHESION DE LA COMUNA CAPITALINA AL BOLETO GRATUITO"},"content":{"rendered":"\n<p>Luego de que legisladores del bloque de Juntos por el Cambio presentaran ante la C\u00e1mara de Diputados el proyecto de Ley \u201cBoleto Educativo Gratuito\u201d para toda la provincia, y que logr\u00f3 alto impacto en la sociedad, celebramos que desde la intendencia capitalina se haya adherido a la propuesta. <\/p>\n\n\n\n<p>Si bien la medida contempla el boleto estudiantil gratuito para el ejido capitalino es menester pensar una soluci\u00f3n para garantizar el acceso a la educaci\u00f3n para los estudiantes y docentes de toda la provincia.<\/p>\n\n\n\n<p>Natalia Neme, referente la UCR en Juntos por el Cambio expres\u00f3; \u201cestamos muy contentos y ojal\u00e1 se pueda implementar pronto porque es en beneficio de los estudiantes santiague\u00f1os de la capital.<br>Vamos a seguir trabajando para que se garantice el transporte gratuito tambi\u00e9n para los docentes y alumnos del interior, que son los que m\u00e1s dificultades tienen para trasladarse, incluso arriesgando todos los d\u00edas su propia vida al costado de las rutas\u201d.<br>A la vez indic\u00f3: \u201cDesde nuestro rol como oposici\u00f3n vamos a impulsar y poner en agenda los temas de la gente, llevando a la C\u00e1mara a trav\u00e9s de nuestros legisladores las preocupaciones reales de los santiague\u00f1os\u201d. Manifest\u00f3.<\/p>\n","protected":false},"excerpt":{"rendered":"<p>El proyecto hab\u00eda sido presentado por los legisladores de la UCR Gerardo \u201cPipi\u201d Floridia y Aldana Galina Saavedra.<\/p>\n","protected":false},"author":2,"featured_media":35578,"comment_status":"open","ping_status":"open","sticky":false,"template":"","format":"standard","meta":{"om_disable_all_campaigns":false,"_monsterinsights_skip_tracking":false,"_monsterinsights_sitenote_active":false,"_monsterinsights_sitenote_note":"","_monsterinsights_sitenote_category":0,"_uf_show_specific_survey":0,"_uf_disable_surveys":false,"jetpack_post_was_ever_published":false,"_jetpack_newsletter_access":"","_jetpack_dont_email_post_to_subs":false,"_jetpack_newsletter_tier_id":0,"_jetpack_memberships_contains_paywalled_content":false,"_jetpack_memberships_contains_paid_content":false,"footnotes":"","jetpack_publicize_message":"","jetpack_publicize_feature_enabled":true,"jetpack_social_post_already_shared":false,"jetpack_social_options":{"image_generator_settings":{"template":"highway","default_image_id":0,"font":"","enabled":false},"version":2}},"categories":[18],"tags":[],"class_list":["post-35577","post","type-post","status-publish","format-standard","has-post-thumbnail","hentry","category-politica"],"aioseo_notices":[],"views":10,"jetpack_publicize_connections":[],"jetpack_featured_media_url":"https:\/\/i0.wp.com\/elterritorialweb.com.ar\/web\/wp-content\/uploads\/2022\/02\/IMG-20220222-WA0013-1.jpg?fit=768%2C1024&ssl=1","jetpack_sharing_enabled":true,"_links":{"self":[{"href":"https:\/\/elterritorialweb.com.ar\/web\/wp-json\/wp\/v2\/posts\/35577","targetHints":{"allow":["GET"]}}],"collection":[{"href":"https:\/\/elterritorialweb.com.ar\/web\/wp-json\/wp\/v2\/posts"}],"about":[{"href":"https:\/\/elterritorialweb.com.ar\/web\/wp-json\/wp\/v2\/types\/post"}],"author":[{"embeddable":true,"href":"https:\/\/elterritorialweb.com.ar\/web\/wp-json\/wp\/v2\/users\/2"}],"replies":[{"embeddable":true,"href":"https:\/\/elterritorialweb.com.ar\/web\/wp-json\/wp\/v2\/comments?post=35577"}],"version-history":[{"count":1,"href":"https:\/\/elterritorialweb.com.ar\/web\/wp-json\/wp\/v2\/posts\/35577\/revisions"}],"predecessor-version":[{"id":35579,"href":"https:\/\/elterritorialweb.com.ar\/web\/wp-json\/wp\/v2\/posts\/35577\/revisions\/35579"}],"wp:featuredmedia":[{"embeddable":true,"href":"https:\/\/elterritorialweb.com.ar\/web\/wp-json\/wp\/v2\/media\/35578"}],"wp:attachment":[{"href":"https:\/\/elterritorialweb.com.ar\/web\/wp-json\/wp\/v2\/media?parent=35577"}],"wp:term":[{"taxonomy":"category","embeddable":true,"href":"https:\/\/elterritorialweb.com.ar\/web\/wp-json\/wp\/v2\/categories?post=35577"},{"taxonomy":"post_tag","embeddable":true,"href":"https:\/\/elterritorialweb.com.ar\/web\/wp-json\/wp\/v2\/tags?post=35577"}],"curies":[{"name":"wp","href":"https:\/\/api.w.org\/{rel}","templated":true}]}}