{"id":35580,"date":"2022-02-24T12:41:43","date_gmt":"2022-02-24T12:41:43","guid":{"rendered":"http:\/\/elterritorialweb.com.ar\/web\/?p=35580"},"modified":"2022-02-24T15:16:34","modified_gmt":"2022-02-24T15:16:34","slug":"tension-mundial-rusia-comenzo-a-bombardear-ucrania","status":"publish","type":"post","link":"https:\/\/elterritorialweb.com.ar\/web\/tension-mundial-rusia-comenzo-a-bombardear-ucrania\/","title":{"rendered":"TENSI\u00d3N MUNDIAL: RUSIA COMENZ\u00d3 A BOMBARDEAR UCRANIA"},"content":{"rendered":"\n<p>Rusia inici\u00f3 esta madrugada una invasi\u00f3n a Ucrania con bombardeos en todo el pa\u00eds, incluida la capital, e incursiones terrestres en varios puntos del territorio que ya han causado las primeras bajas, varias de ellas civiles.<\/p>\n\n\n\n<p><strong>El inicio de la invasi\u00f3n fue condenado firmemente por gran parte de la comunidad internacional&nbsp;y por el Gobierno de Ucrania<\/strong>, que rompi\u00f3 sus relaciones diplom\u00e1ticas con Mosc\u00fa, y prometi\u00f3 defenderse, al tiempo solicitaba ayuda internacional para que se fuerce a Mosc\u00fa a respetar la paz.<\/p>\n\n\n\n<p>Los esfuerzos diplom\u00e1ticos de las \u00faltimas semanas y la imposici\u00f3n de sanciones occidentales contra Rusia no bastaron para disuadir al presidente ruso Vladimir Putin, que hab\u00eda desplegado&nbsp;<strong>entre 150.000 y 200.000 tropas a lo largo de las fronteras de Ucrania desde hac\u00eda semanas.<\/strong><\/p>\n\n\n\n<p><strong>\u00abHe tomado la decisi\u00f3n de una operaci\u00f3n militar\u00bb,&nbsp;<\/strong>declar\u00f3 el mandatario en un discurso televisado de madrugada, en el que asegur\u00f3 que no buscaba la \u00abocupaci\u00f3n\u00bb, sino&nbsp;<strong>\u00abuna desmilitarizaci\u00f3n y una desnazificaci\u00f3n\u00bb<\/strong>&nbsp;de Ucrania y la defensa de los rebeldes prorrusos del este del pa\u00eds, reprodujo la agencia de noticias AFP.<\/p>\n\n\n\n<figure class=\"wp-block-image size-full is-resized\"><a href=\"https:\/\/i0.wp.com\/elterritorialweb.com.ar\/web\/wp-content\/uploads\/2022\/02\/62178add694b4_900.jpg\"><img data-recalc-dims=\"1\" decoding=\"async\" data-src=\"https:\/\/i0.wp.com\/elterritorialweb.com.ar\/web\/wp-content\/uploads\/2022\/02\/62178add694b4_900.jpg?resize=402%2C225\" alt=\"\" class=\"wp-image-35592 lazyload\" width=\"402\" height=\"225\" data-srcset=\"https:\/\/i0.wp.com\/elterritorialweb.com.ar\/web\/wp-content\/uploads\/2022\/02\/62178add694b4_900.jpg?w=900&amp;ssl=1 900w, https:\/\/i0.wp.com\/elterritorialweb.com.ar\/web\/wp-content\/uploads\/2022\/02\/62178add694b4_900.jpg?resize=300%2C169&amp;ssl=1 300w, https:\/\/i0.wp.com\/elterritorialweb.com.ar\/web\/wp-content\/uploads\/2022\/02\/62178add694b4_900.jpg?resize=768%2C432&amp;ssl=1 768w\" data-sizes=\"(max-width: 402px) 100vw, 402px\" src=\"data:image\/svg+xml;base64,PHN2ZyB3aWR0aD0iMSIgaGVpZ2h0PSIxIiB4bWxucz0iaHR0cDovL3d3dy53My5vcmcvMjAwMC9zdmciPjwvc3ZnPg==\" style=\"--smush-placeholder-width: 402px; --smush-placeholder-aspect-ratio: 402\/225;\" \/><\/a><\/figure>\n\n\n\n<p><strong>ado firmemente por gran parte de la comunidad internacional&nbsp;y por el Gobierno de Ucrania<\/strong>, que rompi\u00f3 sus relaciones diplom\u00e1ticas con Mosc\u00fa, y prometi\u00f3 defenderse, al tiempo solicitaba ayuda internacional para que se fuerce a Mosc\u00fa a respetar la paz.<\/p>\n\n\n\n<p>Poco despu\u00e9s empezaron a escucharse explosiones en varias ciudades de Ucrania, desde Kiev hasta J\u00e1rkov, su segunda ciudad en la frontera con Rusia, pero tambi\u00e9n en Odesa o Mari\u00fapol, a orillas del mar Negro y el mar de Azov.<\/p>\n\n\n\n<p><strong>Las sirenas de aviso de bombardeos se activaron en la capital, en Odesa y en Le\u00f3polis (<\/strong>Lviv), donde Estados Unidos y otros pa\u00edses hab\u00edan desplazado sus embajadas.<\/p>\n\n\n\n<p><strong>El ej\u00e9rcito ruso asegur\u00f3 que estaba atacando instalaciones militares ucranianas con \u00abarmas de alta precisi\u00f3n\u00bb,<\/strong>&nbsp;reivindicando que hab\u00edan destruido los sistemas de defensa antia\u00e9rea y haber dejado \u00abfuera de servicio\u00bb las bases a\u00e9reas de Ucrania.<\/p>\n\n\n\n<p>El ej\u00e9rcito ruso dijo adem\u00e1s que los separatistas del este est\u00e1n avanzando y tomando el control de territorios.<\/p>\n\n\n\n<p><strong>Kiev anunci\u00f3 que m\u00e1s de 40 soldados y una decena de civiles ucranianos murieron.<\/strong>&nbsp;Tambi\u00e9n confirm\u00f3 que ya hubo incursiones terrestres de las fuerzas rusas por el norte, desde Rusia y Bielorrusia, pero tambi\u00e9n por el sur en la pen\u00ednsula de Crimea, anexionada por Mosc\u00fa en 2014.<\/p>\n\n\n\n<p>Bielorrusia, aliada del Kremlin, asegur\u00f3 no estar participando en la operaci\u00f3n.<\/p>\n\n\n\n<p><strong>El presidente ucraniano, Volodimir Zelenski, anunci\u00f3 una ley marcial en todo el pa\u00eds,<\/strong>&nbsp;pero pidi\u00f3 a la poblaci\u00f3n no entrar en p\u00e1nico. Tambi\u00e9n urgi\u00f3 a la comunidad internacional a crear una \u00abcoalici\u00f3n anti-Putin\u00bb para forzar a Mosc\u00fa a respetar la paz.<\/p>\n\n\n\n<p>Adem\u00e1s,&nbsp;<strong>el mandatario decidi\u00f3 cortar las relaciones diplom\u00e1ticas con Rusia<\/strong>, que se hab\u00edan mantenido pese a la anexi\u00f3n de Crimea.<\/p>\n\n\n\n<p><strong>\u00abLas fuerzas ucranianas llevan a cabo encarnizados combates. El enemigo ha sufrido p\u00e9rdidas importantes que ser\u00e1n a\u00fan m\u00e1s importantes\u00bb,<\/strong>&nbsp;dijo tambi\u00e9n Zelenski, que prometi\u00f3 \u00abinfligir el m\u00e1ximo de bajas\u00bb al agresor.<\/p>\n\n\n\n<p>El ej\u00e9rcito ucraniano asegur\u00f3 haber matado a 50 ocupantes rusos, y abatido cinco aviones y un helic\u00f3ptero en el este del pa\u00eds.<\/p>\n\n\n\n<p><strong>Las autoridades ucranianas cerraron el espacio a\u00e9reo a la aviaci\u00f3n civil por motivos de seguridad,&nbsp;<\/strong>mientras que Rusia cerr\u00f3 el transporte mar\u00edtimo en el Rusia asegur\u00f3 que los civiles de Ucrania \u00abno tienen nada que temer\u00bb, pero en el metro de Kiev, decenas de personas buscaban refugio o la manera de salir de la ciudad por tren o por carretera.<\/p>\n\n\n\n<figure class=\"wp-block-image size-full is-resized\"><a href=\"https:\/\/i0.wp.com\/elterritorialweb.com.ar\/web\/wp-content\/uploads\/2022\/02\/62178dcada0e5_900.jpg\"><img data-recalc-dims=\"1\" decoding=\"async\" data-src=\"https:\/\/i0.wp.com\/elterritorialweb.com.ar\/web\/wp-content\/uploads\/2022\/02\/62178dcada0e5_900.jpg?resize=505%2C283\" alt=\"\" class=\"wp-image-35593 lazyload\" width=\"505\" height=\"283\" data-srcset=\"https:\/\/i0.wp.com\/elterritorialweb.com.ar\/web\/wp-content\/uploads\/2022\/02\/62178dcada0e5_900.jpg?w=900&amp;ssl=1 900w, https:\/\/i0.wp.com\/elterritorialweb.com.ar\/web\/wp-content\/uploads\/2022\/02\/62178dcada0e5_900.jpg?resize=300%2C169&amp;ssl=1 300w, https:\/\/i0.wp.com\/elterritorialweb.com.ar\/web\/wp-content\/uploads\/2022\/02\/62178dcada0e5_900.jpg?resize=768%2C432&amp;ssl=1 768w\" data-sizes=\"(max-width: 505px) 100vw, 505px\" src=\"data:image\/svg+xml;base64,PHN2ZyB3aWR0aD0iMSIgaGVpZ2h0PSIxIiB4bWxucz0iaHR0cDovL3d3dy53My5vcmcvMjAwMC9zdmciPjwvc3ZnPg==\" style=\"--smush-placeholder-width: 505px; --smush-placeholder-aspect-ratio: 505\/283;\" \/><\/a><\/figure>\n\n\n\n<p><strong>\u00abMe he despertado por el ruido de las bombas, prepar\u00e9 las bolsas y hu\u00ed\u00bb,<\/strong>&nbsp;indic\u00f3 a AFP Mar\u00eda Kashkoska, de 29 a\u00f1os, en un estado de conmoci\u00f3n en el metro.<\/p>\n\n\n\n<p>En medio de la noche, el tr\u00e1fico de la capital era el propio de las hora pico.&nbsp;<strong>Veh\u00edculos llenos de familias buscaban salir de la ciudad,<\/strong>&nbsp;hacia el oeste, lo m\u00e1s lejos posible de la frontera rusa, situada a 400 km.<\/p>\n\n\n\n<p>En Chuguev, cerca de J\u00e1rkov, una mujer y su hijo lloraban a un hombre, muerto en un ataque de misiles, una de las primeras v\u00edctimas del ataque.<\/p>\n\n\n\n<p>\u00abLe hab\u00eda dicho que nos fu\u00e9ramos\u00bb, repet\u00eda incansablemente el hijo, junto a los restos de un antiguo autom\u00f3vil Lada y al cr\u00e1ter provocado por el proyectil ca\u00eddo entre dos inmuebles de cinco pisos.<\/p>\n\n\n\n<p><strong>En su mensaje televisado, Putin hab\u00eda instado a los soldados ucranianos a deponer las armas<\/strong>&nbsp;y justific\u00f3 su ataque por el supuesto \u00abgenocidio\u00bb de la poblaci\u00f3n rusoparlante en el este de Ucrania.<\/p>\n\n\n\n<p>Las reacciones al inicio de la invasi\u00f3n no se hicieron esperar.\u00a0<strong>Biden, que llam\u00f3 a Zelenski para expresarle su \u00abapoyo\u00bb<\/strong>, conden\u00f3 \u00abel ataque no provocado e injstificado por parte de las fuerzas militares rusas\u00bb y asegur\u00f3 que \u00abel mundo har\u00e1 responsable a Rusia\u00bb.<\/p>\n\n\n\n<p><strong>\u00abEl presidente Putin ha elegido una guerra premeditada que traer\u00e1 una p\u00e9rdida catastr\u00f3fica de vidas y sufrimiento humano\u00bb,<\/strong>\u00a0remarc\u00f3 Biden, que se reunir\u00e1 virtualmente con los l\u00edderes del G7 hoy a las 11 (hora argentina).<\/p>\n\n\n\n<figure class=\"wp-block-image size-full\"><a href=\"https:\/\/i0.wp.com\/elterritorialweb.com.ar\/web\/wp-content\/uploads\/2022\/02\/621789aadb1db_900.jpg\"><img data-recalc-dims=\"1\" decoding=\"async\" width=\"640\" height=\"360\" data-src=\"https:\/\/i0.wp.com\/elterritorialweb.com.ar\/web\/wp-content\/uploads\/2022\/02\/621789aadb1db_900.jpg?resize=640%2C360\" alt=\"\" class=\"wp-image-35591 lazyload\" data-srcset=\"https:\/\/i0.wp.com\/elterritorialweb.com.ar\/web\/wp-content\/uploads\/2022\/02\/621789aadb1db_900.jpg?w=900&amp;ssl=1 900w, https:\/\/i0.wp.com\/elterritorialweb.com.ar\/web\/wp-content\/uploads\/2022\/02\/621789aadb1db_900.jpg?resize=300%2C169&amp;ssl=1 300w, https:\/\/i0.wp.com\/elterritorialweb.com.ar\/web\/wp-content\/uploads\/2022\/02\/621789aadb1db_900.jpg?resize=768%2C432&amp;ssl=1 768w\" data-sizes=\"(max-width: 640px) 100vw, 640px\" src=\"data:image\/svg+xml;base64,PHN2ZyB3aWR0aD0iMSIgaGVpZ2h0PSIxIiB4bWxucz0iaHR0cDovL3d3dy53My5vcmcvMjAwMC9zdmciPjwvc3ZnPg==\" style=\"--smush-placeholder-width: 640px; --smush-placeholder-aspect-ratio: 640\/360;\" \/><\/a><\/figure>\n\n\n\n<p>Tambi\u00e9n hay previstas reuniones de emergencia de los dirigentes de la Uni\u00f3n Europea y de la OTAN. El jefe de la alianza militar, Jens Stoltenberg, denunci\u00f3 el \u00abataque irresponsable y no provocado (&#8230;) que pone en riesgo incontables vidas civiles\u00bb.<\/p>\n\n\n\n<p>El jefe de la diplomacia europea,&nbsp;<strong>Josep Borrell, advirti\u00f3 que \u00abRusia se enfrentar\u00e1 a un aislamiento sin precedentes\u00bb&nbsp;<\/strong>y prometi\u00f3 \u00abel m\u00e1s robusto y m\u00e1s severo paquete de sanciones que jam\u00e1s hayamos adoptado\u00bb.<\/p>\n","protected":false},"excerpt":{"rendered":"<p>\u00abHe tomado la decisi\u00f3n de una operaci\u00f3n militar\u00bb, declar\u00f3 Putin en un discurso televisado de madrugada, en el que asegur\u00f3 que no buscaba la \u00abocupaci\u00f3n\u00bb, sino \u00abuna desmilitarizaci\u00f3n y una desnazificaci\u00f3n\u00bb de Ucrania y la defensa de los rebeldes prorrusos del este del pa\u00eds.<\/p>\n","protected":false},"author":2,"featured_media":35585,"comment_status":"open","ping_status":"open","sticky":false,"template":"","format":"standard","meta":{"om_disable_all_campaigns":false,"_monsterinsights_skip_tracking":false,"_monsterinsights_sitenote_active":false,"_monsterinsights_sitenote_note":"","_monsterinsights_sitenote_category":0,"_uf_show_specific_survey":0,"_uf_disable_surveys":false,"jetpack_post_was_ever_published":false,"_jetpack_newsletter_access":"","_jetpack_dont_email_post_to_subs":false,"_jetpack_newsletter_tier_id":0,"_jetpack_memberships_contains_paywalled_content":false,"_jetpack_memberships_contains_paid_content":false,"footnotes":"","jetpack_publicize_message":"","jetpack_publicize_feature_enabled":true,"jetpack_social_post_already_shared":false,"jetpack_social_options":{"image_generator_settings":{"template":"highway","default_image_id":0,"font":"","enabled":false},"version":2}},"categories":[10],"tags":[],"class_list":["post-35580","post","type-post","status-publish","format-standard","has-post-thumbnail","hentry","category-internacionales"],"aioseo_notices":[],"views":10,"jetpack_publicize_connections":[],"jetpack_featured_media_url":"https:\/\/i0.wp.com\/elterritorialweb.com.ar\/web\/wp-content\/uploads\/2022\/02\/16456823065703.jpg?fit=1320%2C743&ssl=1","jetpack_sharing_enabled":true,"_links":{"self":[{"href":"https:\/\/elterritorialweb.com.ar\/web\/wp-json\/wp\/v2\/posts\/35580","targetHints":{"allow":["GET"]}}],"collection":[{"href":"https:\/\/elterritorialweb.com.ar\/web\/wp-json\/wp\/v2\/posts"}],"about":[{"href":"https:\/\/elterritorialweb.com.ar\/web\/wp-json\/wp\/v2\/types\/post"}],"author":[{"embeddable":true,"href":"https:\/\/elterritorialweb.com.ar\/web\/wp-json\/wp\/v2\/users\/2"}],"replies":[{"embeddable":true,"href":"https:\/\/elterritorialweb.com.ar\/web\/wp-json\/wp\/v2\/comments?post=35580"}],"version-history":[{"count":2,"href":"https:\/\/elterritorialweb.com.ar\/web\/wp-json\/wp\/v2\/posts\/35580\/revisions"}],"predecessor-version":[{"id":35594,"href":"https:\/\/elterritorialweb.com.ar\/web\/wp-json\/wp\/v2\/posts\/35580\/revisions\/35594"}],"wp:featuredmedia":[{"embeddable":true,"href":"https:\/\/elterritorialweb.com.ar\/web\/wp-json\/wp\/v2\/media\/35585"}],"wp:attachment":[{"href":"https:\/\/elterritorialweb.com.ar\/web\/wp-json\/wp\/v2\/media?parent=35580"}],"wp:term":[{"taxonomy":"category","embeddable":true,"href":"https:\/\/elterritorialweb.com.ar\/web\/wp-json\/wp\/v2\/categories?post=35580"},{"taxonomy":"post_tag","embeddable":true,"href":"https:\/\/elterritorialweb.com.ar\/web\/wp-json\/wp\/v2\/tags?post=35580"}],"curies":[{"name":"wp","href":"https:\/\/api.w.org\/{rel}","templated":true}]}}