{"id":35587,"date":"2022-02-24T15:04:25","date_gmt":"2022-02-24T15:04:25","guid":{"rendered":"http:\/\/elterritorialweb.com.ar\/web\/?p=35587"},"modified":"2022-02-24T15:04:25","modified_gmt":"2022-02-24T15:04:25","slug":"ya-existe-una-alta-demanda-del-turista-colombiano-por-argentina","status":"publish","type":"post","link":"https:\/\/elterritorialweb.com.ar\/web\/ya-existe-una-alta-demanda-del-turista-colombiano-por-argentina\/","title":{"rendered":"\u00abYA EXISTE UNA ALTA DEMANDA DEL TURISTA COLOMBIANO POR ARGENTINA\u00bb"},"content":{"rendered":"\n<p>La reactivaci\u00f3n tur\u00edstica est\u00e1 firme en Argentina y marcha a muy buen ritmo con una temporada de verano con vol\u00famenes hist\u00f3ricos. Si a eso se le suman las ventajas econ\u00f3micas que ofrece el pa\u00eds, el trade tur\u00edstico internacional transmite grandes expectativas a la hora de vender las propuestas argentinas.<\/p>\n\n\n\n<p>As\u00ed lo manifest\u00f3 el grupo de agencias de viajes y tour operadores LTN L\u2019alianXa en una reuni\u00f3n junto a INPROTUR. La cita sirvi\u00f3 para coordinar acciones a futuro y encontrar las respuestas necesarias para que los viajeros y viajeras de Colombia y del mundo cuenten con todas las facilidades para visitar el pa\u00eds.<\/p>\n\n\n\n<p><em>\u201cEn el inicio de ANATO 2022 notamos que el trade tur\u00edstico de Colombia ha valorado much\u00edsimo la reactivaci\u00f3n de Argentina. Luego del encuentro con L\u2019alianXa confirmamos el fuerte inter\u00e9s por vender nuestros productos\u201d<\/em>, se\u00f1al\u00f3 Sosa.<\/p>\n\n\n\n<p>Uno de los aspectos fundamentales para profundizar la reactivaci\u00f3n e impulsar la llegada de los colombianos es la conectividad. En ese sentido, Sosa apunt\u00f3 que&nbsp;<em>\u201cuno de nuestros grandes objetivos es recuperar la actividad aerocomercial que ten\u00edamos antes de la pandemia, pero en forma paralela buscamos incrementar esos niveles\u201d<\/em>.<\/p>\n\n\n\n<p>Tambi\u00e9n se analiz\u00f3 la posibilidad de promover nuevos destinos, m\u00e1s all\u00e1 de los tradicionales que, seg\u00fan L\u2019alianXa, se promocionan muy fuerte en el mercado colombiano.&nbsp;<em>\u201cSiendo estrat\u00e9gicos, puede funcionar bien. Por ejemplo, entrando por la m\u00fasica y el vino, el Norte puede tener muy buenas posibilidades\u201d<\/em>, asegur\u00f3 Davies.<\/p>\n","protected":false},"excerpt":{"rendered":"<p>As\u00ed lo asegur\u00f3 Sebasti\u00e1n Davies, Director Comercial de LTN L\u2019alianXa Travel Network, durante el encuentro que mantuvo con el INPROTUR, liderado por su Secretario Ejecutivo, Ricardo Sosa, en el marco de la primera jornada de la Vitrina Tur\u00edstica ANATO 2022 en Bogot\u00e1, Colombia. Fuerte inter\u00e9s por desarrollar nuevos destinos y productos del pa\u00eds.<\/p>\n","protected":false},"author":2,"featured_media":35588,"comment_status":"open","ping_status":"open","sticky":false,"template":"","format":"standard","meta":{"om_disable_all_campaigns":false,"_monsterinsights_skip_tracking":false,"_monsterinsights_sitenote_active":false,"_monsterinsights_sitenote_note":"","_monsterinsights_sitenote_category":0,"_uf_show_specific_survey":0,"_uf_disable_surveys":false,"jetpack_post_was_ever_published":false,"_jetpack_newsletter_access":"","_jetpack_dont_email_post_to_subs":false,"_jetpack_newsletter_tier_id":0,"_jetpack_memberships_contains_paywalled_content":false,"_jetpack_memberships_contains_paid_content":false,"footnotes":"","jetpack_publicize_message":"","jetpack_publicize_feature_enabled":true,"jetpack_social_post_already_shared":false,"jetpack_social_options":{"image_generator_settings":{"template":"highway","default_image_id":0,"font":"","enabled":false},"version":2}},"categories":[7],"tags":[],"class_list":["post-35587","post","type-post","status-publish","format-standard","has-post-thumbnail","hentry","category-nacionales"],"aioseo_notices":[],"views":9,"jetpack_publicize_connections":[],"jetpack_featured_media_url":"https:\/\/i0.wp.com\/elterritorialweb.com.ar\/web\/wp-content\/uploads\/2022\/02\/Screenshot_20220224-1202202.png?fit=613%2C458&ssl=1","jetpack_sharing_enabled":true,"_links":{"self":[{"href":"https:\/\/elterritorialweb.com.ar\/web\/wp-json\/wp\/v2\/posts\/35587","targetHints":{"allow":["GET"]}}],"collection":[{"href":"https:\/\/elterritorialweb.com.ar\/web\/wp-json\/wp\/v2\/posts"}],"about":[{"href":"https:\/\/elterritorialweb.com.ar\/web\/wp-json\/wp\/v2\/types\/post"}],"author":[{"embeddable":true,"href":"https:\/\/elterritorialweb.com.ar\/web\/wp-json\/wp\/v2\/users\/2"}],"replies":[{"embeddable":true,"href":"https:\/\/elterritorialweb.com.ar\/web\/wp-json\/wp\/v2\/comments?post=35587"}],"version-history":[{"count":1,"href":"https:\/\/elterritorialweb.com.ar\/web\/wp-json\/wp\/v2\/posts\/35587\/revisions"}],"predecessor-version":[{"id":35589,"href":"https:\/\/elterritorialweb.com.ar\/web\/wp-json\/wp\/v2\/posts\/35587\/revisions\/35589"}],"wp:featuredmedia":[{"embeddable":true,"href":"https:\/\/elterritorialweb.com.ar\/web\/wp-json\/wp\/v2\/media\/35588"}],"wp:attachment":[{"href":"https:\/\/elterritorialweb.com.ar\/web\/wp-json\/wp\/v2\/media?parent=35587"}],"wp:term":[{"taxonomy":"category","embeddable":true,"href":"https:\/\/elterritorialweb.com.ar\/web\/wp-json\/wp\/v2\/categories?post=35587"},{"taxonomy":"post_tag","embeddable":true,"href":"https:\/\/elterritorialweb.com.ar\/web\/wp-json\/wp\/v2\/tags?post=35587"}],"curies":[{"name":"wp","href":"https:\/\/api.w.org\/{rel}","templated":true}]}}