{"id":35596,"date":"2022-02-24T15:43:03","date_gmt":"2022-02-24T15:43:03","guid":{"rendered":"http:\/\/elterritorialweb.com.ar\/web\/?p=35596"},"modified":"2022-02-24T15:43:04","modified_gmt":"2022-02-24T15:43:04","slug":"ponen-en-funcionamiento-un-nuevo-pozo-de-agua-potable-en-la-ciudad-de-frias","status":"publish","type":"post","link":"https:\/\/elterritorialweb.com.ar\/web\/ponen-en-funcionamiento-un-nuevo-pozo-de-agua-potable-en-la-ciudad-de-frias\/","title":{"rendered":"PONEN EN FUNCIONAMIENTO UN NUEVO POZO DE AGUA POTABLE EN LA CIUDAD DE FR\u00cdAS"},"content":{"rendered":"\n<p>Los trabajos se realizaron en el pozo ubicado en los terrenos de la Escuela Normal Superior \u201cRep\u00fablica del Ecuador\u201d donde se instal\u00f3 una electro bomba sumergible de 15HP de la cual funcionar\u00e1 las 24 horas y se suma de esta manera a la red de agua potable de Fr\u00edas.<\/p>\n\n\n\n<figure class=\"wp-block-image size-full\"><a href=\"https:\/\/i0.wp.com\/elterritorialweb.com.ar\/web\/wp-content\/uploads\/2022\/02\/FB_IMG_1645717247231.jpg\"><img data-recalc-dims=\"1\" decoding=\"async\" width=\"640\" height=\"427\" data-src=\"https:\/\/i0.wp.com\/elterritorialweb.com.ar\/web\/wp-content\/uploads\/2022\/02\/FB_IMG_1645717247231.jpg?resize=640%2C427\" alt=\"\" class=\"wp-image-35598 lazyload\" data-srcset=\"https:\/\/i0.wp.com\/elterritorialweb.com.ar\/web\/wp-content\/uploads\/2022\/02\/FB_IMG_1645717247231.jpg?w=720&amp;ssl=1 720w, https:\/\/i0.wp.com\/elterritorialweb.com.ar\/web\/wp-content\/uploads\/2022\/02\/FB_IMG_1645717247231.jpg?resize=300%2C200&amp;ssl=1 300w\" data-sizes=\"(max-width: 640px) 100vw, 640px\" src=\"data:image\/svg+xml;base64,PHN2ZyB3aWR0aD0iMSIgaGVpZ2h0PSIxIiB4bWxucz0iaHR0cDovL3d3dy53My5vcmcvMjAwMC9zdmciPjwvc3ZnPg==\" style=\"--smush-placeholder-width: 640px; --smush-placeholder-aspect-ratio: 640\/427;\" \/><\/a><\/figure>\n\n\n\n<p><em>\u00abEste nuevo pozo que se suma a los ya existentes en la ciudad denota el cumplimiento del estado municipal en resguardar los derechos de los vecinos. Nuestro compromiso es abastecer el l\u00edquido vital a los ciudadanos, y el compromiso de todos nosotros como vecinos es cuidar del agua potable. Es muy satisfactorio avanzar, crecer y continuar trabajando por la comunidad, mejorando de esta manera los servicios a todas las familias de Fr\u00edas\u00bb<\/em> se\u00f1al\u00f3 enf\u00e1ticamente el intendente Dr. Astor An\u00edbal Padula.<\/p>\n\n\n\n<figure class=\"wp-block-image size-full\"><a href=\"https:\/\/i0.wp.com\/elterritorialweb.com.ar\/web\/wp-content\/uploads\/2022\/02\/FB_IMG_1645717241454.jpg\"><img data-recalc-dims=\"1\" decoding=\"async\" width=\"640\" height=\"427\" data-src=\"https:\/\/i0.wp.com\/elterritorialweb.com.ar\/web\/wp-content\/uploads\/2022\/02\/FB_IMG_1645717241454.jpg?resize=640%2C427\" alt=\"\" class=\"wp-image-35599 lazyload\" data-srcset=\"https:\/\/i0.wp.com\/elterritorialweb.com.ar\/web\/wp-content\/uploads\/2022\/02\/FB_IMG_1645717241454.jpg?w=720&amp;ssl=1 720w, https:\/\/i0.wp.com\/elterritorialweb.com.ar\/web\/wp-content\/uploads\/2022\/02\/FB_IMG_1645717241454.jpg?resize=300%2C200&amp;ssl=1 300w\" data-sizes=\"(max-width: 640px) 100vw, 640px\" src=\"data:image\/svg+xml;base64,PHN2ZyB3aWR0aD0iMSIgaGVpZ2h0PSIxIiB4bWxucz0iaHR0cDovL3d3dy53My5vcmcvMjAwMC9zdmciPjwvc3ZnPg==\" style=\"--smush-placeholder-width: 640px; --smush-placeholder-aspect-ratio: 640\/427;\" \/><\/a><\/figure>\n\n\n\n<p>En los pr\u00f3ximos d\u00edas se culminar\u00e1n las tareas para habilitar un nuevo pozo de agua en el Barrio Sumampa, el cual tambi\u00e9n estar\u00e1 conectado a la red de agua potable de la ciudad y al servicio de miles de vecinos de Fr\u00edas.<\/p>\n","protected":false},"excerpt":{"rendered":"<p>La Municipalidad de Fr\u00edas, con la ayuda de la Provincia, la Secretar\u00eda de Obras y Servicios P\u00fablicos y el personal de Aguas Corrientes, ponen en funcionamiento un nuevo pozo de agua.<\/p>\n","protected":false},"author":2,"featured_media":35597,"comment_status":"open","ping_status":"open","sticky":false,"template":"","format":"standard","meta":{"om_disable_all_campaigns":false,"_monsterinsights_skip_tracking":false,"_monsterinsights_sitenote_active":false,"_monsterinsights_sitenote_note":"","_monsterinsights_sitenote_category":0,"_uf_show_specific_survey":0,"_uf_disable_surveys":false,"jetpack_post_was_ever_published":false,"_jetpack_newsletter_access":"","_jetpack_dont_email_post_to_subs":false,"_jetpack_newsletter_tier_id":0,"_jetpack_memberships_contains_paywalled_content":false,"_jetpack_memberships_contains_paid_content":false,"footnotes":"","jetpack_publicize_message":"","jetpack_publicize_feature_enabled":true,"jetpack_social_post_already_shared":false,"jetpack_social_options":{"image_generator_settings":{"template":"highway","default_image_id":0,"font":"","enabled":false},"version":2}},"categories":[21],"tags":[],"class_list":["post-35596","post","type-post","status-publish","format-standard","has-post-thumbnail","hentry","category-locales"],"aioseo_notices":[],"views":16,"jetpack_publicize_connections":[],"jetpack_featured_media_url":"https:\/\/i0.wp.com\/elterritorialweb.com.ar\/web\/wp-content\/uploads\/2022\/02\/FB_IMG_1645717239032.jpg?fit=720%2C480&ssl=1","jetpack_sharing_enabled":true,"_links":{"self":[{"href":"https:\/\/elterritorialweb.com.ar\/web\/wp-json\/wp\/v2\/posts\/35596","targetHints":{"allow":["GET"]}}],"collection":[{"href":"https:\/\/elterritorialweb.com.ar\/web\/wp-json\/wp\/v2\/posts"}],"about":[{"href":"https:\/\/elterritorialweb.com.ar\/web\/wp-json\/wp\/v2\/types\/post"}],"author":[{"embeddable":true,"href":"https:\/\/elterritorialweb.com.ar\/web\/wp-json\/wp\/v2\/users\/2"}],"replies":[{"embeddable":true,"href":"https:\/\/elterritorialweb.com.ar\/web\/wp-json\/wp\/v2\/comments?post=35596"}],"version-history":[{"count":1,"href":"https:\/\/elterritorialweb.com.ar\/web\/wp-json\/wp\/v2\/posts\/35596\/revisions"}],"predecessor-version":[{"id":35600,"href":"https:\/\/elterritorialweb.com.ar\/web\/wp-json\/wp\/v2\/posts\/35596\/revisions\/35600"}],"wp:featuredmedia":[{"embeddable":true,"href":"https:\/\/elterritorialweb.com.ar\/web\/wp-json\/wp\/v2\/media\/35597"}],"wp:attachment":[{"href":"https:\/\/elterritorialweb.com.ar\/web\/wp-json\/wp\/v2\/media?parent=35596"}],"wp:term":[{"taxonomy":"category","embeddable":true,"href":"https:\/\/elterritorialweb.com.ar\/web\/wp-json\/wp\/v2\/categories?post=35596"},{"taxonomy":"post_tag","embeddable":true,"href":"https:\/\/elterritorialweb.com.ar\/web\/wp-json\/wp\/v2\/tags?post=35596"}],"curies":[{"name":"wp","href":"https:\/\/api.w.org\/{rel}","templated":true}]}}