{"id":35608,"date":"2022-02-24T17:13:19","date_gmt":"2022-02-24T17:13:19","guid":{"rendered":"http:\/\/elterritorialweb.com.ar\/web\/?p=35608"},"modified":"2022-02-24T17:13:19","modified_gmt":"2022-02-24T17:13:19","slug":"una-bandena-del-barrio-misqui-mayu-fue-beneficiada-con-el-programa-emprendiendo-suenos","status":"publish","type":"post","link":"https:\/\/elterritorialweb.com.ar\/web\/una-bandena-del-barrio-misqui-mayu-fue-beneficiada-con-el-programa-emprendiendo-suenos\/","title":{"rendered":"UNA BANDE\u00d1A DEL BARRIO MISQUI MAYU FUE BENEFICIADA CON EL PROGRAMA \u00abEMPRENDIENDO SUE\u00d1OS\u00bb"},"content":{"rendered":"\n<p>En la oportunidad, Margarita Coria del barrio Misqui Mayu recibi\u00f3 dos hornos de cocina que tiene a su cargo una rotiser\u00eda familiar.<br>Sobre esta asistencia, el viceintendente Nediani se\u00f1al\u00f3: \u00abQuiero destacar la gesti\u00f3n del intendente Pablo Mirolo y el trabajo de la Oficina de Emprendedores por el importante trabajo que vienen realizando con el programa municipal \u00abEmprendiendo Sue\u00f1os\u00bb. Lo m\u00e1s importante es comprender que el Estado Municipal tiene como pol\u00edtica generar mano de obra y trabajo genuino en la ciudad de La Banda\u00bb.<br>Asimismo, dijo que, \u201ccuando un vecino inicia la solicitud del emprendimiento, \u00e9ste sigue un circuito administrativo que tiene que ver con el an\u00e1lisis de precios y los elementos e insumos que se solicitan\u201d.<br>Por su parte, la bande\u00f1a expres\u00f3: \u00abAgradezco todo esto ya que es justo y necesario como dicen, con ello voy a poder trabajar para solventar los gastos de los estudios m\u00e9dico de mi nieto que tiene que viajar para realizarse los mismos\u00bb.<br>Agreg\u00f3: \u00abAgradecer al intendente Pablo Mirolo, al viceintendente Roger Nediani y al responsable de la Oficina de Emprendedores, Marcelo Abraham, por recibirme y atender mi inquietud particular. Emprendiendo Sue\u00f1os es un programa muy importante que nos permite a los emprendedores seguir trabajando, en mi caso ahora con dos hornos nuevos\u00bb.<br>Cabe destacar, que quienes deseen adquirir herramientas, materiales o insumos para impulsar su emprendimiento o empezar uno, deben ingresar a la p\u00e1gina de https:\/\/www.labanda.gob.ar\/formularios\/ completar el formulario y dirigirse con negativa de ANSES y certificado de residencia la Oficina del Emprendedor situada en calle S\u00e1enz Pe\u00f1a N\u00b0 54 de lunes a viernes de 8 a 12.<\/p>\n","protected":false},"excerpt":{"rendered":"<p>El intendente Pablo Mirolo junto al viceintendente ediani entregaron herramientas a una emprendedora bande\u00f1a que fuera beneficiada por el Programa Municipal \u201cEmprendiendo Sue\u00f1os\u201d.<\/p>\n","protected":false},"author":2,"featured_media":35609,"comment_status":"open","ping_status":"open","sticky":false,"template":"","format":"standard","meta":{"om_disable_all_campaigns":false,"_monsterinsights_skip_tracking":false,"_monsterinsights_sitenote_active":false,"_monsterinsights_sitenote_note":"","_monsterinsights_sitenote_category":0,"_uf_show_specific_survey":0,"_uf_disable_surveys":false,"jetpack_post_was_ever_published":false,"_jetpack_newsletter_access":"","_jetpack_dont_email_post_to_subs":false,"_jetpack_newsletter_tier_id":0,"_jetpack_memberships_contains_paywalled_content":false,"_jetpack_memberships_contains_paid_content":false,"footnotes":"","jetpack_publicize_message":"","jetpack_publicize_feature_enabled":true,"jetpack_social_post_already_shared":false,"jetpack_social_options":{"image_generator_settings":{"template":"highway","default_image_id":0,"font":"","enabled":false},"version":2}},"categories":[21],"tags":[],"class_list":["post-35608","post","type-post","status-publish","format-standard","has-post-thumbnail","hentry","category-locales"],"aioseo_notices":[],"views":6,"jetpack_publicize_connections":[],"jetpack_featured_media_url":"https:\/\/i0.wp.com\/elterritorialweb.com.ar\/web\/wp-content\/uploads\/2022\/02\/IMG-20220224-WA0009.jpg?fit=1600%2C901&ssl=1","jetpack_sharing_enabled":true,"_links":{"self":[{"href":"https:\/\/elterritorialweb.com.ar\/web\/wp-json\/wp\/v2\/posts\/35608","targetHints":{"allow":["GET"]}}],"collection":[{"href":"https:\/\/elterritorialweb.com.ar\/web\/wp-json\/wp\/v2\/posts"}],"about":[{"href":"https:\/\/elterritorialweb.com.ar\/web\/wp-json\/wp\/v2\/types\/post"}],"author":[{"embeddable":true,"href":"https:\/\/elterritorialweb.com.ar\/web\/wp-json\/wp\/v2\/users\/2"}],"replies":[{"embeddable":true,"href":"https:\/\/elterritorialweb.com.ar\/web\/wp-json\/wp\/v2\/comments?post=35608"}],"version-history":[{"count":1,"href":"https:\/\/elterritorialweb.com.ar\/web\/wp-json\/wp\/v2\/posts\/35608\/revisions"}],"predecessor-version":[{"id":35610,"href":"https:\/\/elterritorialweb.com.ar\/web\/wp-json\/wp\/v2\/posts\/35608\/revisions\/35610"}],"wp:featuredmedia":[{"embeddable":true,"href":"https:\/\/elterritorialweb.com.ar\/web\/wp-json\/wp\/v2\/media\/35609"}],"wp:attachment":[{"href":"https:\/\/elterritorialweb.com.ar\/web\/wp-json\/wp\/v2\/media?parent=35608"}],"wp:term":[{"taxonomy":"category","embeddable":true,"href":"https:\/\/elterritorialweb.com.ar\/web\/wp-json\/wp\/v2\/categories?post=35608"},{"taxonomy":"post_tag","embeddable":true,"href":"https:\/\/elterritorialweb.com.ar\/web\/wp-json\/wp\/v2\/tags?post=35608"}],"curies":[{"name":"wp","href":"https:\/\/api.w.org\/{rel}","templated":true}]}}