{"id":35611,"date":"2022-02-24T17:21:30","date_gmt":"2022-02-24T17:21:30","guid":{"rendered":"http:\/\/elterritorialweb.com.ar\/web\/?p=35611"},"modified":"2022-02-24T17:23:20","modified_gmt":"2022-02-24T17:23:20","slug":"operativo-integral-de-higiene-en-el-barrio-san-fernando","status":"publish","type":"post","link":"https:\/\/elterritorialweb.com.ar\/web\/operativo-integral-de-higiene-en-el-barrio-san-fernando\/","title":{"rendered":"IMPORTANTE OPERATIVO INTEGRAL DE HIGIENE EN EL BARRIO SAN FERNANDO"},"content":{"rendered":"\n<p>Dicha tarea, se llev\u00f3 a cabo con la colaboraci\u00f3n de todos los obradores municipales como el Dorrego, San Fernando, Misqui Mayu y San Carlos, quienes pusieron a disposici\u00f3n dieciocho camiones conteiner, dos palas mec\u00e1nicas, tres veh\u00edculos fumigadores y por parte de la Secretar\u00eda de Obras P\u00fablicas, la colaboraci\u00f3n de camiones y batea.<br>En este sentido, el equipo de trabajadores municipal ejecut\u00f3 la erradicaci\u00f3n de un basural de importantes dimensiones, como as\u00ed tambi\u00e9n, llev\u00f3 a cabo una gran cobertura del barrio con los equipamientos de fumigaci\u00f3n mencionados.<br>Cabe destacar, que estas acciones se realizan en el marco de cuidar la calidad de vida de los vecinos de la zona, ya que la formaci\u00f3n de basurales implica potenciales focos infecciosos que proliferan alima\u00f1as y el mosquito vector del dengue.<\/p>\n\n\n\n<figure class=\"wp-block-image size-large\"><a href=\"https:\/\/i0.wp.com\/elterritorialweb.com.ar\/web\/wp-content\/uploads\/2022\/02\/IMG-20220224-WA0014.jpg\"><img data-recalc-dims=\"1\" decoding=\"async\" width=\"640\" height=\"420\" data-src=\"https:\/\/i0.wp.com\/elterritorialweb.com.ar\/web\/wp-content\/uploads\/2022\/02\/IMG-20220224-WA0014.jpg?resize=640%2C420\" alt=\"\" class=\"wp-image-35613 lazyload\" data-srcset=\"https:\/\/i0.wp.com\/elterritorialweb.com.ar\/web\/wp-content\/uploads\/2022\/02\/IMG-20220224-WA0014.jpg?resize=1024%2C672&amp;ssl=1 1024w, https:\/\/i0.wp.com\/elterritorialweb.com.ar\/web\/wp-content\/uploads\/2022\/02\/IMG-20220224-WA0014.jpg?resize=300%2C197&amp;ssl=1 300w, https:\/\/i0.wp.com\/elterritorialweb.com.ar\/web\/wp-content\/uploads\/2022\/02\/IMG-20220224-WA0014.jpg?resize=768%2C504&amp;ssl=1 768w, https:\/\/i0.wp.com\/elterritorialweb.com.ar\/web\/wp-content\/uploads\/2022\/02\/IMG-20220224-WA0014.jpg?w=1087&amp;ssl=1 1087w\" data-sizes=\"(max-width: 640px) 100vw, 640px\" src=\"data:image\/svg+xml;base64,PHN2ZyB3aWR0aD0iMSIgaGVpZ2h0PSIxIiB4bWxucz0iaHR0cDovL3d3dy53My5vcmcvMjAwMC9zdmciPjwvc3ZnPg==\" style=\"--smush-placeholder-width: 640px; --smush-placeholder-aspect-ratio: 640\/420;\" \/><\/a><\/figure>\n\n\n\n<p><br>Posteriormente, la Direcci\u00f3n de Parques y Paseos realiz\u00f3 tareas de limpieza con rastrado y desmalezamiento de las zonas trabajadas.<br>Por ello, Juan Carlos Paz subsecretario de Higiene dijo que, \u201clos vecinos deben denunciar estas malas acciones, causadas por personas desaprensivas, que perjudican a todos los bande\u00f1os, y atentan contra las campa\u00f1as municipales que tienen como objetivo el cuidado del medioambiente y de la limpieza de la ciudad\u201d.<\/p>\n","protected":false},"excerpt":{"rendered":"<p>La Secretar\u00eda de Servicios P\u00fablicos y la Subsecretar\u00eda de Higiene de la Municipalidad de La Banda, desplegaron un gran operativo integral de higiene en inmediaciones de la calle 10 del barrio San Fernando.<\/p>\n","protected":false},"author":2,"featured_media":35612,"comment_status":"open","ping_status":"open","sticky":false,"template":"","format":"standard","meta":{"om_disable_all_campaigns":false,"_monsterinsights_skip_tracking":false,"_monsterinsights_sitenote_active":false,"_monsterinsights_sitenote_note":"","_monsterinsights_sitenote_category":0,"_uf_show_specific_survey":0,"_uf_disable_surveys":false,"jetpack_post_was_ever_published":false,"_jetpack_newsletter_access":"","_jetpack_dont_email_post_to_subs":false,"_jetpack_newsletter_tier_id":0,"_jetpack_memberships_contains_paywalled_content":false,"_jetpack_memberships_contains_paid_content":false,"footnotes":"","jetpack_publicize_message":"","jetpack_publicize_feature_enabled":true,"jetpack_social_post_already_shared":false,"jetpack_social_options":{"image_generator_settings":{"template":"highway","default_image_id":0,"font":"","enabled":false},"version":2}},"categories":[21],"tags":[],"class_list":["post-35611","post","type-post","status-publish","format-standard","has-post-thumbnail","hentry","category-locales"],"aioseo_notices":[],"views":11,"jetpack_publicize_connections":[],"jetpack_featured_media_url":"https:\/\/i0.wp.com\/elterritorialweb.com.ar\/web\/wp-content\/uploads\/2022\/02\/IMG-20220224-WA0013.jpg?fit=1087%2C713&ssl=1","jetpack_sharing_enabled":true,"_links":{"self":[{"href":"https:\/\/elterritorialweb.com.ar\/web\/wp-json\/wp\/v2\/posts\/35611","targetHints":{"allow":["GET"]}}],"collection":[{"href":"https:\/\/elterritorialweb.com.ar\/web\/wp-json\/wp\/v2\/posts"}],"about":[{"href":"https:\/\/elterritorialweb.com.ar\/web\/wp-json\/wp\/v2\/types\/post"}],"author":[{"embeddable":true,"href":"https:\/\/elterritorialweb.com.ar\/web\/wp-json\/wp\/v2\/users\/2"}],"replies":[{"embeddable":true,"href":"https:\/\/elterritorialweb.com.ar\/web\/wp-json\/wp\/v2\/comments?post=35611"}],"version-history":[{"count":2,"href":"https:\/\/elterritorialweb.com.ar\/web\/wp-json\/wp\/v2\/posts\/35611\/revisions"}],"predecessor-version":[{"id":35615,"href":"https:\/\/elterritorialweb.com.ar\/web\/wp-json\/wp\/v2\/posts\/35611\/revisions\/35615"}],"wp:featuredmedia":[{"embeddable":true,"href":"https:\/\/elterritorialweb.com.ar\/web\/wp-json\/wp\/v2\/media\/35612"}],"wp:attachment":[{"href":"https:\/\/elterritorialweb.com.ar\/web\/wp-json\/wp\/v2\/media?parent=35611"}],"wp:term":[{"taxonomy":"category","embeddable":true,"href":"https:\/\/elterritorialweb.com.ar\/web\/wp-json\/wp\/v2\/categories?post=35611"},{"taxonomy":"post_tag","embeddable":true,"href":"https:\/\/elterritorialweb.com.ar\/web\/wp-json\/wp\/v2\/tags?post=35611"}],"curies":[{"name":"wp","href":"https:\/\/api.w.org\/{rel}","templated":true}]}}