{"id":35616,"date":"2022-02-24T18:19:24","date_gmt":"2022-02-24T18:19:24","guid":{"rendered":"http:\/\/elterritorialweb.com.ar\/web\/?p=35616"},"modified":"2022-02-24T18:19:24","modified_gmt":"2022-02-24T18:19:24","slug":"cerruti-no-vamos-a-apoyar-ninguna-guerra-empezada-por-ningun-pais-en-ninguna-parte-del-mundo","status":"publish","type":"post","link":"https:\/\/elterritorialweb.com.ar\/web\/cerruti-no-vamos-a-apoyar-ninguna-guerra-empezada-por-ningun-pais-en-ninguna-parte-del-mundo\/","title":{"rendered":"CERRUTI: \u00abNO VAMOS A APOYAR NINGUNA GUERRA, EMPEZADA POR NING\u00daN PA\u00cdS, EN NINGUNA PARTE DEL MUNDO\u00bb"},"content":{"rendered":"\n<p>\u201cNo vamos a apoyar ninguna guerra, empezada por ning\u00fan pa\u00eds, en ninguna parte del mundo\u201d, enfatiz\u00f3 la funcionaria en la habitual conferencia de prensa semanal que brinda desde la Casa Rosada. El documento que sienta la posici\u00f3n oficial del gobierno argentino puntualiza que \u201clas soluciones justas y duraderas s\u00f3lo se alcanzan por medio del di\u00e1logo y compromisos mutuos que aseguren la esencial convivencia pac\u00edfica\u201d.<\/p>\n\n\n\n<p>Y \u201creitera la necesidad del pleno apego a todos los principios consagrados en la carta de las Naciones Unidas, sin ambig\u00fcedades ni dando preeminencia a unos sobre otros, con pleno respeto del derecho internacional, a la soberan\u00eda de los Estados y su integridad territorial, la soluci\u00f3n pac\u00edfica de las controversias y el pleno y profundo respeto por los derechos humanos\u201d.<\/p>\n\n\n\n<p>En la nota, la Argentina \u201creafirma su compromiso y confianza en que puedan activarse para ello todos los mecanismos de la comunidad internacional, con activa participaci\u00f3n de las Naciones Unidas\u201d.<\/p>\n\n\n\n<p>\u201cLa intensificaci\u00f3n de los vientos de guerra dificulta gravemente el objetivo impostergable de preservar la vida; es imprescindible que todos los involucrados act\u00faen con la mayor prudencia y desescalar ya mismo el conflicto en todas sus aristas para garantizar la paz y la seguridad integral de todas las naciones\u201d, reclama el texto.<\/p>\n\n\n\n<p>Al ser consultada por los periodistas acreditados en la Casa de Gobierno, la funcionaria explic\u00f3 que \u201cla Argentina sostiene su posici\u00f3n hist\u00f3rica de bregar por la paz, como toda Latinoam\u00e9rica, que es tierra de paz y brega por el cese de los conflictos. Este es un tema en el cual estamos siendo muy contundentes\u201d.<\/p>\n\n\n\n<p>\u201cEsta es una situaci\u00f3n que no afecta a la relaci\u00f3n de Argentina y Rusia, sino al mundo en su conjunto, y por lo tanto es una situaci\u00f3n que nos preocupa y que nos compromete en su resoluci\u00f3n\u201d, a\u00f1adi\u00f3 Cerruti.<\/p>\n\n\n\n<p>Detall\u00f3 que en Ucrania viven 83 residentes argentinos y hay 20 m\u00e1s que est\u00e1n en tr\u00e1nsito, y explic\u00f3 que la Embajada argentina en ese pa\u00eds \u201cse est\u00e1 haciendo cargo de monitorear la situaci\u00f3n de todos ellos\u201d.<\/p>\n\n\n\n<p>Al responder por las implicancias de la guerra para el pa\u00eds, se\u00f1al\u00f3 que \u201ctodo conflicto trae dificultades econ\u00f3micas\u201d, y subray\u00f3 que \u201cel precio del gas y del petr\u00f3leo traer\u00e1n un nuevo escenario econ\u00f3mico del que nos haremos cargo\u201d.<\/p>\n\n\n\n<p>\u201cNo vamos a apoyar ninguna guerra, empezada por ning\u00fan pa\u00eds, en ninguna parte del mundo\u201d, ratific\u00f3.<\/p>\n\n\n\n<p>Sobre la negociaci\u00f3n por la deuda contra\u00edda por la administraci\u00f3n de Mauricio Macri con el FMI, precis\u00f3 que es llevada adelante por el ministro de Econom\u00eda, Mart\u00edn Guzm\u00e1n, y el staff del organismo de cr\u00e9dito. \u201cSomos optimistas en que llegaremos pronto a finalizarlo\u201d. respondi\u00f3.<\/p>\n\n\n\n<p>\u201cTenemos alg\u00fan tipo de diferencia en algunos puntos que tienen que ver con el sendero para alcanzar las metas fiscales, pero esperamos que esto se solucione pr\u00f3ximamente\u201d, dijo y asegur\u00f3 que \u201cuna vez que est\u00e9 el acuerdo, que esperamos que sea en los pr\u00f3ximos d\u00edas, va a ser enviado al Congreso de la Naci\u00f3n y debatido all\u00ed en toda su extensi\u00f3n\u201d.<\/p>\n\n\n\n<p>Y destac\u00f3 que \u201chemos alcanzado un entendimiento por el cual la Argentina no se compromete en nada que baje su gasto social, ni su gasto de capital, ni reformas jubilatorias o laborales, ni nada que implique alg\u00fan tipo de ajuste o ir en contra del crecimiento que est\u00e1 teniendo Argentina\u201d.<\/p>\n\n\n\n<p>Resalt\u00f3, en ese sentido, que \u201cel inicio del crecimiento en este a\u00f1o nos hace pensar que vamos a estar por arriba de las previsiones propias y de analistas internacionales\u201d. \u201cVamos a llevar adelante ese crecimiento con el mejor acuerdo que podamos alcanzar con el FMI sin comprometer el crecimiento ni la posibilidad de que cada vez est\u00e9n mejor los argentinos y argentinas\u201d, concluy\u00f3.<\/p>\n\n\n\n<p>Respecto a los incendios que afectan a la provincia de Corrientes desde hace varias semanas, se\u00f1al\u00f3 que \u201cse dio una tormenta perfecta, porque la sequ\u00eda, la crisis clim\u00e1tica, la falta de estructura propia de la provincia y la cantidad simult\u00e1nea de focos, la mayor\u00eda de ellos intencionales, hicieron que la Naci\u00f3n, varias provincias y pa\u00edses lim\u00edtrofes tuvieran que llegar para intentar hacer frente a esto que es sin dudas una tragedia ecol\u00f3gica como tal vez no vimos en la Argentina en el \u00faltimo tiempo y que va a llevar much\u00edsimo de reconstrucci\u00f3n, tanto en cuanto a la flora, la fauna y las reservas naturales de Corrientes, como en el caso productivo\u201d.<\/p>\n\n\n\n<p>En ese sentido, precis\u00f3 que ma\u00f1ana el presidente Alberto Fern\u00e1ndez visitar\u00e1 la provincia mesopot\u00e1mica donde junto a su gobernador supervisar\u00e1 las zonas afectadas por el fuego, para ver de manera coordinada c\u00f3mo \u201creconstruir ese entramado productivo que ha quedado muy golpeado\u201d.<\/p>\n\n\n\n<p>\u201cYa es hora de que dejemos de hablar de la crisis clim\u00e1tica como algo que va a pasar en el futuro. Es algo que ya est\u00e1 sucediendo\u201d, advirti\u00f3, y al mismo tiempo aclar\u00f3 que el \u00e1rea de manejo del fuego \u201cno hab\u00eda comprado insumos durante los cuatro a\u00f1os del gobierno de Mauricio Macri y ten\u00eda su presupuesto completamente subejecutado\u201d.<\/p>\n\n\n\n<p>\u201cVotamos en el Congreso la Ley de Fuego, que busca penalizar a quienes inicien incendios, y desde que el Plan de Manejo del Fuego pas\u00f3 al Ministerio de Ambiente, desde que se le otorg\u00f3 presupuesto y se lo convirti\u00f3 en una pol\u00edtica de Estado prioridad del gobierno nacional, tenemos recursos para atender a varias provincias al mismo tiempo\u201d, enfatiz\u00f3.<\/p>\n","protected":false},"excerpt":{"rendered":"<p>La portavoz de Presidencia, Gabriela Cerruti, ley\u00f3 esta ma\u00f1ana un comunicado emitido por el Ministerio de Relaciones Exteriores, Comercio Internacional y Culto sobre el conflicto b\u00e9lico entre Rusia y Ucrania, en el cual \u201cla Argentina, fiel a los principios m\u00e1s esenciales de la convivencia internacional, hace su m\u00e1s firme rechazo al uso de la fuerza armada y lamenta profundamente la escalada de la situaci\u00f3n\u201d.<\/p>\n","protected":false},"author":2,"featured_media":35617,"comment_status":"open","ping_status":"open","sticky":false,"template":"","format":"standard","meta":{"om_disable_all_campaigns":false,"_monsterinsights_skip_tracking":false,"_monsterinsights_sitenote_active":false,"_monsterinsights_sitenote_note":"","_monsterinsights_sitenote_category":0,"_uf_show_specific_survey":0,"_uf_disable_surveys":false,"jetpack_post_was_ever_published":false,"_jetpack_newsletter_access":"","_jetpack_dont_email_post_to_subs":false,"_jetpack_newsletter_tier_id":0,"_jetpack_memberships_contains_paywalled_content":false,"_jetpack_memberships_contains_paid_content":false,"footnotes":"","jetpack_publicize_message":"","jetpack_publicize_feature_enabled":true,"jetpack_social_post_already_shared":false,"jetpack_social_options":{"image_generator_settings":{"template":"highway","default_image_id":0,"font":"","enabled":false},"version":2}},"categories":[18],"tags":[],"class_list":["post-35616","post","type-post","status-publish","format-standard","has-post-thumbnail","hentry","category-politica"],"aioseo_notices":[],"views":8,"jetpack_publicize_connections":[],"jetpack_featured_media_url":"https:\/\/i0.wp.com\/elterritorialweb.com.ar\/web\/wp-content\/uploads\/2022\/02\/gcerruti.jpg?fit=1940%2C1293&ssl=1","jetpack_sharing_enabled":true,"_links":{"self":[{"href":"https:\/\/elterritorialweb.com.ar\/web\/wp-json\/wp\/v2\/posts\/35616","targetHints":{"allow":["GET"]}}],"collection":[{"href":"https:\/\/elterritorialweb.com.ar\/web\/wp-json\/wp\/v2\/posts"}],"about":[{"href":"https:\/\/elterritorialweb.com.ar\/web\/wp-json\/wp\/v2\/types\/post"}],"author":[{"embeddable":true,"href":"https:\/\/elterritorialweb.com.ar\/web\/wp-json\/wp\/v2\/users\/2"}],"replies":[{"embeddable":true,"href":"https:\/\/elterritorialweb.com.ar\/web\/wp-json\/wp\/v2\/comments?post=35616"}],"version-history":[{"count":1,"href":"https:\/\/elterritorialweb.com.ar\/web\/wp-json\/wp\/v2\/posts\/35616\/revisions"}],"predecessor-version":[{"id":35618,"href":"https:\/\/elterritorialweb.com.ar\/web\/wp-json\/wp\/v2\/posts\/35616\/revisions\/35618"}],"wp:featuredmedia":[{"embeddable":true,"href":"https:\/\/elterritorialweb.com.ar\/web\/wp-json\/wp\/v2\/media\/35617"}],"wp:attachment":[{"href":"https:\/\/elterritorialweb.com.ar\/web\/wp-json\/wp\/v2\/media?parent=35616"}],"wp:term":[{"taxonomy":"category","embeddable":true,"href":"https:\/\/elterritorialweb.com.ar\/web\/wp-json\/wp\/v2\/categories?post=35616"},{"taxonomy":"post_tag","embeddable":true,"href":"https:\/\/elterritorialweb.com.ar\/web\/wp-json\/wp\/v2\/tags?post=35616"}],"curies":[{"name":"wp","href":"https:\/\/api.w.org\/{rel}","templated":true}]}}