{"id":35619,"date":"2022-02-24T19:28:05","date_gmt":"2022-02-24T19:28:05","guid":{"rendered":"http:\/\/elterritorialweb.com.ar\/web\/?p=35619"},"modified":"2022-02-24T19:28:06","modified_gmt":"2022-02-24T19:28:06","slug":"ratifican-a-claudia-de-zamora-como-presidenta-provisional-del-senado","status":"publish","type":"post","link":"https:\/\/elterritorialweb.com.ar\/web\/ratifican-a-claudia-de-zamora-como-presidenta-provisional-del-senado\/","title":{"rendered":"RATIFICAN A CLAUDIA DE ZAMORA COMO PRESIDENTA PROVISIONAL DEL SENADO"},"content":{"rendered":"\n<p>El Senador nacional Jos\u00e9 Emilio Meter, se refiri\u00f3 al respecto: <em>\u00abEs un merecido reconocimiento y ratificaci\u00f3n de confianza a quien se viene desempe\u00f1ando con acierto y responsabilidad en la funci\u00f3n\u00bb.<\/em><\/p>\n\n\n\n<p><em>\u00abNos enorgullece que una comprovinciana ocupe ese lugar institucional tan destacado, haci\u00e9ndolo con capacidad y mucho trabajo\u00bb<\/em>, expreso el senador nacional<\/p>\n\n\n\n<p><em>\u00abNuestro compromiso desde el Senado de la Naci\u00f3n seguir\u00e1 siendo la defensa de los intereses de Santiago del Estero, en el marco del proyecto de unidad que llevamos adelante junto al gobernador Gerardo Zamora, trabajando todos los d\u00edas para que cada santiague\u00f1o, viva en el lugar que viva de nuestro territorio, tenga dignidad, esperanza y futuro\u00bb, <\/em>afirm\u00f3 Neder.<\/p>\n","protected":false},"excerpt":{"rendered":"<p>Tras participar este jueves, en la Sesi\u00f3n Preparatoria del Senado, ratificaron a la senadora Claudia de Zamora como presidenta provisional.<\/p>\n","protected":false},"author":2,"featured_media":35621,"comment_status":"open","ping_status":"open","sticky":false,"template":"","format":"standard","meta":{"om_disable_all_campaigns":false,"_monsterinsights_skip_tracking":false,"_monsterinsights_sitenote_active":false,"_monsterinsights_sitenote_note":"","_monsterinsights_sitenote_category":0,"_uf_show_specific_survey":0,"_uf_disable_surveys":false,"jetpack_post_was_ever_published":false,"_jetpack_newsletter_access":"","_jetpack_dont_email_post_to_subs":false,"_jetpack_newsletter_tier_id":0,"_jetpack_memberships_contains_paywalled_content":false,"_jetpack_memberships_contains_paid_content":false,"footnotes":"","jetpack_publicize_message":"","jetpack_publicize_feature_enabled":true,"jetpack_social_post_already_shared":false,"jetpack_social_options":{"image_generator_settings":{"template":"highway","default_image_id":0,"font":"","enabled":false},"version":2}},"categories":[18],"tags":[],"class_list":["post-35619","post","type-post","status-publish","format-standard","has-post-thumbnail","hentry","category-politica"],"aioseo_notices":[],"views":14,"jetpack_publicize_connections":[],"jetpack_featured_media_url":"https:\/\/i0.wp.com\/elterritorialweb.com.ar\/web\/wp-content\/uploads\/2022\/02\/FB_IMG_16457307413712.jpg?fit=359%2C324&ssl=1","jetpack_sharing_enabled":true,"_links":{"self":[{"href":"https:\/\/elterritorialweb.com.ar\/web\/wp-json\/wp\/v2\/posts\/35619","targetHints":{"allow":["GET"]}}],"collection":[{"href":"https:\/\/elterritorialweb.com.ar\/web\/wp-json\/wp\/v2\/posts"}],"about":[{"href":"https:\/\/elterritorialweb.com.ar\/web\/wp-json\/wp\/v2\/types\/post"}],"author":[{"embeddable":true,"href":"https:\/\/elterritorialweb.com.ar\/web\/wp-json\/wp\/v2\/users\/2"}],"replies":[{"embeddable":true,"href":"https:\/\/elterritorialweb.com.ar\/web\/wp-json\/wp\/v2\/comments?post=35619"}],"version-history":[{"count":1,"href":"https:\/\/elterritorialweb.com.ar\/web\/wp-json\/wp\/v2\/posts\/35619\/revisions"}],"predecessor-version":[{"id":35622,"href":"https:\/\/elterritorialweb.com.ar\/web\/wp-json\/wp\/v2\/posts\/35619\/revisions\/35622"}],"wp:featuredmedia":[{"embeddable":true,"href":"https:\/\/elterritorialweb.com.ar\/web\/wp-json\/wp\/v2\/media\/35621"}],"wp:attachment":[{"href":"https:\/\/elterritorialweb.com.ar\/web\/wp-json\/wp\/v2\/media?parent=35619"}],"wp:term":[{"taxonomy":"category","embeddable":true,"href":"https:\/\/elterritorialweb.com.ar\/web\/wp-json\/wp\/v2\/categories?post=35619"},{"taxonomy":"post_tag","embeddable":true,"href":"https:\/\/elterritorialweb.com.ar\/web\/wp-json\/wp\/v2\/tags?post=35619"}],"curies":[{"name":"wp","href":"https:\/\/api.w.org\/{rel}","templated":true}]}}