{"id":35623,"date":"2022-02-24T19:38:36","date_gmt":"2022-02-24T19:38:36","guid":{"rendered":"http:\/\/elterritorialweb.com.ar\/web\/?p=35623"},"modified":"2022-02-24T19:38:36","modified_gmt":"2022-02-24T19:38:36","slug":"detienen-un-desmonte-ilegal-en-el-departamento-jimenez","status":"publish","type":"post","link":"https:\/\/elterritorialweb.com.ar\/web\/detienen-un-desmonte-ilegal-en-el-departamento-jimenez\/","title":{"rendered":"DETIENEN UN DESMONTE ILEGAL EN EL DEPARTAMENTO JIM\u00c9NEZ"},"content":{"rendered":"\n<p>Una topadora D7 con rolo de 5 metros que realizaba actividades ilegales, fue secuestrada por inspectores de la Direcci\u00f3n de Bosques y Fauna, perteneciente al Ministerio de Producci\u00f3n de la provincia.<br>T\u00e9cnicos del Organismo observaron a trav\u00e9s del SAT (Sistema de Alerta Temprana de Deforestaci\u00f3n) im\u00e1genes de un desmonte de aproximadamente 100 has en un inmueble de la localidad de Las Puertas, Departamento Jim\u00e9nez.<\/p>\n\n\n\n<figure class=\"wp-block-image size-large\"><a href=\"https:\/\/i0.wp.com\/elterritorialweb.com.ar\/web\/wp-content\/uploads\/2022\/02\/desmonte.jpeg\"><img data-recalc-dims=\"1\" decoding=\"async\" width=\"640\" height=\"480\" data-src=\"https:\/\/i0.wp.com\/elterritorialweb.com.ar\/web\/wp-content\/uploads\/2022\/02\/desmonte.jpeg?resize=640%2C480\" alt=\"\" class=\"wp-image-35625 lazyload\" data-srcset=\"https:\/\/i0.wp.com\/elterritorialweb.com.ar\/web\/wp-content\/uploads\/2022\/02\/desmonte.jpeg?resize=1024%2C768&amp;ssl=1 1024w, https:\/\/i0.wp.com\/elterritorialweb.com.ar\/web\/wp-content\/uploads\/2022\/02\/desmonte.jpeg?resize=300%2C225&amp;ssl=1 300w, https:\/\/i0.wp.com\/elterritorialweb.com.ar\/web\/wp-content\/uploads\/2022\/02\/desmonte.jpeg?resize=768%2C576&amp;ssl=1 768w, https:\/\/i0.wp.com\/elterritorialweb.com.ar\/web\/wp-content\/uploads\/2022\/02\/desmonte.jpeg?w=1280&amp;ssl=1 1280w\" data-sizes=\"(max-width: 640px) 100vw, 640px\" src=\"data:image\/svg+xml;base64,PHN2ZyB3aWR0aD0iMSIgaGVpZ2h0PSIxIiB4bWxucz0iaHR0cDovL3d3dy53My5vcmcvMjAwMC9zdmciPjwvc3ZnPg==\" style=\"--smush-placeholder-width: 640px; --smush-placeholder-aspect-ratio: 640\/480;\" \/><\/a><\/figure>\n\n\n\n<p>Luego en el campo vecino se observ\u00f3 desarbustado del tipo silvo pastoril sin la autorizaci\u00f3n correspondiente. Durante el operativo se secuestr\u00f3 un tractor forestal marca Zanello y 2 rolos de 3 y 4 m de ancho. Se procedi\u00f3 a paralizar la actividad, a labrar las actas de infracci\u00f3n a las Leyes Provinciales N\u00b06.841 y N\u00b06.942 y al secuestro de ambas m\u00e1quinas, quedando bajo custodia de la comisaria comunitaria N\u00ba 53 de El Bobadal.<br>Por denuncias o consultas dirigirse a:<br>Direcci\u00f3n General de Bosques y Fauna, Independencia N\u00b0475. Tel. 421-8391<br>E-mail: bosquesyfauna@mproduccion.gob.ar<\/p>\n","protected":false},"excerpt":{"rendered":"<p>El operativo estuvo a cargo de T\u00e9cnicos de la Direcci\u00f3n de Bosques.<\/p>\n","protected":false},"author":2,"featured_media":35624,"comment_status":"open","ping_status":"open","sticky":false,"template":"","format":"standard","meta":{"om_disable_all_campaigns":false,"_monsterinsights_skip_tracking":false,"_monsterinsights_sitenote_active":false,"_monsterinsights_sitenote_note":"","_monsterinsights_sitenote_category":0,"_uf_show_specific_survey":0,"_uf_disable_surveys":false,"jetpack_post_was_ever_published":false,"_jetpack_newsletter_access":"","_jetpack_dont_email_post_to_subs":false,"_jetpack_newsletter_tier_id":0,"_jetpack_memberships_contains_paywalled_content":false,"_jetpack_memberships_contains_paid_content":false,"footnotes":"","jetpack_publicize_message":"","jetpack_publicize_feature_enabled":true,"jetpack_social_post_already_shared":false,"jetpack_social_options":{"image_generator_settings":{"template":"highway","default_image_id":0,"font":"","enabled":false},"version":2}},"categories":[21],"tags":[],"class_list":["post-35623","post","type-post","status-publish","format-standard","has-post-thumbnail","hentry","category-locales"],"aioseo_notices":[],"views":14,"jetpack_publicize_connections":[],"jetpack_featured_media_url":"https:\/\/i0.wp.com\/elterritorialweb.com.ar\/web\/wp-content\/uploads\/2022\/02\/desmontes.jpeg?fit=957%2C464&ssl=1","jetpack_sharing_enabled":true,"_links":{"self":[{"href":"https:\/\/elterritorialweb.com.ar\/web\/wp-json\/wp\/v2\/posts\/35623","targetHints":{"allow":["GET"]}}],"collection":[{"href":"https:\/\/elterritorialweb.com.ar\/web\/wp-json\/wp\/v2\/posts"}],"about":[{"href":"https:\/\/elterritorialweb.com.ar\/web\/wp-json\/wp\/v2\/types\/post"}],"author":[{"embeddable":true,"href":"https:\/\/elterritorialweb.com.ar\/web\/wp-json\/wp\/v2\/users\/2"}],"replies":[{"embeddable":true,"href":"https:\/\/elterritorialweb.com.ar\/web\/wp-json\/wp\/v2\/comments?post=35623"}],"version-history":[{"count":1,"href":"https:\/\/elterritorialweb.com.ar\/web\/wp-json\/wp\/v2\/posts\/35623\/revisions"}],"predecessor-version":[{"id":35626,"href":"https:\/\/elterritorialweb.com.ar\/web\/wp-json\/wp\/v2\/posts\/35623\/revisions\/35626"}],"wp:featuredmedia":[{"embeddable":true,"href":"https:\/\/elterritorialweb.com.ar\/web\/wp-json\/wp\/v2\/media\/35624"}],"wp:attachment":[{"href":"https:\/\/elterritorialweb.com.ar\/web\/wp-json\/wp\/v2\/media?parent=35623"}],"wp:term":[{"taxonomy":"category","embeddable":true,"href":"https:\/\/elterritorialweb.com.ar\/web\/wp-json\/wp\/v2\/categories?post=35623"},{"taxonomy":"post_tag","embeddable":true,"href":"https:\/\/elterritorialweb.com.ar\/web\/wp-json\/wp\/v2\/tags?post=35623"}],"curies":[{"name":"wp","href":"https:\/\/api.w.org\/{rel}","templated":true}]}}