{"id":35630,"date":"2022-02-25T02:29:00","date_gmt":"2022-02-25T02:29:00","guid":{"rendered":"http:\/\/elterritorialweb.com.ar\/web\/?p=35630"},"modified":"2022-02-25T02:29:09","modified_gmt":"2022-02-25T02:29:09","slug":"inauguran-la-unidad-respiratoria-en-el-hospital-zonal-de-fernandez","status":"publish","type":"post","link":"https:\/\/elterritorialweb.com.ar\/web\/inauguran-la-unidad-respiratoria-en-el-hospital-zonal-de-fernandez\/","title":{"rendered":"INAUGURAN LA UNIDAD RESPIRATORIA EN EL HOSPITAL ZONAL DE FERN\u00c1NDEZ"},"content":{"rendered":"\n<p>Del acto participaron la Ministra de Salud Lic. Natividad Nassif, el Subsecretario de Salud Dr. C\u00e9sar Monti, la Directora General del Interior, Dra. Graciela Alzogaray, el Director del nosocomio Dr. Walter Galvan y la Coordinadora de Zona Lic. Gabriela Alzogaray.<\/p>\n\n\n\n<figure class=\"wp-block-image size-full\"><a href=\"https:\/\/i0.wp.com\/elterritorialweb.com.ar\/web\/wp-content\/uploads\/2022\/02\/FB_IMG_1645754979936.jpg\"><img data-recalc-dims=\"1\" decoding=\"async\" width=\"640\" height=\"480\" data-src=\"https:\/\/i0.wp.com\/elterritorialweb.com.ar\/web\/wp-content\/uploads\/2022\/02\/FB_IMG_1645754979936.jpg?resize=640%2C480\" alt=\"\" class=\"wp-image-35632 lazyload\" data-srcset=\"https:\/\/i0.wp.com\/elterritorialweb.com.ar\/web\/wp-content\/uploads\/2022\/02\/FB_IMG_1645754979936.jpg?w=720&amp;ssl=1 720w, https:\/\/i0.wp.com\/elterritorialweb.com.ar\/web\/wp-content\/uploads\/2022\/02\/FB_IMG_1645754979936.jpg?resize=300%2C225&amp;ssl=1 300w\" data-sizes=\"(max-width: 640px) 100vw, 640px\" src=\"data:image\/svg+xml;base64,PHN2ZyB3aWR0aD0iMSIgaGVpZ2h0PSIxIiB4bWxucz0iaHR0cDovL3d3dy53My5vcmcvMjAwMC9zdmciPjwvc3ZnPg==\" style=\"--smush-placeholder-width: 640px; --smush-placeholder-aspect-ratio: 640\/480;\" \/><\/a><\/figure>\n\n\n\n<p>La <strong>Ministra de Salud, Lic. Nassif<\/strong>, se refiri\u00f3 al trabajo del personal de salud durante la pandemia<em> \u201cen este \u00faltimo tiempo el sistema de salud comenz\u00f3 a tener en la sociedad un valor mayor al que ten\u00eda. Durante la pandemia hubo gran demanda al sistema sanitario y todos los que conformamos el sistema sanitario hemos podido dar respuesta. Santiago del Estero es una de las provincias que ha gestionado exitosamente lo que va de la pandemia y ha dado respuestas pertinentes en todos los niveles de atenci\u00f3n adapt\u00e1ndonos a las exigencias de cada situaci\u00f3n\u201d.<\/em><\/p>\n\n\n\n<figure class=\"wp-block-image size-full\"><a href=\"https:\/\/i0.wp.com\/elterritorialweb.com.ar\/web\/wp-content\/uploads\/2022\/02\/FB_IMG_1645754977367.jpg\"><img data-recalc-dims=\"1\" decoding=\"async\" width=\"640\" height=\"860\" data-src=\"https:\/\/i0.wp.com\/elterritorialweb.com.ar\/web\/wp-content\/uploads\/2022\/02\/FB_IMG_1645754977367.jpg?resize=640%2C860\" alt=\"\" class=\"wp-image-35633 lazyload\" data-srcset=\"https:\/\/i0.wp.com\/elterritorialweb.com.ar\/web\/wp-content\/uploads\/2022\/02\/FB_IMG_1645754977367.jpg?w=720&amp;ssl=1 720w, https:\/\/i0.wp.com\/elterritorialweb.com.ar\/web\/wp-content\/uploads\/2022\/02\/FB_IMG_1645754977367.jpg?resize=223%2C300&amp;ssl=1 223w\" data-sizes=\"(max-width: 640px) 100vw, 640px\" src=\"data:image\/svg+xml;base64,PHN2ZyB3aWR0aD0iMSIgaGVpZ2h0PSIxIiB4bWxucz0iaHR0cDovL3d3dy53My5vcmcvMjAwMC9zdmciPjwvc3ZnPg==\" style=\"--smush-placeholder-width: 640px; --smush-placeholder-aspect-ratio: 640\/860;\" \/><\/a><\/figure>\n\n\n\n<p>La Ministra continu\u00f3 <em>\u201chemos trabajado con dos concepciones, la del trabajo en equipo y trabajo en red, con el fin de compartir capacidades y dar respuesta a la gran demanda. Continuaremos trabajando con esta l\u00f3gica para el bien de nuestra poblaci\u00f3n y afrontando los desaf\u00edos que tenemos por delante.\u201d<\/em><\/p>\n\n\n\n<figure class=\"wp-block-image size-full\"><a href=\"https:\/\/i0.wp.com\/elterritorialweb.com.ar\/web\/wp-content\/uploads\/2022\/02\/FB_IMG_1645754962779.jpg\"><img data-recalc-dims=\"1\" decoding=\"async\" width=\"640\" height=\"480\" data-src=\"https:\/\/i0.wp.com\/elterritorialweb.com.ar\/web\/wp-content\/uploads\/2022\/02\/FB_IMG_1645754962779.jpg?resize=640%2C480\" alt=\"\" class=\"wp-image-35634 lazyload\" data-srcset=\"https:\/\/i0.wp.com\/elterritorialweb.com.ar\/web\/wp-content\/uploads\/2022\/02\/FB_IMG_1645754962779.jpg?w=720&amp;ssl=1 720w, https:\/\/i0.wp.com\/elterritorialweb.com.ar\/web\/wp-content\/uploads\/2022\/02\/FB_IMG_1645754962779.jpg?resize=300%2C225&amp;ssl=1 300w\" data-sizes=\"(max-width: 640px) 100vw, 640px\" src=\"data:image\/svg+xml;base64,PHN2ZyB3aWR0aD0iMSIgaGVpZ2h0PSIxIiB4bWxucz0iaHR0cDovL3d3dy53My5vcmcvMjAwMC9zdmciPjwvc3ZnPg==\" style=\"--smush-placeholder-width: 640px; --smush-placeholder-aspect-ratio: 640\/480;\" \/><\/a><\/figure>\n\n\n\n<p>Por su parte, el <strong>Subsecretario de Salud Dr. Monti<\/strong>, hizo hincapi\u00e9 en el trabajo en red que llevan a cabo desde la provincia, <em>\u201cSantiago del Estero posee una extensa ruralidad donde la poblaci\u00f3n se encuentra en lugares distantes. Nuestro objetivo es poder llegar a cada una de las personas con todos los recursos, armando una red de trabajo con las postas sanitarias, hospitales zonales y distritales. Hoy inauguramos una unidad respiratoria con caracter\u00edsticas modernas que evidencia la pol\u00edtica de estado que es la salud\u201d.<\/em><\/p>\n\n\n\n<figure class=\"wp-block-image size-full\"><a href=\"https:\/\/i0.wp.com\/elterritorialweb.com.ar\/web\/wp-content\/uploads\/2022\/02\/FB_IMG_1645754955053.jpg\"><img data-recalc-dims=\"1\" decoding=\"async\" width=\"640\" height=\"480\" data-src=\"https:\/\/i0.wp.com\/elterritorialweb.com.ar\/web\/wp-content\/uploads\/2022\/02\/FB_IMG_1645754955053.jpg?resize=640%2C480\" alt=\"\" class=\"wp-image-35635 lazyload\" data-srcset=\"https:\/\/i0.wp.com\/elterritorialweb.com.ar\/web\/wp-content\/uploads\/2022\/02\/FB_IMG_1645754955053.jpg?w=720&amp;ssl=1 720w, https:\/\/i0.wp.com\/elterritorialweb.com.ar\/web\/wp-content\/uploads\/2022\/02\/FB_IMG_1645754955053.jpg?resize=300%2C225&amp;ssl=1 300w\" data-sizes=\"(max-width: 640px) 100vw, 640px\" src=\"data:image\/svg+xml;base64,PHN2ZyB3aWR0aD0iMSIgaGVpZ2h0PSIxIiB4bWxucz0iaHR0cDovL3d3dy53My5vcmcvMjAwMC9zdmciPjwvc3ZnPg==\" style=\"--smush-placeholder-width: 640px; --smush-placeholder-aspect-ratio: 640\/480;\" \/><\/a><\/figure>\n\n\n\n<p>Para finalizar el <strong>Director del Hospital Zonal, Dr. Walter Galv\u00e1n<\/strong>, coment\u00f3 acerca de la unidad respiratoria inaugurada: <em>\u201cen vista de que este es un hospital zonal y que ya pose\u00edamos una sala de internaci\u00f3n para pacientes con COVID-19 que no se encontraban en estado cr\u00edtico, decidimos darle m\u00e1s aparatolog\u00eda a estos pacientes que padezcan el virus. Asimismo, podemos recibir cualquier paciente que padezca una enfermedad respiratoria. Cada cama de esta unidad posee su monitor multiparam\u00e9trico, tambi\u00e9n contamos con concentradores de ox\u00edgeno y respiradores de c\u00e1nulas\u201d.<\/em><\/p>\n","protected":false},"excerpt":{"rendered":"<p>Se trata de la nueva unidad respiratoria del hospital zonal Rudesindo del Valle Cazzaniga, y cuenta con la capacidad para 16 personas.<\/p>\n","protected":false},"author":2,"featured_media":35636,"comment_status":"open","ping_status":"open","sticky":false,"template":"","format":"standard","meta":{"om_disable_all_campaigns":false,"_monsterinsights_skip_tracking":false,"_monsterinsights_sitenote_active":false,"_monsterinsights_sitenote_note":"","_monsterinsights_sitenote_category":0,"_uf_show_specific_survey":0,"_uf_disable_surveys":false,"jetpack_post_was_ever_published":false,"_jetpack_newsletter_access":"","_jetpack_dont_email_post_to_subs":false,"_jetpack_newsletter_tier_id":0,"_jetpack_memberships_contains_paywalled_content":false,"_jetpack_memberships_contains_paid_content":false,"footnotes":"","jetpack_publicize_message":"","jetpack_publicize_feature_enabled":true,"jetpack_social_post_already_shared":false,"jetpack_social_options":{"image_generator_settings":{"template":"highway","default_image_id":0,"font":"","enabled":false},"version":2}},"categories":[3],"tags":[],"class_list":["post-35630","post","type-post","status-publish","format-standard","has-post-thumbnail","hentry","category-salud"],"aioseo_notices":[],"views":10,"jetpack_publicize_connections":[],"jetpack_featured_media_url":"https:\/\/i0.wp.com\/elterritorialweb.com.ar\/web\/wp-content\/uploads\/2022\/02\/FB_IMG_1645754993595-1.jpg?fit=720%2C540&ssl=1","jetpack_sharing_enabled":true,"_links":{"self":[{"href":"https:\/\/elterritorialweb.com.ar\/web\/wp-json\/wp\/v2\/posts\/35630","targetHints":{"allow":["GET"]}}],"collection":[{"href":"https:\/\/elterritorialweb.com.ar\/web\/wp-json\/wp\/v2\/posts"}],"about":[{"href":"https:\/\/elterritorialweb.com.ar\/web\/wp-json\/wp\/v2\/types\/post"}],"author":[{"embeddable":true,"href":"https:\/\/elterritorialweb.com.ar\/web\/wp-json\/wp\/v2\/users\/2"}],"replies":[{"embeddable":true,"href":"https:\/\/elterritorialweb.com.ar\/web\/wp-json\/wp\/v2\/comments?post=35630"}],"version-history":[{"count":1,"href":"https:\/\/elterritorialweb.com.ar\/web\/wp-json\/wp\/v2\/posts\/35630\/revisions"}],"predecessor-version":[{"id":35637,"href":"https:\/\/elterritorialweb.com.ar\/web\/wp-json\/wp\/v2\/posts\/35630\/revisions\/35637"}],"wp:featuredmedia":[{"embeddable":true,"href":"https:\/\/elterritorialweb.com.ar\/web\/wp-json\/wp\/v2\/media\/35636"}],"wp:attachment":[{"href":"https:\/\/elterritorialweb.com.ar\/web\/wp-json\/wp\/v2\/media?parent=35630"}],"wp:term":[{"taxonomy":"category","embeddable":true,"href":"https:\/\/elterritorialweb.com.ar\/web\/wp-json\/wp\/v2\/categories?post=35630"},{"taxonomy":"post_tag","embeddable":true,"href":"https:\/\/elterritorialweb.com.ar\/web\/wp-json\/wp\/v2\/tags?post=35630"}],"curies":[{"name":"wp","href":"https:\/\/api.w.org\/{rel}","templated":true}]}}