{"id":35644,"date":"2022-02-25T04:33:10","date_gmt":"2022-02-25T04:33:10","guid":{"rendered":"http:\/\/elterritorialweb.com.ar\/web\/?p=35644"},"modified":"2022-02-25T04:33:11","modified_gmt":"2022-02-25T04:33:11","slug":"la-municipalidad-entrego-premios-a-los-ganadores-del-concurso-de-poesia-clementina-rosa-quenel","status":"publish","type":"post","link":"https:\/\/elterritorialweb.com.ar\/web\/la-municipalidad-entrego-premios-a-los-ganadores-del-concurso-de-poesia-clementina-rosa-quenel\/","title":{"rendered":"LA MUNICIPALIDAD ENTREG\u00d3 PREMIOS A LOS GANADORES DEL CONCURSO DE POES\u00cdA \u00abCLEMENTINA ROSA QUENEL\u00bb"},"content":{"rendered":"\n<p>En representaci\u00f3n de la intendente, Ing. Norma Fuentes, asistieron la secretaria de Coordinaci\u00f3n de Gabinete, Dra. Alejandra Yoshitake; el secretario de Gobierno, Ing. N\u00e9stor Machado; el subsecretario de Cultura y Turismo, Arq. Rodolfo Legname y el director de Cultura, Francisco Avenda\u00f1o, quienes destacaron la apertura de estos espacios art\u00edsticos por parte de la comuna.<br>Tambi\u00e9n recibieron distinciones especiales las obras \u201cLa Puerta Interrumpida\u201d de Elisa Marina P\u00edcoli y \u201cEscalpelo\u201d de Ezequiel Eduardo \u00c1lvarez.<br>El trabajo literario fue elegido de manera un\u00e1nime por el jurado constituido por la Prof. Marta Graciela Terrera, el Lic. Leandro Manuel Calle y el Sr. Julio Salgado.<br>Tras la entrega de las plaquetas de reconocimiento a los ganadores, el Ing. Machado llev\u00f3 el saludo de la Intendente Fuentes a los presentes y resalt\u00f3: \u201cQueremos destacar el concurso, que se han cumplido las metas del municipio, dentro de la propuesta de incorporar producciones literarias y transmitir a trav\u00e9s de la poes\u00eda nuestra visi\u00f3n cultural\u201d.<br>El funcionario tambi\u00e9n puso de relieve la convocatoria de autores j\u00f3venes que logr\u00f3 el concurso y que recibieron el reconocimiento en \u00e9sta edici\u00f3n.<br>En el final, Gabriela \u00c1lvarez, la ganadora agradeci\u00f3 a la Municipalidad por el impulso a la actividad literaria. \u201cMe siento muy afortunada de recibir \u00e9ste premio y eso nos mucha energ\u00eda, mucha fuerza, y nos permite ir hacia donde la palabra nos lleva\u201d, indic\u00f3.<\/p>\n","protected":false},"excerpt":{"rendered":"<p>Con la presencia de autoridades de la Capital, en la sede de la Casa Arga\u00f1araz Alcorta, se entreg\u00f3 el premio a la obra ganadora del Concurso de Libro de Poes\u00eda \u201cClementina Rosa Quenel\u201d, \u201cLa Mujer Suelta\u201d, de autor\u00eda de la poeta santiague\u00f1a Gabriela \u00c1lvarez y cuyo reconocimiento ser\u00e1 acompa\u00f1ado por su respectiva publicaci\u00f3n.<\/p>\n","protected":false},"author":2,"featured_media":35645,"comment_status":"open","ping_status":"open","sticky":false,"template":"","format":"standard","meta":{"om_disable_all_campaigns":false,"_monsterinsights_skip_tracking":false,"_monsterinsights_sitenote_active":false,"_monsterinsights_sitenote_note":"","_monsterinsights_sitenote_category":0,"_uf_show_specific_survey":0,"_uf_disable_surveys":false,"jetpack_post_was_ever_published":false,"_jetpack_newsletter_access":"","_jetpack_dont_email_post_to_subs":false,"_jetpack_newsletter_tier_id":0,"_jetpack_memberships_contains_paywalled_content":false,"_jetpack_memberships_contains_paid_content":false,"footnotes":"","jetpack_publicize_message":"","jetpack_publicize_feature_enabled":true,"jetpack_social_post_already_shared":false,"jetpack_social_options":{"image_generator_settings":{"template":"highway","default_image_id":0,"font":"","enabled":false},"version":2}},"categories":[21],"tags":[],"class_list":["post-35644","post","type-post","status-publish","format-standard","has-post-thumbnail","hentry","category-locales"],"aioseo_notices":[],"views":7,"jetpack_publicize_connections":[],"jetpack_featured_media_url":"https:\/\/i0.wp.com\/elterritorialweb.com.ar\/web\/wp-content\/uploads\/2022\/02\/premios-poesia.jpeg?fit=1280%2C710&ssl=1","jetpack_sharing_enabled":true,"_links":{"self":[{"href":"https:\/\/elterritorialweb.com.ar\/web\/wp-json\/wp\/v2\/posts\/35644","targetHints":{"allow":["GET"]}}],"collection":[{"href":"https:\/\/elterritorialweb.com.ar\/web\/wp-json\/wp\/v2\/posts"}],"about":[{"href":"https:\/\/elterritorialweb.com.ar\/web\/wp-json\/wp\/v2\/types\/post"}],"author":[{"embeddable":true,"href":"https:\/\/elterritorialweb.com.ar\/web\/wp-json\/wp\/v2\/users\/2"}],"replies":[{"embeddable":true,"href":"https:\/\/elterritorialweb.com.ar\/web\/wp-json\/wp\/v2\/comments?post=35644"}],"version-history":[{"count":1,"href":"https:\/\/elterritorialweb.com.ar\/web\/wp-json\/wp\/v2\/posts\/35644\/revisions"}],"predecessor-version":[{"id":35646,"href":"https:\/\/elterritorialweb.com.ar\/web\/wp-json\/wp\/v2\/posts\/35644\/revisions\/35646"}],"wp:featuredmedia":[{"embeddable":true,"href":"https:\/\/elterritorialweb.com.ar\/web\/wp-json\/wp\/v2\/media\/35645"}],"wp:attachment":[{"href":"https:\/\/elterritorialweb.com.ar\/web\/wp-json\/wp\/v2\/media?parent=35644"}],"wp:term":[{"taxonomy":"category","embeddable":true,"href":"https:\/\/elterritorialweb.com.ar\/web\/wp-json\/wp\/v2\/categories?post=35644"},{"taxonomy":"post_tag","embeddable":true,"href":"https:\/\/elterritorialweb.com.ar\/web\/wp-json\/wp\/v2\/tags?post=35644"}],"curies":[{"name":"wp","href":"https:\/\/api.w.org\/{rel}","templated":true}]}}